{"id":33050,"date":"2019-01-07T00:00:00","date_gmt":"2019-01-07T02:00:00","guid":{"rendered":"https:\/\/www.cnbb.org.br\/papa-francisco-no-angelus-como-os-tres-reis-magos-deixemo-nos-iluminar-pela-luz-de-jesus\/"},"modified":"2019-01-07T00:00:00","modified_gmt":"2019-01-07T02:00:00","slug":"papa-francisco-no-angelus-como-os-tres-reis-magos-deixemo-nos-iluminar-pela-luz-de-jesus","status":"publish","type":"post","link":"https:\/\/www.cnbb.org.br\/papa-francisco-no-angelus-como-os-tres-reis-magos-deixemo-nos-iluminar-pela-luz-de-jesus\/","title":{"rendered":"Papa Francisco no Angelus: como os tr\u00eas reis Magos, deixemo-nos iluminar pela luz de Jesus"},"content":{"rendered":"<p style=\"text-align: justify\">Ap\u00f3s a missa da Solenidade da Epifania do Senhor, celebrada na Bas\u00edlica de S\u00e3o Pedro, o Papa Francisco rezou a ora\u00e7\u00e3o mariana do Angelus, deste domingo (06\/01).<\/p>\n<p style=\"text-align: justify\">\u201cHoje, Solenidade da Epifania do Senhor, \u00e9 a festa da manifesta\u00e7\u00e3o de Jesus, simbolizada pela luz. Nos textos prof\u00e9ticos, esta luz \u00e9 promessa. Promete-se a luz. Isa\u00edas, de fato, se dirige a Jerusal\u00e9m com essas palavras: \u00abLevante-se, brilhe, pois chegou a sua luz, a gl\u00f3ria do Senhor brilha sobre voc\u00ea\u00bb\u201d, frisou o Pont\u00edfice em sua alocu\u00e7\u00e3o.<\/p>\n<p style=\"text-align: justify\"><strong>Ou\u00e7a a reportagem<\/strong><br \/>\nSegundo o Papa, \u201co convite do profeta a se levantar por que vem a luz aparece surpreendente, porque se insere depois do duro ex\u00edlio e das in\u00fameras opress\u00f5es que o povo havia vivido&#8221;.<\/p>\n<p style=\"text-align: justify\"><strong>Herodes e os escribas t\u00eam um cora\u00e7\u00e3o duro<\/strong><br \/>\n\u201cEste convite, hoje, ressoa tamb\u00e9m para n\u00f3s, que celebramos o Natal de Jesus e nos encoraja a deixar-nos alcan\u00e7ar pela luz de Bel\u00e9m. Tamb\u00e9m n\u00f3s fomos convidados a n\u00e3o nos deter nos sinais exteriores do acontecimento, mas a recome\u00e7ar dele e percorrer em novidade de vida o nosso caminho de homens e fi\u00e9is.\u201d<\/p>\n<p style=\"text-align: justify\">\u201cA luz que o profeta Isa\u00edas tinha preanunciado, no Evangelho est\u00e1 presente e foi encontrada. Jesus, nascido em Bel\u00e9m, cidade de Davi, veio para trazer a salva\u00e7\u00e3o aos pr\u00f3ximos e distantes: a todos. O evangelista Mateus mostra diversas maneiras com as quais se pode encontrar Cristo e reagir \u00e0 sua presen\u00e7a.\u201d<\/p>\n<p style=\"text-align: justify\">O Papa destacou que \u201cHerodes e os escribas de Jerusal\u00e9m t\u00eam um cora\u00e7\u00e3o duro, que se obstina e rejeita a visita daquele Menino. \u00c9 uma possibilidade, fechar-se para a luz. Eles representam os que, tamb\u00e9m nos nossos dias, t\u00eam medo da vinda de Jesus e fecham o cora\u00e7\u00e3o aos irm\u00e3os e \u00e0s irm\u00e3s que necessitam de ajuda. Herodes tem medo de perder o poder e n\u00e3o pensa no verdadeiro bem das pessoas, mas na pr\u00f3pria vantagem pessoal. Os escribas e os chefes do povo t\u00eam medo porque n\u00e3o sabem olhar al\u00e9m das pr\u00f3prias certezas, n\u00e3o conseguindo assim colher a novidade que est\u00e1 em Jesus.\u201d<\/p>\n<p style=\"text-align: justify\"><strong>Magos, abertos \u00e0 novidade<\/strong><br \/>\n\u201cBem diferente \u00e9 a experi\u00eancia dos Magos. Vindos do Oriente, eles representam todos os povos distantes da f\u00e9 hebraica tradicional. E mesmo assim, se deixam guiar pela estrela e enfrentam uma longa e arriscada viagem para chegar \u00e0 meta e conhecer a verdade sobre o Messias. Os Magos estavam abertos \u00e0 \u201cnovidade\u201d, e a eles se revela a maior e mais surpreendente novidade da hist\u00f3ria: Deus feito homem. Os Magos se prostram diante de Jesus e oferecem dons simb\u00f3licos: ouro, incenso e mirra; porque a busca do Senhor implica n\u00e3o somente a perseveran\u00e7a no caminho, mas tamb\u00e9m a generosidade do cora\u00e7\u00e3o.\u201d<\/p>\n<p style=\"text-align: justify\">\u201cPor fim, voltam para a sua terra\u00bb, e diz o Evangelho que eles voltaram \u201cpor outro caminho\u201d, disse Francisco.<\/p>\n<p style=\"text-align: justify\">\u201c Irm\u00e3os e irm\u00e3s, toda vez que um homem e uma mulher encontra Jesus, muda o caminho, volta para a vida de forma diferente, volta renovado \u201cpor outro caminho\u201d. \u201d<\/p>\n<p style=\"text-align: justify\">&#8220;Regressaram \u201cao seu pa\u00eds\u201d levando dentro de si o mist\u00e9rio daquele Rei humilde e pobre. Podemos imaginar que contaram a todos a experi\u00eancia vivida: a salva\u00e7\u00e3o oferecida por Deus em Cristo \u00e9 para todos os homens, pr\u00f3ximos ou distantes. N\u00e3o \u00e9 poss\u00edvel tomar posse daquele Menino: Ele \u00e9 um dom para todos.\u201d<\/p>\n<p style=\"text-align: justify\"><strong>Deixar-se iluminar pela luz de Jesus<\/strong><br \/>\n\u201cTamb\u00e9m n\u00f3s, fa\u00e7amos um pouco de sil\u00eancio em nosso cora\u00e7\u00e3o e deixemo-nos iluminar pela luz de Jesus que prov\u00e9m de Bel\u00e9m. N\u00e3o permitamos aos nossos medos de fechar-nos o cora\u00e7\u00e3o, mas tenhamos a coragem de abrir-nos a esta luz que \u00e9 mansa e discreta\u201d, disse ainda o Papa.<\/p>\n<p style=\"text-align: justify\">\u201cEnt\u00e3o, como os Magos, experimentaremos uma grande alegria que n\u00e3o poderemos manter para n\u00f3s. Que Nos sustente neste caminho a Virgem Maria, estrela que nos conduz a Jesus, e M\u00e3e que mostra Jesus aos Magos e a todos aqueles que se aproximam dele.\u201d<\/p>\n<p style=\"text-align: justify\"><strong>Apelo em prol dos migrantes<\/strong><br \/>\nAp\u00f3s a ora\u00e7\u00e3o mariana do Angelus, o Papa Francisco recordou que h\u00e1 v\u00e1rios dias quarenta e nove migrantes salvos no Mar Mediterr\u00e2neo est\u00e3o a bordo de dois navios de organiza\u00e7\u00f5es n\u00e3o governamentais, em busca de um porto seguro onde desembarcar.<\/p>\n<p>\u201cFa\u00e7o um apelo aos l\u00edderes europeus a fim que demostrem solidariedade concreta a essas pessoas.\u201d<\/p>\n<p style=\"text-align: justify\"><strong>Sauda\u00e7\u00e3o \u00e0s Igrejas Orientais<\/strong><br \/>\nA seguir, Francisco lembrou que algumas Igrejas orientais, cat\u00f3licas e ortodoxas, que seguem o Calend\u00e1rio Juliano, celebrar\u00e3o o Natal, nesta segunda-feira (07\/01).<\/p>\n<p style=\"text-align: justify\">\u201cA elas dirijo minhas cordiais e fraternas sauda\u00e7\u00f5es no sinal de comunh\u00e3o entre todos n\u00f3s crist\u00e3os, que reconhecem Jesus como Senhor e Salvador. Um Feliz Natal!\u201d<\/p>\n<p style=\"text-align: justify\">\u201cA Epifania \u00e9 tamb\u00e9m a Jornada Mission\u00e1ria dos Meninos que este ano convida os adolescentes mission\u00e1rios a serem \u201catletas de Jesus\u201d, para testemunhar o Evangelho na fam\u00edlia, na escola e nos lugares de divers\u00e3o.\u201d<\/p>\n<p style=\"text-align: justify\">O Papa saudou todos os peregrinos, fam\u00edlias, par\u00f3quias e associa\u00e7\u00f5es provenientes da It\u00e1lia e outros pa\u00edses.<\/p>\n<p style=\"text-align: justify\"><strong>Valores da Epifania<\/strong><br \/>\nUma sauda\u00e7\u00e3o especial foi dirigida ao cortejo hist\u00f3rico e folcl\u00f3rico que promove os valores da Epifania e que este ano \u00e9 dedicado \u00e0 Regi\u00e3o de Abruzzo.<\/p>\n<p style=\"text-align: justify\">Recordou tamb\u00e9m o cortejo dos Magos que se realiza em muitas cidades da Pol\u00f4nia com uma grande participa\u00e7\u00e3o de fam\u00edlias e associa\u00e7\u00f5es.<\/p>\n<p style=\"text-align: justify\">Saudou os m\u00fasicos da banda que ouviu tocar. \u201cContinuem soando a alegria deste dia da Epifania\u201d, concluiu Francisco, pedindo aos fi\u00e9is para n\u00e3o se esquecerem de rezar por ele.<\/p>\n<p>&nbsp;<\/p>\n<p>Mariangela Jaguraba\/Bianca Fraccalvieri &#8211; Cidade do Vaticano<\/p>\n<p>&nbsp;<\/p>\n","protected":false},"excerpt":{"rendered":"<p>&#8220;Toda vez que um homem e uma mulher encontra Jesus, muda o caminho, volta para a vida de forma diferente e renovado \u201cpor outro caminho\u201d, disse<\/p>\n","protected":false},"author":83,"featured_media":33051,"comment_status":"closed","ping_status":"open","sticky":false,"template":"","format":"standard","meta":{"site-sidebar-layout":"default","site-content-layout":"default","ast-global-header-display":"","ast-banner-title-visibility":"","ast-main-header-display":"","ast-hfb-above-header-display":"","ast-hfb-below-header-display":"","ast-hfb-mobile-header-display":"","site-post-title":"","ast-breadcrumbs-content":"","ast-featured-img":"","footer-sml-layout":"","theme-transparent-header-meta":"","adv-header-id-meta":"","stick-header-meta":"","header-above-stick-meta":"","header-main-stick-meta":"","header-below-stick-meta":""},"categories":[784],"tags":[],"acf":[],"_links":{"self":[{"href":"https:\/\/www.cnbb.org.br\/cnbb-app\/wp\/v2\/posts\/33050"}],"collection":[{"href":"https:\/\/www.cnbb.org.br\/cnbb-app\/wp\/v2\/posts"}],"about":[{"href":"https:\/\/www.cnbb.org.br\/cnbb-app\/wp\/v2\/types\/post"}],"author":[{"embeddable":true,"href":"https:\/\/www.cnbb.org.br\/cnbb-app\/wp\/v2\/users\/83"}],"replies":[{"embeddable":true,"href":"https:\/\/www.cnbb.org.br\/cnbb-app\/wp\/v2\/comments?post=33050"}],"version-history":[{"count":0,"href":"https:\/\/www.cnbb.org.br\/cnbb-app\/wp\/v2\/posts\/33050\/revisions"}],"wp:featuredmedia":[{"embeddable":true,"href":"https:\/\/www.cnbb.org.br\/cnbb-app\/wp\/v2\/media\/33051"}],"wp:attachment":[{"href":"https:\/\/www.cnbb.org.br\/cnbb-app\/wp\/v2\/media?parent=33050"}],"wp:term":[{"taxonomy":"category","embeddable":true,"href":"https:\/\/www.cnbb.org.br\/cnbb-app\/wp\/v2\/categories?post=33050"},{"taxonomy":"post_tag","embeddable":true,"href":"https:\/\/www.cnbb.org.br\/cnbb-app\/wp\/v2\/tags?post=33050"}],"curies":[{"name":"wp","href":"https:\/\/api.w.org\/{rel}","templated":true}]}}