{"id":33068,"date":"2019-01-09T00:00:00","date_gmt":"2019-01-09T02:00:00","guid":{"rendered":"https:\/\/www.cnbb.org.br\/divulgada-mensagem-do-papa-para-o-xxvii-dia-mundial-do-enfermo\/"},"modified":"2019-01-09T00:00:00","modified_gmt":"2019-01-09T02:00:00","slug":"divulgada-mensagem-do-papa-para-o-xxvii-dia-mundial-do-enfermo","status":"publish","type":"post","link":"https:\/\/www.cnbb.org.br\/divulgada-mensagem-do-papa-para-o-xxvii-dia-mundial-do-enfermo\/","title":{"rendered":"Divulgada mensagem do papa Francisco para o XXVII Dia Mundial do Enfermo"},"content":{"rendered":"<p style=\"text-align: justify\">Foi divulgada nesta ter\u00e7a-feira, dia 8 de janeiro, a mensagem do papa Francisco para o XXVII Dia Mundial do Enfermo, no pr\u00f3ximo 11 de fevereiro. Esta edi\u00e7\u00e3o ser\u00e1 celebrada de modo solene, de acordo com o pont\u00edfice, na cidade de Calcut\u00e1, na \u00cdndia. No texto, Francisco ressalta que a Igreja \u2013 \u201cM\u00e3e de todos os seus filhos, mas com uma solicitude especial pelos enfermos \u2013 lembra que o caminho mais cred\u00edvel de evangeliza\u00e7\u00e3o s\u00e3o gestos de dom gratuito como os do Bom Samaritano\u201d.<\/p>\n<p style=\"text-align: justify\">Francisco refor\u00e7a que o cuidado dos enfermos \u201cprecisa de profissionalismo e ternura, de gestos gratuitos, imediatos e simples, como uma car\u00edcia, pelos quais fazemos sentir ao outro que nos \u00e9 \u00abquerido\u00bb\u201d. Tamb\u00e9m \u00e9 destacada na mensagem a figura de Santa Madre Teresa de Calcut\u00e1, cuja lembran\u00e7a alegre e admirada do papa remete \u00e0 escolha da cidade indiana para a celebra\u00e7\u00e3o especial desta data.<\/p>\n<p><img decoding=\"async\" loading=\"lazy\" class=\"size-medium wp-image-200068 alignleft\" style=\"text-align: justify\" src=\"https:\/\/www.cnbb.org.br\/wp-content\/uploads\/2020\/03\/MadreTeresaDeCalcuta_WikipediaNoble36CC0_1.0__260815-e1535720396804-300x199.jpg\" alt=\"\" width=\"300\" height=\"199\" \/><\/p>\n<p style=\"text-align: justify\">A figura de Madre Teresa \u00e9 um modelo de caridade que tornou vis\u00edvel o amor de Deus pelos pobres e os enfermos, escreveu o papa.<\/p>\n<p style=\"text-align: justify\">\u201cA Santa Madre Teresa ajuda-nos a compreender que o \u00fanico crit\u00e9rio de a\u00e7\u00e3o deve ser o amor gratuito para com todos, sem distin\u00e7\u00e3o de l\u00edngua, cultura, etnia ou religi\u00e3o. O seu exemplo continua a guiar-nos na abertura de horizontes de alegria e esperan\u00e7a para a humanidade necessitada de compreens\u00e3o e ternura, especialmente para as pessoas que sofrem\u201d, afirmou Francisco.<\/p>\n<p style=\"text-align: justify\">Leia a mensagem na \u00edntegra.<\/p>\n<blockquote>\n<p style=\"text-align: center\"><span style=\"color: #bf6e0b\"><strong><em>MENSAGEM DE SUA SANTIDADE FRANCISCO<br \/>\nPARA O XXVII DIA MUNDIAL DO ENFERMO<\/em><\/strong><\/span><\/p>\n<p style=\"text-align: center\"><span style=\"color: #bf6e0b\">(11 DE FEVEREIRO DE 2019)<\/span><\/p>\n<p style=\"text-align: justify\"><span style=\"color: #bf6e0b\"><strong><em>\u00abRecebestes de gra\u00e7a, dai de gra\u00e7a\u00bb (<\/em><\/strong><strong>Mt<em>\u00a010, 8)<\/em><\/strong><\/span><\/p>\n<p style=\"text-align: justify\"><span style=\"color: #bf6e0b\"><em>Queridos irm\u00e3os e irm\u00e3s!<\/em><\/span><\/p>\n<p style=\"text-align: justify\"><span style=\"color: #bf6e0b\">\u00abRecebestes de gra\u00e7a, dai de gra\u00e7a\u00bb (<em>Mt<\/em>\u00a010, 8): estas s\u00e3o palavras pronunciadas por Jesus, quando enviou os ap\u00f3stolos a espalhar o Evangelho, para que, atrav\u00e9s de gestos de amor gratuito, se propagasse o seu Reino.<\/span><\/p>\n<p style=\"text-align: justify\"><span style=\"color: #bf6e0b\">Por ocasi\u00e3o do XXVII Dia Mundial do Enfermo, que ser\u00e1 celebrado de modo solene em Calcut\u00e1, na \u00cdndia, a 11 de fevereiro de 2019, a Igreja \u2013 M\u00e3e de todos os seus filhos, mas com uma solicitude especial pelos enfermos \u2013 lembra que o caminho mais cred\u00edvel de evangeliza\u00e7\u00e3o s\u00e3o gestos de dom gratuito como os do Bom Samaritano. O cuidado dos enfermos precisa de profissionalismo e ternura, de gestos gratuitos, imediatos e simples, como uma car\u00edcia, pelos quais fazemos sentir ao outro que nos \u00e9 \u00abquerido\u00bb.<\/span><\/p>\n<p style=\"text-align: justify\"><span style=\"color: #bf6e0b\">A vida \u00e9 dom de Deus, pois \u2013 como adverte S\u00e3o Paulo \u2013 \u00abque tens tu que n\u00e3o tenhas recebido?\u00bb (<em>1 Cor<\/em>\u00a04, 7). E, precisamente porque \u00e9 dom, a exist\u00eancia n\u00e3o pode ser considerada como mera possess\u00e3o ou propriedade privada, sobretudo \u00e0 vista das conquistas da medicina e da biotecnologia, que poderiam induzir o homem a ceder \u00e0 tenta\u00e7\u00e3o de manipular a \u00ab\u00e1rvore da vida\u00bb (cf.\u00a0<em>Gn<\/em>\u00a03, 24).<\/span><\/p>\n<p style=\"text-align: justify\"><span style=\"color: #bf6e0b\">Contra a cultura do descarte e da indiferen\u00e7a, cumpre-me afirmar que se h\u00e1 de colocar o dom como paradigma capaz de desafiar o individualismo e a fragmenta\u00e7\u00e3o social dos nossos dias, para promover novos v\u00ednculos e v\u00e1rias formas de coopera\u00e7\u00e3o humana entre povos e culturas. Como pressuposto do dom, temos o di\u00e1logo, que abre espa\u00e7os relacionais de crescimento e progresso humano capazes de romper os esquemas consolidados de exerc\u00edcio do poder na sociedade. O dar n\u00e3o se identifica com o ato de oferecer um presente, porque s\u00f3 se pode dizer tal se for um dar-se a si mesmo: n\u00e3o se pode reduzir a mera transfer\u00eancia duma propriedade ou dalgum objeto. Distingue-se de presentear, precisamente porque inclui o dom de si mesmo e sup\u00f5e o desejo de estabelecer um v\u00ednculo. Assim, antes de mais nada, o dom \u00e9 um reconhecimento rec\u00edproco, que constitui o car\u00e1ter indispens\u00e1vel do v\u00ednculo social. No dom, h\u00e1 o reflexo do amor de Deus, que culmina na encarna\u00e7\u00e3o do Filho Jesus e na efus\u00e3o do Esp\u00edrito Santo.<\/span><\/p>\n<p style=\"text-align: justify\"><span style=\"color: #bf6e0b\">Todo o homem \u00e9 pobre, necessitado e indigente. Quando nascemos, para viver tivemos necessidade dos cuidados dos nossos pais; de forma semelhante, em cada fase e etapa da vida, cada um de n\u00f3s nunca conseguir\u00e1, de todo, ver-se livre da necessidade e da ajuda alheia, nunca conseguir\u00e1 arrancar de si mesmo o limite da impot\u00eancia face a algu\u00e9m ou a alguma coisa. Tamb\u00e9m esta \u00e9 uma condi\u00e7\u00e3o que carateriza o nosso ser de \u00abcriaturas\u00bb. O reconhecimento leal desta verdade convida-nos a permanecer humildes e a praticar com coragem a solidariedade, como virtude indispens\u00e1vel \u00e0 exist\u00eancia.<\/span><\/p>\n<p style=\"text-align: justify\"><span style=\"color: #bf6e0b\">Esta consci\u00eancia impele-nos a uma pr\u00e1xis respons\u00e1vel e responsabilizadora, tendo em vista um bem que \u00e9 indivisivelmente pessoal e comum. Apenas quando o homem se concebe, n\u00e3o como um mundo fechado em si mesmo, mas como algu\u00e9m que, por sua natureza, est\u00e1 ligado a todos os outros, originariamente sentidos como \u00abirm\u00e3os\u00bb, \u00e9 poss\u00edvel uma pr\u00e1xis social solid\u00e1ria, orientada para o bem comum. N\u00e3o devemos ter medo de nos reconhecermos necessitados e incapazes de nos darmos tudo aquilo de que ter\u00edamos necessidade, porque n\u00e3o conseguimos, sozinhos e apenas com as nossas for\u00e7as, vencer todos os limites. N\u00e3o temamos este reconhecimento, porque o pr\u00f3prio Deus, em Jesus, Se rebaixou (cf.\u00a0<em>Flp\u00a0<\/em>2, 8), e rebaixa, at\u00e9 n\u00f3s e at\u00e9 \u00e0s nossas pobrezas para nos ajudar e dar aqueles bens que, sozinhos, nunca poder\u00edamos ter.<\/span><\/p>\n<p style=\"text-align: justify\"><span style=\"color: #bf6e0b\">Aproveitando a circunst\u00e2ncia desta celebra\u00e7\u00e3o solene na \u00cdndia, quero lembrar, com alegria e admira\u00e7\u00e3o, a figura da Santa Madre Teresa de Calcut\u00e1, um modelo de caridade que tornou vis\u00edvel o amor de Deus pelos pobres e os enfermos. Como dizia na sua canoniza\u00e7\u00e3o, \u00abMadre Teresa,\u00a0ao longo de toda a sua exist\u00eancia, foi uma dispensadora generosa da miseric\u00f3rdia divina, fazendo-se dispon\u00edvel a todos, atrav\u00e9s do acolhimento e da defesa da vida humana, dos nascituros e daqueles abandonados e descartados. (&#8230;) Inclinou-se sobre as pessoas indefesas, deixadas moribundas \u00e0 beira da estrada, reconhecendo a dignidade que Deus lhes dera; fez ouvir a sua voz aos poderosos da terra, para que reconhecessem a sua culpa diante dos crimes (\u2026) da pobreza criada por eles mesmos. A miseric\u00f3rdia foi para ela o \u201csal\u201d, que dava sabor a todas as suas obras, e a \u201cluz\u201d que iluminava a escurid\u00e3o de todos aqueles que nem sequer tinham mais l\u00e1grimas para chorar pela sua pobreza e sofrimento.A sua miss\u00e3o nas periferias das cidades e nas periferias existenciais permanece nos nossos dias como um testemunho eloquente da proximidade de Deus junto dos mais pobres entre os pobres\u00bb (<a style=\"color: #bf6e0b\" href=\"http:\/\/w2.vatican.va\/content\/francesco\/pt\/homilies\/2016\/documents\/papa-francesco_20160904_omelia-canonizzazione-madre-teresa.html\" target=\"_blank\" rel=\"noopener\"><em>Homilia<\/em>, 4\/IX\/2016<\/a>).<\/span><\/p>\n<p style=\"text-align: justify\"><span style=\"color: #bf6e0b\">A Santa Madre Teresa ajuda-nos a compreender que o \u00fanico crit\u00e9rio de a\u00e7\u00e3o deve ser o amor gratuito para com todos, sem distin\u00e7\u00e3o de l\u00edngua, cultura, etnia ou religi\u00e3o. O seu exemplo continua a guiar-nos na abertura de horizontes de alegria e esperan\u00e7a para a humanidade necessitada de compreens\u00e3o e ternura, especialmente para as pessoas que sofrem.<\/span><\/p>\n<p style=\"text-align: justify\"><span style=\"color: #bf6e0b\">A gratuidade humana \u00e9 o fermento da a\u00e7\u00e3o dos volunt\u00e1rios, que t\u00eam tanta import\u00e2ncia no setor socio-sanit\u00e1rio e que vivem de modo eloquente a espiritualidade do Bom Samaritano. Agrade\u00e7o e encorajo todas as associa\u00e7\u00f5es de voluntariado que se ocupam do transporte e assist\u00eancia dos enfermos, aquelas que providenciam nas doa\u00e7\u00f5es de sangue, tecidos e \u00f3rg\u00e3os. Um campo especial onde a vossa presen\u00e7a expressa a solicitude da Igreja \u00e9 o da tutela dos direitos dos enfermos, sobretudo de quantos se veem afetados por patologias que exigem cuidados especiais, sem esquecer o campo da sensibiliza\u00e7\u00e3o e da preven\u00e7\u00e3o. Revestem-se de import\u00e2ncia fundamental os vossos servi\u00e7os de voluntariado nas estruturas sanit\u00e1rias e no domic\u00edlio, que v\u00e3o da assist\u00eancia sanit\u00e1ria ao apoio espiritual. Deles beneficiam tantas pessoas enfermas, s\u00f3s, idosas, com fragilidades ps\u00edquicas e motoras. Exorto-vos a continuar a ser sinal da presen\u00e7a da Igreja no mundo secularizado. O volunt\u00e1rio \u00e9 um amigo desinteressado, a quem se pode confidenciar pensamentos e emo\u00e7\u00f5es; atrav\u00e9s da escuta, ele cria as condi\u00e7\u00f5es para que o enfermo deixe de ser objeto passivo de cuidados para se tornar sujeito ativo e protagonista duma rela\u00e7\u00e3o de reciprocidade, capaz de recuperar a esperan\u00e7a, mais disposto a aceitar as terapias. O voluntariado comunica valores, comportamentos e estilos de vida que, no centro, t\u00eam o fermento da doa\u00e7\u00e3o. Deste modo realiza-se tamb\u00e9m a humaniza\u00e7\u00e3o dos tratamentos.<\/span><\/p>\n<p style=\"text-align: justify\"><span style=\"color: #bf6e0b\">A dimens\u00e3o da gratuidade deveria animar sobretudo as estruturas sanit\u00e1rias cat\u00f3licas, porque \u00e9 a l\u00f3gica evang\u00e9lica que qualifica a sua a\u00e7\u00e3o, quer nas zonas mais desenvolvidas quer nas mais carentes do mundo. As estruturas cat\u00f3licas s\u00e3o chamadas a expressar o sentido do dom, da gratuidade e da solidariedade, como resposta \u00e0 l\u00f3gica do lucro a todo o custo, do dar para receber, da explora\u00e7\u00e3o que n\u00e3o respeita as pessoas.<\/span><\/p>\n<p style=\"text-align: justify\"><span style=\"color: #bf6e0b\">Exorto-vos a todos, nos v\u00e1rios n\u00edveis, a promover a cultura da gratuidade e do dom, indispens\u00e1vel para superar a cultura do lucro e do descarte. As institui\u00e7\u00f5es sanit\u00e1rias cat\u00f3licas n\u00e3o deveriam cair no estilo empresarial, mas salvaguardar mais o cuidado da pessoa que o lucro. Sabemos que a sa\u00fade \u00e9 relacional, depende da intera\u00e7\u00e3o com os outros e precisa de confian\u00e7a, amizade e solidariedade; \u00e9 um bem que s\u00f3 se pode gozar \u00abplenamente\u00bb, se for partilhado. A alegria do dom gratuito \u00e9 o indicador de sa\u00fade do crist\u00e3o.<\/span><\/p>\n<p style=\"text-align: justify\"><span style=\"color: #bf6e0b\">A todos vos confio a Maria,\u00a0<em>Salus infirmorum<\/em>. Que Ela nos ajude a partilhar os dons recebidos com o esp\u00edrito do di\u00e1logo e m\u00fatuo acolhimento, a viver como irm\u00e3os e irm\u00e3s cada um atento \u00e0s necessidades dos outros, a saber dar com cora\u00e7\u00e3o generoso, a aprender a alegria do servi\u00e7o desinteressado. Com afeto, asseguro a todos a minha proximidade na ora\u00e7\u00e3o e envio-vos de cora\u00e7\u00e3o a B\u00ean\u00e7\u00e3o Apost\u00f3lica.<\/span><\/p>\n<p style=\"text-align: justify\"><span style=\"color: #bf6e0b\"><em>Vaticano, Solenidade de Nosso Senhor Jesus Cristo Rei do Universo, 25 de novembro de 2018.<\/em><\/span><\/p>\n<p style=\"text-align: justify\"><span style=\"color: #bf6e0b\"><strong><em>Franciscus<\/em><\/strong><\/span><\/p>\n<\/blockquote>\n","protected":false},"excerpt":{"rendered":"<p>De modo solene, data ser\u00e1 celebrada na cidade de Calcut\u00e1, na \u00cdndia, onde viveu Santa Madre Teresa, chamada de \u201cmodelo de caridade\u201d pelo papa<\/p>\n","protected":false},"author":83,"featured_media":31600,"comment_status":"closed","ping_status":"open","sticky":false,"template":"","format":"standard","meta":{"site-sidebar-layout":"default","site-content-layout":"default","ast-global-header-display":"","ast-banner-title-visibility":"","ast-main-header-display":"","ast-hfb-above-header-display":"","ast-hfb-below-header-display":"","ast-hfb-mobile-header-display":"","site-post-title":"","ast-breadcrumbs-content":"","ast-featured-img":"","footer-sml-layout":"","theme-transparent-header-meta":"","adv-header-id-meta":"","stick-header-meta":"","header-above-stick-meta":"","header-main-stick-meta":"","header-below-stick-meta":""},"categories":[784],"tags":[],"acf":[],"_links":{"self":[{"href":"https:\/\/www.cnbb.org.br\/cnbb-app\/wp\/v2\/posts\/33068"}],"collection":[{"href":"https:\/\/www.cnbb.org.br\/cnbb-app\/wp\/v2\/posts"}],"about":[{"href":"https:\/\/www.cnbb.org.br\/cnbb-app\/wp\/v2\/types\/post"}],"author":[{"embeddable":true,"href":"https:\/\/www.cnbb.org.br\/cnbb-app\/wp\/v2\/users\/83"}],"replies":[{"embeddable":true,"href":"https:\/\/www.cnbb.org.br\/cnbb-app\/wp\/v2\/comments?post=33068"}],"version-history":[{"count":0,"href":"https:\/\/www.cnbb.org.br\/cnbb-app\/wp\/v2\/posts\/33068\/revisions"}],"wp:featuredmedia":[{"embeddable":true,"href":"https:\/\/www.cnbb.org.br\/cnbb-app\/wp\/v2\/media\/31600"}],"wp:attachment":[{"href":"https:\/\/www.cnbb.org.br\/cnbb-app\/wp\/v2\/media?parent=33068"}],"wp:term":[{"taxonomy":"category","embeddable":true,"href":"https:\/\/www.cnbb.org.br\/cnbb-app\/wp\/v2\/categories?post=33068"},{"taxonomy":"post_tag","embeddable":true,"href":"https:\/\/www.cnbb.org.br\/cnbb-app\/wp\/v2\/tags?post=33068"}],"curies":[{"name":"wp","href":"https:\/\/api.w.org\/{rel}","templated":true}]}}