{"id":330963,"date":"2021-07-01T09:39:27","date_gmt":"2021-07-01T12:39:27","guid":{"rendered":"https:\/\/www.cnbb.org.br\/?p=330963"},"modified":"2021-07-01T09:46:00","modified_gmt":"2021-07-01T12:46:00","slug":"adequacao-de-igrejas-a-lgpd-e-tema-de-encontro-da-provincia-eclesiastica-de-campinas","status":"publish","type":"post","link":"https:\/\/www.cnbb.org.br\/adequacao-de-igrejas-a-lgpd-e-tema-de-encontro-da-provincia-eclesiastica-de-campinas\/","title":{"rendered":"Adequa\u00e7\u00e3o de igrejas \u00e0 LGPD \u00e9 tema de encontro da prov\u00edncia eclesi\u00e1stica de Campinas"},"content":{"rendered":"<p style=\"text-align: justify;\">A diocese de Piracicaba sediou, nesta sexta-feira (25), um encontro da prov\u00edncia eclesi\u00e1stica de Campinas sobre estrat\u00e9gias para adequa\u00e7\u00e3o das igrejas de toda regi\u00e3o \u00e0 nova Lei Geral de Prote\u00e7\u00e3o de Dados Pessoais (LGPD), cujas san\u00e7\u00f5es est\u00e3o previstas para entrar em vigor neste ano.\u00a0A prov\u00edncia eclesi\u00e1stica \u00e9 formada pela arquidiocese de Campinas e pelas dioceses de Piracicaba, Amparo, Bragan\u00e7a Paulista, Limeira e S\u00e3o Carlos, que tamb\u00e9m foram a Sub-regi\u00e3o do Conselho Episcopal Regional Sul-1 da Confer\u00eancia Nacional dos Bispos do Brasil (CNBB).<\/p>\n<p>Saiba mais em: <a href=\"https:\/\/cnbbsul1.org.br\/adequacao-de-igrejas-a-lgpd-e-tema-de-encontro-da-provincia-eclesiastica-de-campinas\/\" target=\"_blank\" rel=\"noopener\">www.cnbbsul1.org.br<\/a><\/p>\n<p>&nbsp;<\/p>\n","protected":false},"excerpt":{"rendered":"<p>A diocese de Piracicaba sediou, nesta sexta-feira (25), um encontro da prov\u00edncia eclesi\u00e1stica de Campinas sobre estrat\u00e9gias para adequa\u00e7\u00e3o das igrejas de toda regi\u00e3o \u00e0 nova Lei Geral de Prote\u00e7\u00e3o de Dados Pessoais (LGPD), cujas san\u00e7\u00f5es est\u00e3o previstas para entrar em vigor neste ano.\u00a0A prov\u00edncia eclesi\u00e1stica \u00e9 formada pela arquidiocese de Campinas e pelas dioceses &hellip;<\/p>\n<p class=\"read-more\"> <a class=\"\" href=\"https:\/\/www.cnbb.org.br\/adequacao-de-igrejas-a-lgpd-e-tema-de-encontro-da-provincia-eclesiastica-de-campinas\/\"> <span class=\"screen-reader-text\">Adequa\u00e7\u00e3o de igrejas \u00e0 LGPD \u00e9 tema de encontro da prov\u00edncia eclesi\u00e1stica de Campinas<\/span> Leia mais &raquo;<\/a><\/p>\n","protected":false},"author":83,"featured_media":330968,"comment_status":"open","ping_status":"open","sticky":false,"template":"","format":"standard","meta":{"site-sidebar-layout":"default","site-content-layout":"default","ast-global-header-display":"","ast-banner-title-visibility":"","ast-main-header-display":"","ast-hfb-above-header-display":"","ast-hfb-below-header-display":"","ast-hfb-mobile-header-display":"","site-post-title":"","ast-breadcrumbs-content":"","ast-featured-img":"","footer-sml-layout":"","theme-transparent-header-meta":"default","adv-header-id-meta":"","stick-header-meta":"","header-above-stick-meta":"","header-main-stick-meta":"","header-below-stick-meta":""},"categories":[772],"tags":[2895],"acf":[],"_links":{"self":[{"href":"https:\/\/www.cnbb.org.br\/cnbb-app\/wp\/v2\/posts\/330963"}],"collection":[{"href":"https:\/\/www.cnbb.org.br\/cnbb-app\/wp\/v2\/posts"}],"about":[{"href":"https:\/\/www.cnbb.org.br\/cnbb-app\/wp\/v2\/types\/post"}],"author":[{"embeddable":true,"href":"https:\/\/www.cnbb.org.br\/cnbb-app\/wp\/v2\/users\/83"}],"replies":[{"embeddable":true,"href":"https:\/\/www.cnbb.org.br\/cnbb-app\/wp\/v2\/comments?post=330963"}],"version-history":[{"count":0,"href":"https:\/\/www.cnbb.org.br\/cnbb-app\/wp\/v2\/posts\/330963\/revisions"}],"wp:featuredmedia":[{"embeddable":true,"href":"https:\/\/www.cnbb.org.br\/cnbb-app\/wp\/v2\/media\/330968"}],"wp:attachment":[{"href":"https:\/\/www.cnbb.org.br\/cnbb-app\/wp\/v2\/media?parent=330963"}],"wp:term":[{"taxonomy":"category","embeddable":true,"href":"https:\/\/www.cnbb.org.br\/cnbb-app\/wp\/v2\/categories?post=330963"},{"taxonomy":"post_tag","embeddable":true,"href":"https:\/\/www.cnbb.org.br\/cnbb-app\/wp\/v2\/tags?post=330963"}],"curies":[{"name":"wp","href":"https:\/\/api.w.org\/{rel}","templated":true}]}}