{"id":33103,"date":"2019-01-14T00:00:00","date_gmt":"2019-01-14T02:00:00","guid":{"rendered":"https:\/\/www.cnbb.org.br\/padroeiro-dos-cariocas\/"},"modified":"2019-01-14T00:00:00","modified_gmt":"2019-01-14T02:00:00","slug":"padroeiro-dos-cariocas","status":"publish","type":"post","link":"https:\/\/www.cnbb.org.br\/padroeiro-dos-cariocas\/","title":{"rendered":"Padroeiro dos cariocas"},"content":{"rendered":"<p style=\"text-align: right\"><strong>Cardeal Orani Jo\u00e3o Tempesta<br \/>\n<\/strong><strong>Arcebispo do Rio de Janeiro<\/strong><\/p>\n<p style=\"text-align: justify\">\n<p style=\"text-align: justify\">No pr\u00f3ximo dia 20 de janeiro, teremos a gra\u00e7a de celebrarmos o padroeiro de nossa Arquidiocese e cidade: S\u00e3o Sebasti\u00e3o. J\u00e1 estamos na segunda semana da trezena do nosso padroeiro percorrendo as ruas e avenidas de nossa cidade neste ano vocacional: \u201cS\u00e3o Sebasti\u00e3o vocacionado pelo amor\u201d \u00e9 o tema deste ano. \u00c9 a miss\u00e3o popular que abre o ano e nos identifica nessa caminhada cat\u00f3lica nesta grande cidade.<\/p>\n<p style=\"text-align: justify\">S\u00e3o Sebasti\u00e3o\u00a0\u00e9 um dos santos mais famosos entre o povo brasileiro. Por causa de sua intercess\u00e3o e incont\u00e1veis milagres obtidos, ele se tornou padroeiro de muitas cidades e outras tantas cidades e bairros por todo o Brasil receberam o nome de S\u00e3o Sebasti\u00e3o.<\/p>\n<p style=\"text-align: justify\">A fortaleza para superar os diferentes tipos de dificuldades e situa\u00e7\u00f5es foi um tra\u00e7o que marcou a vida de S\u00e3o Sebasti\u00e3o e ele anima a ter o mesmo esp\u00edrito de confian\u00e7a total em Deus e aud\u00e1cia crist\u00e3 para fazer da vida uma caminhada segura rumo \u00e0 felicidade.<\/p>\n<p style=\"text-align: justify\"><strong>S\u00e3o Sebasti\u00e3o<\/strong>\u00a0(256-288) nasceu na Fran\u00e7a e logo foi com os pais para Mil\u00e3o, na It\u00e1lia. Nas terras italianas cresceu na f\u00e9 crist\u00e3 e ficou famoso como valente soldado e depois capit\u00e3o da guarda do imperador Romano. Os crist\u00e3os eram perseguidos na \u00e9poca e muitos foram presos e martirizados, por\u00e9m as pessoas n\u00e3o sabiam que\u00a0<u><a href=\"http:\/\/www.cruzterrasanta.com.br\/sao-sebastiao\/\" target=\"_blank\" rel=\"noopener\">S\u00e3o Sebasti\u00e3o<\/a><\/u>\u00a0era crist\u00e3o e assim ele conseguiu ajudar muitas pessoas presas por seguirem o Cristianismo, diminuindo as penas, dando alimento e animando a perseverarem na f\u00e9 em Cristo, mesmo que isso implicasse o mart\u00edrio.<\/p>\n<p style=\"text-align: justify\">Enquanto o imperador empreendia a expuls\u00e3o de todos os crist\u00e3os do seu ex\u00e9rcito, Sebasti\u00e3o foi denunciado por um soldado. Diocleciano ficou perplexo ao ouvir do pr\u00f3prio Sebasti\u00e3o que era crist\u00e3o. Tentou, em v\u00e3o, fazer com que ele renunciasse ao cristianismo, mas Sebasti\u00e3o com firmeza se defendeu, apresentando os motivos que o animava a seguir a f\u00e9 crist\u00e3, e a socorrer os aflitos e perseguidos.<\/p>\n<p style=\"text-align: justify\">O Imperador, enraivecido ante os s\u00f3lidos argumentos daquele crist\u00e3o aut\u00eantico e decidido, deu ordem aos seus soldados para que o matassem a flechadas. Tal ordem foi imediatamente cumprida: os soldados despiram-no, o amarraram ao tronco de uma \u00e1rvore e atiraram nele uma chuva de flechas. Depois o abandonaram para que sangrasse at\u00e9 a morte.<\/p>\n<p style=\"text-align: justify\">Irene, mulher do m\u00e1rtir Castulo, foi com algumas amigas ao lugar da execu\u00e7\u00e3o, para tirar o corpo de Sebasti\u00e3o e dar-lhe sepultura. Com assombro, comprovaram que o mesmo ainda estava vivo. Desamarraram-no, e Irene o escondeu em sua casa, cuidando de suas feridas. Passado um tempo, j\u00e1 restabelecido, S\u00e3o Sebasti\u00e3o continuou a evangelizar e, em vez de se esconder com medo, pelo contr\u00e1rio, com valentia prof\u00e9tica apresentou-se de novo ao imperador, censurando-o pelas injusti\u00e7as cometidas contra os crist\u00e3os, acusados de inimigos do Estado.<\/p>\n<p style=\"text-align: justify\">Diocleciano ignorou os pedidos de Sebasti\u00e3o para que deixasse de perseguir os crist\u00e3os, e ordenou que ele fosse espancado at\u00e9 a morte, com pauladas e golpes de bolas de chumbo. E, para impedir que o corpo fosse venerado pelos crist\u00e3os, jogaram-no no esgoto p\u00fablico de Roma. Uma piedosa mulher, Santa Luciana, sepultou-o nas catacumbas. Assim aconteceu no ano de 287. Mais tarde, no ano de 680, suas rel\u00edquias foram solenemente transportados para uma bas\u00edlica constru\u00edda pelo Imperador Constantino, onde se encontram at\u00e9 hoje. S\u00e3o as Catacumbas de S\u00e3o Sebasti\u00e3o, na Via Appia em Roma.<\/p>\n<p style=\"text-align: justify\"><strong>S\u00e3o Sebasti\u00e3o<\/strong>\u00a0\u00e9 um exemplo de\u00a0<strong>coragem<\/strong>\u00a0ante os obst\u00e1culos da vida e\u00a0<strong>fidelidade<\/strong>\u00a0mesmo diante das contrariedades e persegui\u00e7\u00f5es. \u00c9 interessante notar o seu empenho em fazer o bem ocultamente, aproveitando todas as circunst\u00e2ncias para semear alegria, consolo e \u00e2nimo para as pessoas pr\u00f3ximas, mesmo sabendo que quando fosse descoberto poderia ter complica\u00e7\u00f5es. S\u00e3o Sebasti\u00e3o tamb\u00e9m pode ser reconhecido por sua prontid\u00e3o em fazer a Vontade de Deus e enorme esp\u00edrito de servi\u00e7o, pois ap\u00f3s recobrar a sa\u00fade ele se volta para os outros e quer continuar fazendo o bem, sem achar que j\u00e1 fez muito na vida e que agora precisa repousar.<\/p>\n<p style=\"text-align: justify\">Ao olhar para S\u00e3o Sebasti\u00e3o que sofreu e morreu, lembramos do Cristo que sofreu, morreu e venceu a morte. No acontecimento Salv\u00edfico da sexta-feira Santa no Calv\u00e1rio, traduz-se profundamente o amor de Deus pela humanidade. Ali se d\u00e1 a realiza\u00e7\u00e3o do sonho de Deus por cada um dos seus filhos. Dando-se por amor, Ele traz o c\u00e9u \u00e0 terra e nos resgata de nossas mis\u00e9rias. \u00c9 em torno de nossas mis\u00e9rias que o amor de Deus age e se realiza.<\/p>\n<p style=\"text-align: justify\">S\u00e3o Sebasti\u00e3o tornou-se defensor da Igreja como soldado, como capit\u00e3o e tamb\u00e9m como ap\u00f3stolo dos confessores, daqueles que eram presos. Tamb\u00e9m foi ap\u00f3stolo dos m\u00e1rtires, os que confessavam Jesus em todas as situa\u00e7\u00f5es, renunciando \u00e0 pr\u00f3pria vida. S\u00e3o Sebasti\u00e3o viveu intensamente sua vida batismal e foi testemunha de Cristo at\u00e9 o mart\u00edrio. E quando denunciado como crist\u00e3o, l\u00e1 estava ele, diante do imperador furioso. Mas nosso santo deixou claro, com muita sabedoria, auxiliado pelo Esp\u00edrito Santo, que mesmo sendo um bom soldado era um crist\u00e3o convicto.<\/p>\n<p style=\"text-align: justify\">Ao nos aproximarmos da grande festa do nosso padroeiro, quando o povo carioca sai as ruas com a grande prociss\u00e3o recordando esse grande seguidor de Jesus Cristo, damos assim in\u00edcio ao novo ano alicer\u00e7ados no Evangelho colocado em pr\u00e1tica pelo grande m\u00e1rtir que nos foi dado como patrono desta cidade e Arquidiocese. S\u00e3o Sebasti\u00e3o \u00e9 exemplo de homem que defendeu a f\u00e9 cat\u00f3lica. Por consequ\u00eancia, tendo a coragem de dizer que a Vida \u00e9 inalien\u00e1vel, desde a concep\u00e7\u00e3o at\u00e9 o seu termo natural, e que os s\u00edmbolos de nossa f\u00e9 n\u00e3o podem se curvar diante dos Imperadores de plant\u00e3o. Socorrei-nos glorioso M\u00e1rtir S\u00e3o Sebasti\u00e3o para saibamos ser anunciadores da miseric\u00f3rdia e da verdade. Que saibamos viver o santo Evangelho de cada dia.<\/p>\n<p style=\"text-align: justify\">\n<p style=\"text-align: justify\">\n<p>&nbsp;<\/p>\n","protected":false},"excerpt":{"rendered":"<p>Cardeal Orani Jo\u00e3o Tempesta Arcebispo do Rio de Janeiro No pr\u00f3ximo dia 20 de janeiro, teremos a gra\u00e7a de celebrarmos o padroeiro de nossa Arquidiocese e cidade: S\u00e3o Sebasti\u00e3o. J\u00e1 estamos na segunda semana da trezena do nosso padroeiro percorrendo as ruas e avenidas de nossa cidade neste ano vocacional: \u201cS\u00e3o Sebasti\u00e3o vocacionado pelo amor\u201d &hellip;<\/p>\n<p class=\"read-more\"> <a class=\"\" href=\"https:\/\/www.cnbb.org.br\/padroeiro-dos-cariocas\/\"> <span class=\"screen-reader-text\">Padroeiro dos cariocas<\/span> Leia mais &raquo;<\/a><\/p>\n","protected":false},"author":31,"featured_media":0,"comment_status":"closed","ping_status":"open","sticky":false,"template":"","format":"standard","meta":{"site-sidebar-layout":"default","site-content-layout":"default","ast-global-header-display":"","ast-banner-title-visibility":"","ast-main-header-display":"","ast-hfb-above-header-display":"","ast-hfb-below-header-display":"","ast-hfb-mobile-header-display":"","site-post-title":"","ast-breadcrumbs-content":"","ast-featured-img":"","footer-sml-layout":"","theme-transparent-header-meta":"","adv-header-id-meta":"","stick-header-meta":"","header-above-stick-meta":"","header-main-stick-meta":"","header-below-stick-meta":""},"categories":[758],"tags":[],"acf":[],"_links":{"self":[{"href":"https:\/\/www.cnbb.org.br\/cnbb-app\/wp\/v2\/posts\/33103"}],"collection":[{"href":"https:\/\/www.cnbb.org.br\/cnbb-app\/wp\/v2\/posts"}],"about":[{"href":"https:\/\/www.cnbb.org.br\/cnbb-app\/wp\/v2\/types\/post"}],"author":[{"embeddable":true,"href":"https:\/\/www.cnbb.org.br\/cnbb-app\/wp\/v2\/users\/31"}],"replies":[{"embeddable":true,"href":"https:\/\/www.cnbb.org.br\/cnbb-app\/wp\/v2\/comments?post=33103"}],"version-history":[{"count":0,"href":"https:\/\/www.cnbb.org.br\/cnbb-app\/wp\/v2\/posts\/33103\/revisions"}],"wp:attachment":[{"href":"https:\/\/www.cnbb.org.br\/cnbb-app\/wp\/v2\/media?parent=33103"}],"wp:term":[{"taxonomy":"category","embeddable":true,"href":"https:\/\/www.cnbb.org.br\/cnbb-app\/wp\/v2\/categories?post=33103"},{"taxonomy":"post_tag","embeddable":true,"href":"https:\/\/www.cnbb.org.br\/cnbb-app\/wp\/v2\/tags?post=33103"}],"curies":[{"name":"wp","href":"https:\/\/api.w.org\/{rel}","templated":true}]}}