{"id":33120,"date":"2019-01-16T00:00:00","date_gmt":"2019-01-16T02:00:00","guid":{"rendered":"https:\/\/www.cnbb.org.br\/em-sua-segunda-visita-ao-haiti-arcebispo-de-juiz-de-fora-articula-assistencia-a-populacao\/"},"modified":"2020-03-11T20:03:37","modified_gmt":"2020-03-11T23:03:37","slug":"em-sua-segunda-visita-ao-haiti-arcebispo-de-juiz-de-fora-articula-assistencia-a-populacao","status":"publish","type":"post","link":"https:\/\/www.cnbb.org.br\/em-sua-segunda-visita-ao-haiti-arcebispo-de-juiz-de-fora-articula-assistencia-a-populacao\/","title":{"rendered":"Em sua segunda visita ao Haiti, arcebispo de Juiz de Fora articula assist\u00eancia \u00e0 popula\u00e7\u00e3o"},"content":{"rendered":"<p style=\"text-align: justify\">Prosseguindo a miss\u00e3o de compromisso entre a arquidiocese de Juiz de Fora e a de Porto Pr\u00edncipe, no Haiti, o arcebispo dom Gil Ant\u00f4nio Moreira seguiu na sexta-feira, 11, para o pa\u00eds. Al\u00e9m dele, padre Leonardo Lucas que \u00e9 coordenador da Pastoral Mission\u00e1ria e da Comiss\u00e3o Mission\u00e1ria Diocesana (Comidi) e o jovem Yago, do Projeto Jovens Mission\u00e1rios Continentais fazem parte da delega\u00e7\u00e3o. \u201cViemos para o Haiti em nome de todo o povo de nossa Igreja Particular, que \u00e9 composta por Juiz de Fora e mais 36 munic\u00edpios\u201d, apontou o bispo em artigo divulgado pela ocasi\u00e3o.<\/p>\n<p style=\"text-align: justify\">No m\u00eas de julho do ano de 2017, dom Gil esteve no Haiti durante alguns dias com v\u00e1rios jovens e um casal mission\u00e1rio. \u00c0 ocasi\u00e3o, fez os primeiros contatos e um compromisso pessoal e informal de interajuda com os frades da Congrega\u00e7\u00e3o dos Franciscanos da Providencia de Deus.\u00a0<img decoding=\"async\" loading=\"lazy\" class=\" wp-image-206326 alignright\" src=\"https:\/\/www.cnbb.org.br\/wp-content\/uploads\/2020\/02\/Sem-t\u00edtulo-5.jpg\" alt=\"\" width=\"343\" height=\"192\" \/><\/p>\n<p style=\"text-align: justify\">\u201cVimos a pobreza extrema que permanece no Haiti. Vimos o resultado terr\u00edvel dos terremotos e de outros acidentes clim\u00e1ticos que t\u00eam assolado este pa\u00eds. O Haiti \u00e9 o pa\u00eds mais pobre das Am\u00e9ricas. Aqui vive um povo amigo, de bom cora\u00e7\u00e3o, um povo que tem f\u00e9 e que se relaciona bem com todos aqueles que querem ajud\u00e1-los. Quase toda a popula\u00e7\u00e3o n\u00e3o tem nada, nem o m\u00ednimo necess\u00e1rio para viver, para morar e at\u00e9 para vestir. Se n\u00e3o fossem as obras de caridade e as organiza\u00e7\u00f5es da Igreja neste pa\u00eds, o sofrimento seria muito maior\u201d, apontou o bispo.<\/p>\n<p style=\"text-align: justify\">Com o objetivo de ampliar cada vez mais a ajuda ao pa\u00eds, para que o povo possa ter, ao menos de acordo com dom Gil, uma sa\u00edda para suas grandes dificuldades, a arquidiocese desde ent\u00e3o procura fazer o que est\u00e1 dentro de seus limites. \u201cPara c\u00e1 j\u00e1 vieram outros grupos organizados por n\u00f3s para atender \u00e0s necessidades de sa\u00fade e ajudar os frades franciscanos nesta obra maravilhosa\u201d, conta o bispo.<\/p>\n<p style=\"text-align: justify\">A \u00faltima delega\u00e7\u00e3o que esteve no Haiti foi composta pelo padre Pierre Maur\u00edcio Cantarino, um casal de m\u00e9dicos, e outro casal que se dedica \u00e0 Pastoral Familiar. Segundo dom Gil, uma das obras mais importantes por l\u00e1 \u00e9 uma padaria comunit\u00e1ria, organizada e mantida pelos frades, onde as pessoas podem produzir e vender os p\u00e3es, ajudando assim no or\u00e7amento familiar, que \u00e9 sempre pequeno. \u201cN\u00f3s pudemos ajudar na doa\u00e7\u00e3o de farinha de trigo e tamb\u00e9m outros materiais. O Padre Pierre organizou uma campanha para a compra de uma nova m\u00e1quina panificadora que est\u00e1 sendo de grande serventia\u201d, disse.<\/p>\n<p style=\"text-align: justify\"><img decoding=\"async\" loading=\"lazy\" class=\"wp-image-206321 alignleft\" src=\"https:\/\/www.cnbb.org.br\/wp-content\/uploads\/2020\/02\/Sem-t\u00edtulo-4.jpg\" alt=\"\" width=\"343\" height=\"176\" \/>Ainda de acordo com o bispo muitas obras s\u00e3o feitas pela Igreja no Haiti, para ajudar o povo a sair dessa situa\u00e7\u00e3o. \u201cA Igreja faz isso porque ela vive pela Palavra de Cristo que diz:\u00a0<em>\u2018Tudo que fizerdes ao menor dos meus irm\u00e3os, \u00e9 a mim que estareis fazendo\u2019<\/em>. Ainda no Evangelho de S\u00e3o Mateus, est\u00e1 escrito que v\u00e3o se salvar aqueles que, tendo f\u00e9 em Jesus Cristo, olham as necessidades e fazem as obras de caridade. Assim \u00e9 a\u00e7\u00e3o da Palavra do Senhor para aqueles que querem ser seus disc\u00edpulos\u201d, aponta.<\/p>\n<p style=\"text-align: justify\">Dom Gil ficar\u00e1 no Haiti por dez dias. \u00c0 R\u00e1dio Catedral, da arquidiocese de Juiz de Fora, ele reafirmou o car\u00e1ter mission\u00e1rio da iniciativa. \u201cVamos ver o que podemos fazer pelos nossos irm\u00e3os t\u00e3o sofridos no Haiti, seja no campo sacramental, seja no campo estritamente religioso, de assist\u00eancia social. Pe\u00e7o a todos que rezem por n\u00f3s!\u201d, finalizou o bispo.<\/p>\n<p style=\"text-align: justify\"><strong>Projeto Miss\u00e3o Continental JF\/Haiti<\/strong><\/p>\n<p style=\"text-align: justify\">A Igreja Particular de Juiz de Fora, em seu S\u00ednodo Arquidiocesano celebrado entre 2009 e 2011, priorizou a miss\u00e3o em sua a\u00e7\u00e3o pastoral e evangelizadora. Na ocasi\u00e3o escolheu como tema \u201cArquidiocese de Juiz de Fora: Uma Igreja sempre em Miss\u00e3o\u201d e lema: \u201cFazei disc\u00edpulos meus\u201d. Priorizando esse aspecto, o de caridade para com os mais pobres e sofredores, a arquidiocese tomou a decis\u00e3o de impulsionar o olhar para a popula\u00e7\u00e3o do Haiti, uma vez que este \u00e9 o pa\u00eds considerado o mais carente em toda a Am\u00e9rica.<\/p>\n<p style=\"text-align: justify\">Desde ent\u00e3o, procura ofertar servi\u00e7os gratuitos e de qualidade \u00e0s fam\u00edlias haitianas atendidas pela Associa\u00e7\u00e3o e Fraternidade S\u00e3o Francisco de Assis na Provid\u00eancia de Deus, a partir de profissionais da \u00e1rea de medicina, odontologia, servi\u00e7o social, engenharia, empresarial e educa\u00e7\u00e3o.<\/p>\n<p style=\"text-align: justify\">Saiba mais sobre a iniciativa em: <a href=\"https:\/\/www.missaojfhaiti.org\/\" target=\"_blank\" rel=\"noopener\">https:\/\/www.missaojfhaiti.org\/<\/a><\/p>\n","protected":false},"excerpt":{"rendered":"<p>\u201cSe n\u00e3o fossem as obras de caridade e as organiza\u00e7\u00f5es da Igreja neste pa\u00eds, o sofrimento seria muito maior\u201d, afirma dom Gil Ant\u00f4nio Moreira<\/p>\n","protected":false},"author":83,"featured_media":926,"comment_status":"closed","ping_status":"open","sticky":false,"template":"","format":"standard","meta":{"site-sidebar-layout":"default","site-content-layout":"default","ast-global-header-display":"","ast-banner-title-visibility":"","ast-main-header-display":"","ast-hfb-above-header-display":"","ast-hfb-below-header-display":"","ast-hfb-mobile-header-display":"","site-post-title":"","ast-breadcrumbs-content":"","ast-featured-img":"","footer-sml-layout":"","theme-transparent-header-meta":"","adv-header-id-meta":"","stick-header-meta":"","header-above-stick-meta":"","header-main-stick-meta":"","header-below-stick-meta":""},"categories":[854,878],"tags":[],"acf":[],"_links":{"self":[{"href":"https:\/\/www.cnbb.org.br\/cnbb-app\/wp\/v2\/posts\/33120"}],"collection":[{"href":"https:\/\/www.cnbb.org.br\/cnbb-app\/wp\/v2\/posts"}],"about":[{"href":"https:\/\/www.cnbb.org.br\/cnbb-app\/wp\/v2\/types\/post"}],"author":[{"embeddable":true,"href":"https:\/\/www.cnbb.org.br\/cnbb-app\/wp\/v2\/users\/83"}],"replies":[{"embeddable":true,"href":"https:\/\/www.cnbb.org.br\/cnbb-app\/wp\/v2\/comments?post=33120"}],"version-history":[{"count":0,"href":"https:\/\/www.cnbb.org.br\/cnbb-app\/wp\/v2\/posts\/33120\/revisions"}],"wp:featuredmedia":[{"embeddable":true,"href":"https:\/\/www.cnbb.org.br\/cnbb-app\/wp\/v2\/media\/926"}],"wp:attachment":[{"href":"https:\/\/www.cnbb.org.br\/cnbb-app\/wp\/v2\/media?parent=33120"}],"wp:term":[{"taxonomy":"category","embeddable":true,"href":"https:\/\/www.cnbb.org.br\/cnbb-app\/wp\/v2\/categories?post=33120"},{"taxonomy":"post_tag","embeddable":true,"href":"https:\/\/www.cnbb.org.br\/cnbb-app\/wp\/v2\/tags?post=33120"}],"curies":[{"name":"wp","href":"https:\/\/api.w.org\/{rel}","templated":true}]}}