{"id":33121,"date":"2019-01-16T00:00:00","date_gmt":"2019-01-16T02:00:00","guid":{"rendered":"https:\/\/www.cnbb.org.br\/comissao-para-a-vida-e-a-familia-prepara-9o-simposio-e-11a-peregrinacao-nacional-da-pastoral-familiar\/"},"modified":"2019-01-16T00:00:00","modified_gmt":"2019-01-16T02:00:00","slug":"comissao-para-a-vida-e-a-familia-prepara-9o-simposio-e-11a-peregrinacao-nacional-da-pastoral-familiar","status":"publish","type":"post","link":"https:\/\/www.cnbb.org.br\/comissao-para-a-vida-e-a-familia-prepara-9o-simposio-e-11a-peregrinacao-nacional-da-pastoral-familiar\/","title":{"rendered":"Comiss\u00e3o para a Vida e a Fam\u00edlia prepara Simp\u00f3sio e Peregrina\u00e7\u00e3o Nacional da Pastoral Familiar"},"content":{"rendered":"<p style=\"text-align: justify\">A Comiss\u00e3o Episcopal Pastoral para a Vida e a Fam\u00edlia da Confer\u00eancia Nacional dos Bispos do Brasil (CNBB) esteve reunida em Aparecida (SP), na ter\u00e7a-feira, dia 15, em prepara\u00e7\u00e3o ao 9\u00ba Simp\u00f3sio e 11\u00aa Peregrina\u00e7\u00e3o Nacional da Pastoral Familiar que acontecer\u00e1 nos dias 25 e 26 de maio, no Santu\u00e1rio Nacional de Aparecida, em S\u00e3o Paulo. Al\u00e9m do assessor nacional da Comiss\u00e3o, padre Jorge Alves Filho participaram o reitor do Santu\u00e1rio, padre Jo\u00e3o Batista e funcion\u00e1rios que atuam em diversas \u00e1reas no Santu\u00e1rio.<\/p>\n<figure id=\"attachment_206346\" aria-describedby=\"caption-attachment-206346\" style=\"width: 300px\" class=\"wp-caption alignright\"><img decoding=\"async\" loading=\"lazy\" class=\"wp-image-206346 size-medium\" src=\"https:\/\/www.cnbb.org.br\/wp-content\/uploads\/2020\/03\/IMG-20190115-WA0077-300x225.jpg\" alt=\"\" width=\"300\" height=\"225\" \/><figcaption id=\"caption-attachment-206346\" class=\"wp-caption-text\">Comiss\u00e3o realizou reuni\u00e3o para definir atividades e cronograma da 11\u00aa Peregrina\u00e7\u00e3o e o 9\u00ba Simp\u00f3sio Nacional da Fam\u00edlia<\/figcaption><\/figure>\n<p style=\"text-align: justify\">O Simp\u00f3sio \u00e9 uma iniciativa da Comiss\u00e3o que j\u00e1 acontece a bastante tempo. Segundo o padre Jorge Alves Filho, a ideia \u00e9 reunir os participantes para que possam peregrinar rumo ao Santu\u00e1rio de Aparecida, em defesa da vida e da fam\u00edlia. Neste ano, o evento est\u00e1 em sintonia com a Campanha da Fraternidade de 1994 cujo tema foi &#8220;A fam\u00edlia como vai?&#8221;. A expectativa, de acordo com o padre Jorge, \u00e9 a de reunir cerca de tr\u00eas mil pessoas vindas de todo o pa\u00eds.<\/p>\n<p style=\"text-align: justify\">Com o tema \u201cEm fam\u00edlia defendemos a vida\u201d, o encontro ter\u00e1 dois dias de forma\u00e7\u00e3o e devo\u00e7\u00e3o\u00a0sob a prote\u00e7\u00e3o da Rainha e Padroeira do Brasil. Inicialmente, padre Jorge informou que acontecer\u00e1 o Simp\u00f3sio, no dia 25, \u00e0s 7h30, com a presen\u00e7a j\u00e1 confirmada do bispo de Rio Grande, dom Ricardo Hoepers.\u00a0A recep\u00e7\u00e3o dos peregrinos ser\u00e1 realizada no Centro de Eventos Padre Vitor Coelho de Almeida, onde ser\u00e3o debatidos diversos assuntos.<\/p>\n<p style=\"text-align: justify\">&#8220;Teremos o ter\u00e7o \u00e0s 14h, na Bas\u00edlica de Aparecida, depois a missa \u00e0s 18h, e no domingo a peregrina\u00e7\u00e3o com a missa \u00e0s 7h30 da manh\u00e3, depois \u00e0s 10h. Ainda no s\u00e1bado, 25, n\u00f3s temos a ideia de fazermos um grande show com alguns cantores cat\u00f3licos que estamos convidando&#8221;, afirmou padre Jorge. Para ajudar nas reflex\u00f5es do encontro, na reuni\u00e3o tamb\u00e9m estiveram presentes padres assessores, o casal nacional Luis e K\u00e1tia Stolf e outros casais representando os regionais da CNBB. &#8220;A ideia \u00e9 nos ajudar,sobretudo, com a anima\u00e7\u00e3o desse encontro que n\u00f3s faremos&#8221;, finalizou o padre Jorge.<\/p>\n<p style=\"text-align: justify\"><b>Outros Simp\u00f3sios<\/b><\/p>\n<p style=\"text-align: justify\">Desde 2009, sempre no \u00faltimo final de semana do m\u00eas de maio a Peregrina\u00e7\u00e3o Nacional da Fam\u00edlia \u00e9 realizada. J\u00e1 em 2011, o Simp\u00f3sio foi iniciado com a miss\u00e3o de ser um espa\u00e7o de forma\u00e7\u00e3o para as fam\u00edlias, sendo realizado paralelamente \u00e0 Peregrina\u00e7\u00e3o.<\/p>\n<p style=\"text-align: justify\">Os temas dos simp\u00f3sios buscam estar em sintonia com reflex\u00f5es ligadas a Semana Nacional da Fam\u00edlia, realizada no m\u00eas de agosto todos os anos. Confira os temas das edi\u00e7\u00f5es anteriores:<br \/>\n&#8211; 2011: \u201cFam\u00edlia, Pessoa e Sociedade\u201d.<br \/>\n&#8211; 2012: \u201cA Fam\u00edlia: o trabalho e a festa\u201d.<br \/>\n&#8211; 2013: \u201cA transmiss\u00e3o da F\u00e9 Crist\u00e3 na Fam\u00edlia &#8211; tarefa dos pais\u201d.<br \/>\n&#8211; 2014: \u201cFam\u00edlia: caminhar com a luz de Cristo e a sabedoria do Evangelho\u201d.<br \/>\n&#8211; 2015: \u201cO amor \u00e9 a nossa miss\u00e3o: a fam\u00edlia plenamente viva\u201d.<br \/>\n&#8211; 2016: &#8220;Fam\u00edlia e Miseric\u00f3rdia: se encontram no cora\u00e7\u00e3o da M\u00e3e&#8221;<br \/>\n&#8211; 2017: \u201cFam\u00edlia, luz para a Vida em Sociedade\u201d.<br \/>\n&#8211; 2018: \u201cO Evangelho da fam\u00edlia, alegria para o mundo!\u201d<\/p>\n<p>&nbsp;<\/p>\n<p>&nbsp;<\/p>\n<p style=\"text-align: justify\">\n","protected":false},"excerpt":{"rendered":"<p>9\u00ba Simp\u00f3sio e 11\u00aa Peregrina\u00e7\u00e3o Nacional da Pastoral Familiar acontecer\u00e1 nos dias 25 e 26 de maio, no Santu\u00e1rio Nacional de Aparecida (SP)<\/p>\n","protected":false},"author":83,"featured_media":33122,"comment_status":"closed","ping_status":"open","sticky":false,"template":"","format":"standard","meta":{"site-sidebar-layout":"default","site-content-layout":"default","ast-global-header-display":"","ast-banner-title-visibility":"","ast-main-header-display":"","ast-hfb-above-header-display":"","ast-hfb-below-header-display":"","ast-hfb-mobile-header-display":"","site-post-title":"","ast-breadcrumbs-content":"","ast-featured-img":"","footer-sml-layout":"","theme-transparent-header-meta":"","adv-header-id-meta":"","stick-header-meta":"","header-above-stick-meta":"","header-main-stick-meta":"","header-below-stick-meta":""},"categories":[748,777],"tags":[],"acf":[],"_links":{"self":[{"href":"https:\/\/www.cnbb.org.br\/cnbb-app\/wp\/v2\/posts\/33121"}],"collection":[{"href":"https:\/\/www.cnbb.org.br\/cnbb-app\/wp\/v2\/posts"}],"about":[{"href":"https:\/\/www.cnbb.org.br\/cnbb-app\/wp\/v2\/types\/post"}],"author":[{"embeddable":true,"href":"https:\/\/www.cnbb.org.br\/cnbb-app\/wp\/v2\/users\/83"}],"replies":[{"embeddable":true,"href":"https:\/\/www.cnbb.org.br\/cnbb-app\/wp\/v2\/comments?post=33121"}],"version-history":[{"count":0,"href":"https:\/\/www.cnbb.org.br\/cnbb-app\/wp\/v2\/posts\/33121\/revisions"}],"wp:featuredmedia":[{"embeddable":true,"href":"https:\/\/www.cnbb.org.br\/cnbb-app\/wp\/v2\/media\/33122"}],"wp:attachment":[{"href":"https:\/\/www.cnbb.org.br\/cnbb-app\/wp\/v2\/media?parent=33121"}],"wp:term":[{"taxonomy":"category","embeddable":true,"href":"https:\/\/www.cnbb.org.br\/cnbb-app\/wp\/v2\/categories?post=33121"},{"taxonomy":"post_tag","embeddable":true,"href":"https:\/\/www.cnbb.org.br\/cnbb-app\/wp\/v2\/tags?post=33121"}],"curies":[{"name":"wp","href":"https:\/\/api.w.org\/{rel}","templated":true}]}}