{"id":33124,"date":"2019-01-16T00:00:00","date_gmt":"2019-01-16T02:00:00","guid":{"rendered":"https:\/\/www.cnbb.org.br\/cada-dia-melhor\/"},"modified":"2019-01-16T00:00:00","modified_gmt":"2019-01-16T02:00:00","slug":"cada-dia-melhor","status":"publish","type":"post","link":"https:\/\/www.cnbb.org.br\/cada-dia-melhor\/","title":{"rendered":"Cada dia melhor"},"content":{"rendered":"<p style=\"text-align: right\"><strong>Dom Alberto Taveira Corr\u00eaa<\/strong><br \/>\n<strong>Arcebispo de Bel\u00e9m do Par\u00e1<\/strong><\/p>\n<p>&nbsp;<\/p>\n<p style=\"text-align: justify\">Olhar para a pr\u00f3pria hist\u00f3ria com os olhos de Deus \u00e9 um desafio constante, pois com ele se contam mais as rosas do que os espinhos da roseira. De fato, Deus nos concede a vis\u00e3o de um plano de salva\u00e7\u00e3o e de gra\u00e7a, pensado para a humanidade e para todas as pessoas. N\u00e3o fomos feitos para a perdi\u00e7\u00e3o e condena\u00e7\u00e3o, mas para a vida se comunh\u00e3o com Deus e com os outros.<\/p>\n<p style=\"text-align: justify\">No entanto, o crist\u00e3o n\u00e3o olha para vida com pensamento positivo, quase m\u00e1gico, mas \u00e9 chamado ao realismo que s\u00f3 a f\u00e9 pode suscitar em seu cora\u00e7\u00e3o. Antes, ele \u00e9 capaz de enxergar tudo atrav\u00e9s das chagas do Cora\u00e7\u00e3o de Cristo. Pode proclamar com confian\u00e7a: \u201cChagas abertas, \u00f3 cora\u00e7\u00e3o ferido! Sangue de Cristo est\u00e1 entre n\u00f3s e o perigo! Deus pode cuidar de tudo, posso descansar seguro, Deus est\u00e1 cuidando de tudo ele \u00e9 o meu amparo e abrigo\u201d (Celina Borges). O crist\u00e3o abra\u00e7a a Cruz com seu Senhor Jesus Cristo e passa al\u00e9m da chaga e da morte, para ver a luz resplandecente da Ressurrei\u00e7\u00e3o. Este realismo pode receber o nome de otimismo da f\u00e9!<\/p>\n<p style=\"text-align: justify\">Jesus se manifestou de v\u00e1rias formas e a Igreja abre diante de nossos olhos tais manifesta\u00e7\u00f5es. Os primeiros a v\u00ea-lo nascido em Bel\u00e9m foram pobres pastores dos arredores do pres\u00e9pio. Homens vindos de longe, magos ou s\u00e1bios, guiados pela estrela da consci\u00eancia que aponta para Deus, venceram todos os obst\u00e1culos para ador\u00e1-lo e oferecer-lhe o obs\u00e9quio de seus presentes de ouro, incenso e mirra. Depois da saga da vida oculta em Nazar\u00e9, as margens do Jord\u00e3o assistiram a manifesta\u00e7\u00e3o da voz do Pai, o Esp\u00edrito em forma de pomba e o Filho amado, descido \u00e0s \u00e1guas e saindo para a miss\u00e3o. Em Can\u00e1 (Jo 2,1-12), os primeiros disc\u00edpulos foram os destinat\u00e1rios do primeiro milagre, o da alegria dos tempos messi\u00e2nicos, simbolizada pelo vinho novo. Certamente ali puderam tamb\u00e9m conhecer a Estrela da Evangeliza\u00e7\u00e3o, M\u00e3e de Jesus, com seu testamento: \u201cFazei o que ele vos disser\u201d (Jo 2,5)<\/p>\n<p style=\"text-align: justify\">Na hist\u00f3ria da Igreja, ficou muito clara a for\u00e7a da palavra dos Atos dos Apostolos: \u201c\u00c9 preciso que passemos por muitos sofrimentos para entrar no reino de Deus\u201d (At 14,22). Passar da tristeza para a alegria, passar do pecado para a gra\u00e7a, das trevas para a luz! Passar pelos embates da implanta\u00e7\u00e3o da vida da Igreja, como assistimos em nossa longa hist\u00f3ria da Diocese de Bel\u00e9m, compartilhar as dores e alegrias, as esperan\u00e7as e as conquistas, descobrir que a falta do necess\u00e1rio sempre conduziu a ouvir a Virgem Maria dizendo para fazer o que Ele diz.<\/p>\n<p style=\"text-align: justify\">Na hist\u00f3ria da Igreja, os santos e especialmente os m\u00e1rtires nos mostraram quantos frutos podem vir do abra\u00e7o \u00e0 Cruz de Cristo. Tomemos o exemplo do m\u00e1rtir S\u00e3o Sebasti\u00e3o, ajudados pelas indica\u00e7\u00f5es de Santo Ambr\u00f3sio a respeito do santo de tanta devo\u00e7\u00e3o popular, celebrado tamb\u00e9m neste final de semana (Cf. o Coment\u00e1rio sobre o Salmo 118, de Santo Ambr\u00f3sio, bispo, s\u00e9culo IV):<\/p>\n<p style=\"text-align: justify\">\u00c9 origin\u00e1rio de Mil\u00e3o. Talvez o perseguidor j\u00e1 tivesse se afastado ou talvez ainda n\u00e3o tivesse vindo a este lugar, ou fosse mais condescendente. De qualquer modo, Sebasti\u00e3o compreendeu que ali, ou n\u00e3o haveria luta, ou ela seria insignificante. Partiu ent\u00e3o para Roma, onde por causa da f\u00e9 havia uma tremenda persegui\u00e7\u00e3o. Passou para a prova\u00e7\u00e3o maior! Em Roma sofreu o mart\u00edrio, isto \u00e9, l\u00e1 foi coroado com a vit\u00f3ria. Assim, no lugar onde chegara como h\u00f3spede, encontrou a morada da eterna imortalidade, passando com Cristo da morte para a vida. Se s\u00f3 houvesse um perseguidor, talvez este m\u00e1rtir n\u00e3o tivesse sido coroado. Mas o pior \u00e9 que os perseguidores n\u00e3o s\u00e3o apenas os que se veem; h\u00e1 tamb\u00e9m os invis\u00edveis, e estes s\u00e3o muito mais numerosos. Sobre tais persegui\u00e7\u00f5es foi dito: Todos os que querem levar uma vida fervorosa em Cristo Jesus ser\u00e3o perseguidos (2 Tm 3,12). Quantos h\u00e1 que, \u00e0s ocultas, todos os dias, s\u00e3o m\u00e1rtires de Cristo e proclamam que Jesus \u00e9 o Senhor! O ap\u00f3stolo Paulo, testemunha fiel de Cristo, conheceu este mart\u00edrio, pois afirmou: \u201cA nossa gl\u00f3ria \u00e9 esta: o testemunho da nossa consci\u00eancia\u201d (2Cor 1,12).<\/p>\n<p style=\"text-align: justify\">Os m\u00e1rtires e todos os que se gloriam do nome de crist\u00e3os est\u00e3o mergulhados na vida cotidiana como todos os outros homens e mulheres. Ningu\u00e9m est\u00e1 isento das persegui\u00e7\u00f5es internas e externas, ningu\u00e9m est\u00e1 vacinado contra crises e decep\u00e7\u00f5es. S\u00f3 que aprenderam a passar pelas dores e sofrimentos, superando os obst\u00e1culos. Para os crist\u00e3os de verdade, o dia de hoje \u00e9 sempre melhor do que ontem, e o amanh\u00e3 ser\u00e1 melhor do que hoje. Trata-se da capacidade, e esta s\u00f3 pode vir de Deus, de \u201cdar a volta por cima\u201d, pr\u00e1tica pascal, a fim de que no dia a dia se repita o milagre do gosto novo para a exist\u00eancia, com a gra\u00e7a de aproveitar sempre e cada vez mais as li\u00e7\u00f5es do cotidiano.<\/p>\n<p style=\"text-align: justify\">Na mem\u00f3ria de nossa Igreja de Bel\u00e9m, no alto de seus trezentos anos de cria\u00e7\u00e3o, sabemos que tudo tem concorrido para o bem dos que amam a Deus (Cf. Rm 8,28). No mar e nos rios da miseric\u00f3rdia de Deus, muito mais do que as seis talhas de Can\u00e1, est\u00e3o repletas as nossas vasilhas da purifica\u00e7\u00e3o da mem\u00f3ria que nos cabe fazer, sabendo que a intercess\u00e3o de Nossa Senhora, de Nazar\u00e9 a Bel\u00e9m, passando pela Gra\u00e7a, sempre nos tem oferecido a receita do milagre. Nunca nos faltou e n\u00e3o faltar\u00e1 o vinho da alegria!<\/p>\n","protected":false},"excerpt":{"rendered":"<p>Dom Alberto Taveira Corr\u00eaa Arcebispo de Bel\u00e9m do Par\u00e1 &nbsp; Olhar para a pr\u00f3pria hist\u00f3ria com os olhos de Deus \u00e9 um desafio constante, pois com ele se contam mais as rosas do que os espinhos da roseira. De fato, Deus nos concede a vis\u00e3o de um plano de salva\u00e7\u00e3o e de gra\u00e7a, pensado para &hellip;<\/p>\n<p class=\"read-more\"> <a class=\"\" href=\"https:\/\/www.cnbb.org.br\/cada-dia-melhor\/\"> <span class=\"screen-reader-text\">Cada dia melhor<\/span> Leia mais &raquo;<\/a><\/p>\n","protected":false},"author":21,"featured_media":0,"comment_status":"closed","ping_status":"open","sticky":false,"template":"","format":"standard","meta":{"site-sidebar-layout":"default","site-content-layout":"default","ast-global-header-display":"","ast-banner-title-visibility":"","ast-main-header-display":"","ast-hfb-above-header-display":"","ast-hfb-below-header-display":"","ast-hfb-mobile-header-display":"","site-post-title":"","ast-breadcrumbs-content":"","ast-featured-img":"","footer-sml-layout":"","theme-transparent-header-meta":"","adv-header-id-meta":"","stick-header-meta":"","header-above-stick-meta":"","header-main-stick-meta":"","header-below-stick-meta":""},"categories":[758],"tags":[],"acf":[],"_links":{"self":[{"href":"https:\/\/www.cnbb.org.br\/cnbb-app\/wp\/v2\/posts\/33124"}],"collection":[{"href":"https:\/\/www.cnbb.org.br\/cnbb-app\/wp\/v2\/posts"}],"about":[{"href":"https:\/\/www.cnbb.org.br\/cnbb-app\/wp\/v2\/types\/post"}],"author":[{"embeddable":true,"href":"https:\/\/www.cnbb.org.br\/cnbb-app\/wp\/v2\/users\/21"}],"replies":[{"embeddable":true,"href":"https:\/\/www.cnbb.org.br\/cnbb-app\/wp\/v2\/comments?post=33124"}],"version-history":[{"count":0,"href":"https:\/\/www.cnbb.org.br\/cnbb-app\/wp\/v2\/posts\/33124\/revisions"}],"wp:attachment":[{"href":"https:\/\/www.cnbb.org.br\/cnbb-app\/wp\/v2\/media?parent=33124"}],"wp:term":[{"taxonomy":"category","embeddable":true,"href":"https:\/\/www.cnbb.org.br\/cnbb-app\/wp\/v2\/categories?post=33124"},{"taxonomy":"post_tag","embeddable":true,"href":"https:\/\/www.cnbb.org.br\/cnbb-app\/wp\/v2\/tags?post=33124"}],"curies":[{"name":"wp","href":"https:\/\/api.w.org\/{rel}","templated":true}]}}