{"id":33127,"date":"2019-01-17T00:00:00","date_gmt":"2019-01-17T02:00:00","guid":{"rendered":"https:\/\/www.cnbb.org.br\/santos-padroeiros\/"},"modified":"2019-01-17T00:00:00","modified_gmt":"2019-01-17T02:00:00","slug":"santos-padroeiros","status":"publish","type":"post","link":"https:\/\/www.cnbb.org.br\/santos-padroeiros\/","title":{"rendered":"Santos Padroeiros"},"content":{"rendered":"<p style=\"text-align: right\"><strong>Dom Fernando Ar\u00eaas Rifan<\/strong><br \/>\n<strong>Bispo da Administra\u00e7\u00e3o Apost\u00f3lica Pessoal S\u00e3o Jo\u00e3o Maria Vianney<\/strong><\/p>\n<p style=\"text-align: justify\">\u00a0 \u00a0 \u00a0 \u00a0 \u00a0Neste m\u00eas de janeiro, celebramos v\u00e1rios santos padroeiros, que, ao mesmo tempo que nossos intercessores junto de Deus, s\u00e3o exemplo de vida crist\u00e3 e heroicidade nas virtudes.<br \/>\nOntem, dia 15, celebramos Santo Amaro, cuja devo\u00e7\u00e3o \u00e9 muito cultivada aqui em nossa regi\u00e3o, explicada pela presen\u00e7a dos monges beneditinos que foram os valorosos mission\u00e1rios da zona rural de Campos dos Goytacazes, em cujo munic\u00edpio se situa o c\u00e9lebre Mosteiro de S\u00e3o Bento, em Mussurepe.<br \/>\nSanto Amaro, ou S\u00e3o Mauro, foi monge e abade beneditino, ou seja, da Ordem de S\u00e3o Bento. Nascido em Roma, de fam\u00edlia senatorial, Amaro, quando tinha apenas doze anos, foi entregue no mosteiro por seu pai, Egrico, homem ilustre pela virtude e pela nobreza do nascimento, confiando-o aos cuidados de S\u00e3o Bento, em 522.<br \/>\nCorrespondeu t\u00e3o bem \u00e0 afei\u00e7\u00e3o e \u00e0 solicitude do mestre, que foi em breve proposto como modelo aos outros religiosos. S\u00e3o Greg\u00f3rio exaltou-o por se ter distinguido no amor da ora\u00e7\u00e3o e do sil\u00eancio. Sempre se lhe notou profunda humildade e admir\u00e1vel simplicidade de cora\u00e7\u00e3o. Mas nele sobressa\u00eda a virtude da obedi\u00eancia, sendo por isso recompensado por Deus, com um milagre, quando, para obedecer, foi salvar um irm\u00e3o que estava se afogando e caminhou sobre as \u00e1guas.<br \/>\nPossa o exemplo de Santo Amaro levar os filhos a serem mais obedientes aos seus pais, os alunos aos seus mestres, os cidad\u00e3os \u00e0s leis e superiores civis, os cat\u00f3licos aos seus superiores hier\u00e1rquicos. \u201cSede submissos uns aos outros no temor de Cristo\u201d (Ef 5, 21).<br \/>\nDia 20, domingo pr\u00f3ximo, festejaremos S\u00e3o Sebasti\u00e3o, padroeiro da Cidade maravilhosa e do nosso Estado do Rio de Janeiro.<br \/>\nFoi soldado do ex\u00e9rcito imperial, chegando a ocupar o posto de Comandante do Primeiro Tribunal da Guarda Pretoriana durante o reinado de Diocleciano, um dos mais severos imperadores romanos, perseguidor dos crist\u00e3os.<br \/>\nMesmo sendo bom soldado romano, suas atitudes demonstravam sua f\u00e9 crist\u00e3, e, sendo interrogado, confessou bravamente sua convic\u00e7\u00e3o. Por n\u00e3o aceitar renunciar a Cristo, S\u00e3o Sebasti\u00e3o foi condenado \u00e0 morte, sendo amarrado a um tronco de \u00e1rvore e flechado. Por\u00e9m, n\u00e3o morreu ali. Foi encontrado vivo por uma mulher crist\u00e3 piedosa que tinha vindo buscar o seu corpo. Diante do ocorrido, recuperada a sa\u00fade, apresentou-se diante do Imperador e reafirmou sua convic\u00e7\u00e3o crist\u00e3. E nova senten\u00e7a de morte veio sobre ele: foi condenado ao mart\u00edrio no Circo. Sebasti\u00e3o foi executado, ent\u00e3o, com pauladas e boladas de chumbo, sendo a\u00e7oitado at\u00e9 a morte e jogado nos esgotos perto do Arco de Constantino. Era 20 de janeiro.<br \/>\nE dia 25, celebraremos a convers\u00e3o de S\u00e3o Paulo, que, de perseguidor ferrenho dos crist\u00e3os, tornou-se o grande Ap\u00f3stolo, que trabalhou na convers\u00e3o dos pag\u00e3os, tornando-se, como S\u00e3o Pedro, uma das colunas da Igreja. \u00c9 o padroeiro da cidade e do Estado de S\u00e3o Paulo.<\/p>\n<p style=\"text-align: justify\">\n","protected":false},"excerpt":{"rendered":"<p>Dom Fernando Ar\u00eaas Rifan Bispo da Administra\u00e7\u00e3o Apost\u00f3lica Pessoal S\u00e3o Jo\u00e3o Maria Vianney \u00a0 \u00a0 \u00a0 \u00a0 \u00a0Neste m\u00eas de janeiro, celebramos v\u00e1rios santos padroeiros, que, ao mesmo tempo que nossos intercessores junto de Deus, s\u00e3o exemplo de vida crist\u00e3 e heroicidade nas virtudes. Ontem, dia 15, celebramos Santo Amaro, cuja devo\u00e7\u00e3o \u00e9 muito cultivada &hellip;<\/p>\n<p class=\"read-more\"> <a class=\"\" href=\"https:\/\/www.cnbb.org.br\/santos-padroeiros\/\"> <span class=\"screen-reader-text\">Santos Padroeiros<\/span> Leia mais &raquo;<\/a><\/p>\n","protected":false},"author":29,"featured_media":0,"comment_status":"closed","ping_status":"open","sticky":false,"template":"","format":"standard","meta":{"site-sidebar-layout":"default","site-content-layout":"default","ast-global-header-display":"","ast-banner-title-visibility":"","ast-main-header-display":"","ast-hfb-above-header-display":"","ast-hfb-below-header-display":"","ast-hfb-mobile-header-display":"","site-post-title":"","ast-breadcrumbs-content":"","ast-featured-img":"","footer-sml-layout":"","theme-transparent-header-meta":"","adv-header-id-meta":"","stick-header-meta":"","header-above-stick-meta":"","header-main-stick-meta":"","header-below-stick-meta":""},"categories":[758],"tags":[],"acf":[],"_links":{"self":[{"href":"https:\/\/www.cnbb.org.br\/cnbb-app\/wp\/v2\/posts\/33127"}],"collection":[{"href":"https:\/\/www.cnbb.org.br\/cnbb-app\/wp\/v2\/posts"}],"about":[{"href":"https:\/\/www.cnbb.org.br\/cnbb-app\/wp\/v2\/types\/post"}],"author":[{"embeddable":true,"href":"https:\/\/www.cnbb.org.br\/cnbb-app\/wp\/v2\/users\/29"}],"replies":[{"embeddable":true,"href":"https:\/\/www.cnbb.org.br\/cnbb-app\/wp\/v2\/comments?post=33127"}],"version-history":[{"count":0,"href":"https:\/\/www.cnbb.org.br\/cnbb-app\/wp\/v2\/posts\/33127\/revisions"}],"wp:attachment":[{"href":"https:\/\/www.cnbb.org.br\/cnbb-app\/wp\/v2\/media?parent=33127"}],"wp:term":[{"taxonomy":"category","embeddable":true,"href":"https:\/\/www.cnbb.org.br\/cnbb-app\/wp\/v2\/categories?post=33127"},{"taxonomy":"post_tag","embeddable":true,"href":"https:\/\/www.cnbb.org.br\/cnbb-app\/wp\/v2\/tags?post=33127"}],"curies":[{"name":"wp","href":"https:\/\/api.w.org\/{rel}","templated":true}]}}