{"id":33128,"date":"2019-01-17T00:00:00","date_gmt":"2019-01-17T02:00:00","guid":{"rendered":"https:\/\/www.cnbb.org.br\/pe-paulo-augusto-farina\/"},"modified":"2019-01-17T00:00:00","modified_gmt":"2019-01-17T02:00:00","slug":"pe-paulo-augusto-farina","status":"publish","type":"post","link":"https:\/\/www.cnbb.org.br\/pe-paulo-augusto-farina\/","title":{"rendered":"Pe. Paulo Augusto Farina"},"content":{"rendered":"<p style=\"text-align: right\"><strong>Dom Rodolfo Lu\u00eds Weber<\/strong><br \/>\n<strong>Arcebispo de Passo Fundo<\/strong><\/p>\n<p style=\"text-align: justify\">No \u00faltimo domingo, dia 13 de janeiro de 2019, morria o Pe. Paulo Augusto Farina. O seu minist\u00e9rio presbiteral em Passo Fundo, come\u00e7ou uma semana ap\u00f3s a ordena\u00e7\u00e3o presbiteral acontecida em 08 de dezembro de 1956. Em janeiro de 1957, Dom Cl\u00e1udio Colling o nomeou para cuidar e administrar a Funda\u00e7\u00e3o Lucas de Ara\u00fajo exercendo esta fun\u00e7\u00e3o at\u00e9 2014, mas continuou pr\u00f3ximo at\u00e9 a morte. Em 05 de abril de 1969 foi nomeado como Diretor da R\u00e1dio Planalto permanecendo na fun\u00e7\u00e3o at\u00e9 1983. Al\u00e9m dessas, teve outras nomea\u00e7\u00f5es.<\/p>\n<p style=\"text-align: justify\">O Pe. Paulo Farina escolheu como lema para sua vida presbiteral: \u201cJesus, ser vosso e levar a todos a V\u00f3s\u201d. Justificou a escolha do lema assim: \u201cNo nosso racioc\u00ednio, no nosso sentimento, al\u00e9m de mantermo-nos fi\u00e9is ao Senhor; o desempenho, a nossa doa\u00e7\u00e3o de vida, s\u00f3 valeria \u00e0 pena, se arrebat\u00e1ssemos um bom rebanho, se conquist\u00e1ssemos muitos outros oper\u00e1rios para as vinhas do Senhor\u201d. Na primeira transmiss\u00e3o da R\u00e1dio Planalto, a primeira palavra do Pe. Paulo foi \u201cDeus\u201d. Revela a sintonia com o lema escolhido.<\/p>\n<p style=\"text-align: justify\">Quando falamos do Pe. Paulo Farina, a primeira recorda\u00e7\u00e3o que vem \u00e0 mem\u00f3ria \u00e9 a sua rela\u00e7\u00e3o com a Funda\u00e7\u00e3o Lucas de Ara\u00fajo. Tamb\u00e9m n\u00e3o poderia ser diferente, afinal foram 62 anos. A presen\u00e7a dele l\u00e1 foi muito al\u00e9m do administrativo. Tendo em vista que, quando um padre \u00e9 nomeado, seja para conduzir uma par\u00f3quia, uma obra social ou qualquer outra, ele tem uma tr\u00edplice miss\u00e3o: evangelizar anunciando a Palavra de Deus, santificar pelos sacramentos e b\u00ean\u00e7\u00e3os e, em pastorear, isto \u00e9 a parte administrativa, organizativa, caritativa. Sendo a Funda\u00e7\u00e3o Lucas de Ara\u00fajo uma obra social dirigida pela Arquidiocese de Passo Fundo, a preocupa\u00e7\u00e3o \u00e9 com a forma\u00e7\u00e3o integral do ser humano por isso n\u00e3o pode faltar a dimens\u00e3o espiritual, a forma\u00e7\u00e3o religiosa e da consci\u00eancia moral, da cidadania.<\/p>\n<p style=\"text-align: justify\">Por ocasi\u00e3o da ordena\u00e7\u00e3o presbiteral, o novo padre come\u00e7a a fazer parte de um Presbit\u00e9rio. \u00c9 um la\u00e7o jur\u00eddico-can\u00f4nico, mas acima de tudo \u00e9 uma comunh\u00e3o na miss\u00e3o, na fraternidade, na amizade, na conviv\u00eancia. Pe. Paulo Farina foi sempre, junto aos colegas, uma presen\u00e7a muito agrad\u00e1vel, jovial e de grande disponibilidade. Algu\u00e9m que agregava criando um ambiente favor\u00e1vel. Ele fez um bem muito grande a todos os padres que tiveram a gra\u00e7a de conviver e trabalhar com ele.<\/p>\n<p style=\"text-align: justify\">No dia 13 de dezembro de 2006, por ocasi\u00e3o dos 50 anos de vida sacerdotal, o Pe. Paulo abria o cora\u00e7\u00e3o e disse: \u201cConsidero um privil\u00e9gio poder exercer durante 50 anos uma voca\u00e7\u00e3o, uma miss\u00e3o, uma fun\u00e7\u00e3o espiritual eclesi\u00e1stica em meio a um mundo t\u00e3o conturbado. Pode-se dizer que foi uma \u00e9poca de transi\u00e7\u00e3o, quando aconteceram tantas mudan\u00e7as na Igreja e no mundo. Manter-se firme na miss\u00e3o nos dias de hoje, \u00e9 quase um hero\u00edsmo. Em meio a tantas aberra\u00e7\u00f5es algu\u00e9m, e esse algu\u00e9m, com certeza, s\u00e3o os que recebem um toque especial, um chamado especial, esses \u00e9 preciso que suportem as avalanches de disposi\u00e7\u00f5es que se sucedem variadas e velozes. Valeu a pena nadar contra a correnteza. Sentimos agora o sabor da vit\u00f3ria e da realiza\u00e7\u00e3o. O testemunho de tantos leigos fi\u00e9is e sinceros, pelo Senhor Jesus \u00e9 onde os sacerdotes encontram lenitivos e for\u00e7as para prosseguir a miss\u00e3o. A todos quantos abra\u00e7am o sacerd\u00f3cio conclu\u00edmos dizendo: A miss\u00e3o do sacerdote com certeza, n\u00e3o \u00e9 sombra e \u00e1gua fresca, mas vale a pena. Vale muito \u00e0 pena&#8230;\u201d<\/p>\n<p style=\"text-align: justify\">Concluiu a sua miss\u00e3o sacerdotal no s\u00e1bado, 12 de janeiro de 2019, presidindo a \u00faltima eucaristia no Abrigo de Idosos S\u00e3o Jos\u00e9 e Jo\u00e3o XXIII. Se fosse perguntado sobre a sua vida ministerial, certamente diria com mais convic\u00e7\u00e3o o que tinha dito por ocasi\u00e3o do jubileu. Feliz e realizado por ter cumprido frutuosamente a sua miss\u00e3o.<\/p>\n<p style=\"text-align: justify\">\n<p>&nbsp;<\/p>\n","protected":false},"excerpt":{"rendered":"<p>Dom Rodolfo Lu\u00eds Weber Arcebispo de Passo Fundo No \u00faltimo domingo, dia 13 de janeiro de 2019, morria o Pe. Paulo Augusto Farina. O seu minist\u00e9rio presbiteral em Passo Fundo, come\u00e7ou uma semana ap\u00f3s a ordena\u00e7\u00e3o presbiteral acontecida em 08 de dezembro de 1956. Em janeiro de 1957, Dom Cl\u00e1udio Colling o nomeou para cuidar &hellip;<\/p>\n<p class=\"read-more\"> <a class=\"\" href=\"https:\/\/www.cnbb.org.br\/pe-paulo-augusto-farina\/\"> <span class=\"screen-reader-text\">Pe. Paulo Augusto Farina<\/span> Leia mais &raquo;<\/a><\/p>\n","protected":false},"author":27,"featured_media":0,"comment_status":"closed","ping_status":"open","sticky":false,"template":"","format":"standard","meta":{"site-sidebar-layout":"default","site-content-layout":"default","ast-global-header-display":"","ast-banner-title-visibility":"","ast-main-header-display":"","ast-hfb-above-header-display":"","ast-hfb-below-header-display":"","ast-hfb-mobile-header-display":"","site-post-title":"","ast-breadcrumbs-content":"","ast-featured-img":"","footer-sml-layout":"","theme-transparent-header-meta":"","adv-header-id-meta":"","stick-header-meta":"","header-above-stick-meta":"","header-main-stick-meta":"","header-below-stick-meta":""},"categories":[758],"tags":[],"acf":[],"_links":{"self":[{"href":"https:\/\/www.cnbb.org.br\/cnbb-app\/wp\/v2\/posts\/33128"}],"collection":[{"href":"https:\/\/www.cnbb.org.br\/cnbb-app\/wp\/v2\/posts"}],"about":[{"href":"https:\/\/www.cnbb.org.br\/cnbb-app\/wp\/v2\/types\/post"}],"author":[{"embeddable":true,"href":"https:\/\/www.cnbb.org.br\/cnbb-app\/wp\/v2\/users\/27"}],"replies":[{"embeddable":true,"href":"https:\/\/www.cnbb.org.br\/cnbb-app\/wp\/v2\/comments?post=33128"}],"version-history":[{"count":0,"href":"https:\/\/www.cnbb.org.br\/cnbb-app\/wp\/v2\/posts\/33128\/revisions"}],"wp:attachment":[{"href":"https:\/\/www.cnbb.org.br\/cnbb-app\/wp\/v2\/media?parent=33128"}],"wp:term":[{"taxonomy":"category","embeddable":true,"href":"https:\/\/www.cnbb.org.br\/cnbb-app\/wp\/v2\/categories?post=33128"},{"taxonomy":"post_tag","embeddable":true,"href":"https:\/\/www.cnbb.org.br\/cnbb-app\/wp\/v2\/tags?post=33128"}],"curies":[{"name":"wp","href":"https:\/\/api.w.org\/{rel}","templated":true}]}}