{"id":33220,"date":"2019-01-27T00:00:00","date_gmt":"2019-01-27T02:00:00","guid":{"rendered":"https:\/\/www.cnbb.org.br\/cnbb-manifesta-solidariedade-com-as-familias-atingidas-pelo-rompimento-da-barragem-de-brumadinho-mg-e-afirma-que-o-desastre-de-mariana-ensinou-muito-pouco\/"},"modified":"2019-01-27T00:00:00","modified_gmt":"2019-01-27T02:00:00","slug":"cnbb-manifesta-solidariedade-com-as-familias-atingidas-pelo-rompimento-da-barragem-de-brumadinho-mg-e-afirma-que-o-desastre-de-mariana-ensinou-muito-pouco","status":"publish","type":"post","link":"https:\/\/www.cnbb.org.br\/cnbb-manifesta-solidariedade-com-as-familias-atingidas-pelo-rompimento-da-barragem-de-brumadinho-mg-e-afirma-que-o-desastre-de-mariana-ensinou-muito-pouco\/","title":{"rendered":"CNBB \u00e9 solid\u00e1ria com as v\u00edtimas em Brumadinho (MG) e afirma que o &#8220;Desastre de Mariana&#8221; ensinou muito pouco"},"content":{"rendered":"<p style=\"text-align: justify\">A presid\u00eancia da Confer\u00eancia Nacional dos Bispos do Brasil (CNBB) emitiu Nota de Solidariedade na tarde deste s\u00e1bado, 26 de janeiro, a respeito do fato ocorrido ontem, sexta-feira, quando houve o\u00a0 rompimento da barragem Mina C\u00f3rrego do Feij\u00e3o, em Brumadinho(MG).<\/p>\n<p style=\"text-align: justify\">Na nota, os bispos destacam que aquela trag\u00e9dia recente e semelhante quando houve rompimento de outra barragem em Mariana (MG) ensinou muito pouco.<\/p>\n<p style=\"text-align: justify\">Em nome do episcopado brasileiro, os bispos da presid\u00eancia se unem aos familiares das v\u00edtimas e \u00e0s comunidades para pedir: &#8220;<em>As fam\u00edlias e as comunidades esperam da parte do Executivo rigor na fiscaliza\u00e7\u00e3o, do Legislativo, responsabilidade \u00e9tica de rever o projeto do C\u00f3digo de Minera\u00e7\u00e3o, e do Judici\u00e1rio, agilidade e justi\u00e7a<\/em>&#8220;.<\/p>\n<p style=\"text-align: justify\">A presid\u00eancia manifesta estar unida tamb\u00e9m com toda a fam\u00edlia arquidiocesana de Belo Horizonte e refor\u00e7a o pedido do arcebispo, dom Walmor Oliveira: \u201c<em>\u00c9 urg\u00eancia minimizar a dor dos atingidos por mais esse desastre ambiental, sem se esquecer de acompanhar, de perto, a atua\u00e7\u00e3o das autoridades, na apura\u00e7\u00e3o dos respons\u00e1veis por mais um triste e lament\u00e1vel epis\u00f3dio, chaga aberta no cora\u00e7\u00e3o de Minas Gerais&#8221;<\/em>.<\/p>\n<p style=\"text-align: justify\">No final da Nota de Solidariedade, a Presid\u00eancia da CNBB &#8220;<em>oferece ora\u00e7\u00f5es ao Senhor da Vida em favor das fam\u00edlias, das comunidades da Arquidiocese de Belo Horizonte, atingidas pelo rompimento da barragem da mineradora Vale. Convidamos cada pessoa crist\u00e3 a se associar aos irm\u00e3os e irm\u00e3s que sofrem com a perda de seus entes queridos e de seus bens<\/em>&#8220;.<\/p>\n<p>&nbsp;<\/p>\n<p>Leia a Nota, na \u00edntegra:<\/p>\n<blockquote>\n<h3 style=\"text-align: center\"><strong>NOTA DE SOLIDARIEDADE<\/strong><\/h3>\n<p style=\"text-align: right\">\u201c<em>Toda a cria\u00e7\u00e3o, at\u00e9 o presente, est\u00e1 gemendo como que em dores de parto<\/em>\u201d<\/p>\n<p style=\"text-align: right\">(Rm 8,22)<\/p>\n<p>&nbsp;<\/p>\n<p style=\"text-align: justify\">A trag\u00e9dia em Brumadinho, regi\u00e3o metropolitana de Belo Horizonte, Minas Gerais, vem confirmar a profecia de S\u00e3o Paulo VI: \u201cPor motivo de uma explora\u00e7\u00e3o que n\u00e3o leva em considera\u00e7\u00e3o a natureza, o ser humano come\u00e7a a correr o risco de a destruir e de vir a ser, tamb\u00e9m ele, v\u00edtima dessa degrada\u00e7\u00e3o (Discurso \u00e0 FAO, (16\/11\/1970).<\/p>\n<p style=\"text-align: justify\">Por ocasi\u00e3o do \u201cDesastre de Mariana\u201d, tamb\u00e9m em Minas Gerais, o Conselho Episcopal de Pastoral da CNBB afirmava que \u201c\u00e9 preciso colocar um limite ao lucro a todo custo que, muitas vezes, faz negligenciar medidas de seguran\u00e7a e prote\u00e7\u00e3o \u00e0 vida das pessoas e do planeta\u201d (25\/12\/2015). \u201cO princ\u00edpio da maximiza\u00e7\u00e3o do lucro, que tende a isolar-se de todas as outras considera\u00e7\u00f5es, \u00e9 uma distor\u00e7\u00e3o conceitual da economia\u201d (Laudato S\u00ec, 195). Esse princ\u00edpio destr\u00f3i a natureza e a pessoa humana.<\/p>\n<p style=\"text-align: justify\">\u00c9 muito triste constatar que o \u201cdesastre de Mariana\u201d tenha ensinado t\u00e3o pouco. \u00c9 urgente que a atividade mineradora no Brasil tenha um marco regulat\u00f3rio que retire do centro o lucro exorbitante das mineradoras ao pre\u00e7o do sacrif\u00edcio humano e da depreda\u00e7\u00e3o do meio ambiente, com a consequente destrui\u00e7\u00e3o da biodiversidade. \u201cO meio ambiente \u00e9 um bem coletivo, patrim\u00f4nio de toda a humanidade e responsabilidade de todos\u201d (Laudato S\u00ec, 95).<\/p>\n<p style=\"text-align: justify\">As fam\u00edlias e as comunidades esperam da parte do Executivo rigor na fiscaliza\u00e7\u00e3o, do Legislativo, responsabilidade \u00e9tica de rever o projeto do C\u00f3digo de Minera\u00e7\u00e3o, e do Judici\u00e1rio, agilidade e justi\u00e7a.<\/p>\n<p style=\"text-align: justify\">Unidos \u00e0 fam\u00edlia arquidiocesana de Belo Horizonte, assumimos como nossas as palavras do seu Arcebispo Dom Walmor Oliveira de Azevedo: \u201c\u00c9 urg\u00eancia minimizar a dor dos atingidos por mais esse desastre ambiental, sem se esquecer de acompanhar, de perto, a atua\u00e7\u00e3o das autoridades, na apura\u00e7\u00e3o dos respons\u00e1veis por mais um triste e lament\u00e1vel epis\u00f3dio, chaga aberta no cora\u00e7\u00e3o de Minas Gerais. A justi\u00e7a seja feita, com lucidez e sem mediocridades que geram passivos, com sentido human\u00edstico e priorizando o bem comum, com incondicional respeito e compromisso com os mais pobres\u201d (25\/01\/2019).<\/p>\n<p style=\"text-align: justify\">A Presid\u00eancia da Confer\u00eancia Nacional dos Bispos do Brasil (CNBB) expressa solidariedade e oferece ora\u00e7\u00f5es ao Senhor da Vida em favor das fam\u00edlias, das comunidades da Arquidiocese de Belo Horizonte, atingidas pelo rompimento da barragem da mineradora Vale. Convidamos cada pessoa crist\u00e3 a se associar aos irm\u00e3os e irm\u00e3s que sofrem com a perda de seus entes queridos e de seus bens.<\/p>\n<p style=\"text-align: justify\">A esperan\u00e7a de viver na \u201cCasa Comum\u201d anime os nossos passos, e a f\u00e9 na ressurrei\u00e7\u00e3o ilumine a nossa dor!<\/p>\n<p style=\"text-align: right\">Bras\u00edlia-DF, 26 de janeiro de 2019<\/p>\n<p style=\"text-align: center\"><strong>Cardeal S\u00e9rgio da Rocha<\/strong><br \/>\nArcebispo de Bras\u00edlia<br \/>\nPresidente da CNBB<\/p>\n<p style=\"text-align: center\"><strong>Dom Murilo S. R. Krieger, SCJ<\/strong><br \/>\nArcebispo de Salvador<br \/>\nVice-Presidente da CNBB<\/p>\n<p style=\"text-align: center\"><strong>Dom Leonardo Ulrich Steiner, OFM<\/strong><br \/>\nBispo Auxiliar de Bras\u00edlia<br \/>\nSecret\u00e1rio-Geral da CNBB<\/p>\n<p>&nbsp;<\/p><\/blockquote>\n<p>&nbsp;<\/p>\n<p style=\"text-align: right\"><em>(Foto\/home:\u00a0Isac N\u00f3brega\/PR\/site p\u00fablico)\u00a0<\/em><\/p>\n","protected":false},"excerpt":{"rendered":"<p>&#8220;\u00c9 urgente que a atividade mineradora no Brasil tenha um marco regulat\u00f3rio que retire do centro o lucro exorbitante das mineradoras ao pre\u00e7o do sacrif\u00edcio humano e da depreda\u00e7\u00e3o do meio ambiente, com a consequente destrui\u00e7\u00e3o da biodiversidade&#8221;, afirmam os bispos.<\/p>\n","protected":false},"author":83,"featured_media":487,"comment_status":"closed","ping_status":"open","sticky":false,"template":"","format":"standard","meta":{"site-sidebar-layout":"default","site-content-layout":"default","ast-global-header-display":"","ast-banner-title-visibility":"","ast-main-header-display":"","ast-hfb-above-header-display":"","ast-hfb-below-header-display":"","ast-hfb-mobile-header-display":"","site-post-title":"","ast-breadcrumbs-content":"","ast-featured-img":"","footer-sml-layout":"","theme-transparent-header-meta":"","adv-header-id-meta":"","stick-header-meta":"","header-above-stick-meta":"","header-main-stick-meta":"","header-below-stick-meta":""},"categories":[1191,783],"tags":[],"acf":[],"_links":{"self":[{"href":"https:\/\/www.cnbb.org.br\/cnbb-app\/wp\/v2\/posts\/33220"}],"collection":[{"href":"https:\/\/www.cnbb.org.br\/cnbb-app\/wp\/v2\/posts"}],"about":[{"href":"https:\/\/www.cnbb.org.br\/cnbb-app\/wp\/v2\/types\/post"}],"author":[{"embeddable":true,"href":"https:\/\/www.cnbb.org.br\/cnbb-app\/wp\/v2\/users\/83"}],"replies":[{"embeddable":true,"href":"https:\/\/www.cnbb.org.br\/cnbb-app\/wp\/v2\/comments?post=33220"}],"version-history":[{"count":0,"href":"https:\/\/www.cnbb.org.br\/cnbb-app\/wp\/v2\/posts\/33220\/revisions"}],"wp:featuredmedia":[{"embeddable":true,"href":"https:\/\/www.cnbb.org.br\/cnbb-app\/wp\/v2\/media\/487"}],"wp:attachment":[{"href":"https:\/\/www.cnbb.org.br\/cnbb-app\/wp\/v2\/media?parent=33220"}],"wp:term":[{"taxonomy":"category","embeddable":true,"href":"https:\/\/www.cnbb.org.br\/cnbb-app\/wp\/v2\/categories?post=33220"},{"taxonomy":"post_tag","embeddable":true,"href":"https:\/\/www.cnbb.org.br\/cnbb-app\/wp\/v2\/tags?post=33220"}],"curies":[{"name":"wp","href":"https:\/\/api.w.org\/{rel}","templated":true}]}}