{"id":33270,"date":"2019-02-01T00:00:00","date_gmt":"2019-02-01T02:00:00","guid":{"rendered":"https:\/\/www.cnbb.org.br\/crb-intensifica-preparacao-a-sua-xxv-assembleia-geral-eletiva\/"},"modified":"2019-02-01T00:00:00","modified_gmt":"2019-02-01T02:00:00","slug":"crb-intensifica-preparacao-a-sua-xxv-assembleia-geral-eletiva","status":"publish","type":"post","link":"https:\/\/www.cnbb.org.br\/crb-intensifica-preparacao-a-sua-xxv-assembleia-geral-eletiva\/","title":{"rendered":"CRB intensifica prepara\u00e7\u00e3o \u00e0 sua XXV Assembleia Geral eletiva"},"content":{"rendered":"<p style=\"text-align: justify\">A Confer\u00eancia dos Religiosos do Brasil (CRB), organismo vinculado \u00e0 Confer\u00eancia Nacional dos Bispos do Brasil (CNBB), est\u00e1 intensificando o processo de prepara\u00e7\u00e3o para a sua XXV Assembleia Geral Eletiva &#8211; que se realizar\u00e1 de 10 a 14 de julho &#8211; com vistas a preparar os participantes para este momento. No \u00faltimo dia 15 de janeiro, a CRB enviou \u00e0s superioras e superiores maiores e coordenadoras\/es regionais, \u00e0 diretoria da CRB Nacional e aos membros de seu Conselho Fiscal uma carta com orienta\u00e7\u00f5es para a prepara\u00e7\u00e3o \u00e0 esta assembleia.<\/p>\n<p style=\"text-align: justify\">Segundo a irm\u00e3 Maria In\u00eas Vieira Ribeiro, presidente da entidade, a XXV Assembleia Geral Eletiva \u00e9 a culmin\u00e2ncia das atividades do Tri\u00eanio 2016-2019. Esta assembleia se organizar\u00e1 a partir de dois focos distintos, mas integrados: a) por um lado definir\u00e1 o horizonte e prioridades para a vida da Confer\u00eancia; b) por outro, eleger\u00e1 pessoas para coordenar sua concretiza\u00e7\u00e3o por um tri\u00eanio. As reflex\u00f5es e decis\u00f5es ser\u00e3o norteadas pelo tema: \u201cConsagradas e Consagrados em miss\u00e3o\u201d e pelo Lema: \u201cFazei tudo o Ele vos disser\u201d (Jo 2, 5).<\/p>\n<p style=\"text-align: justify\">Segundo informa\u00e7\u00f5es da irm\u00e3 Maria In\u00eas, a CRB Nacional espera, neste processo, fixar um olhar sobre a realidade presente em todos os \u00e2mbitos; retomar o Tri\u00eanio, avaliar a caminhada realizada iluminados\/as pela Palavra de Deus; realizar um aprofundamento do eixo tem\u00e1tico e das poss\u00edveis prioridades para o novo tri\u00eanio; e elaborar o novo horizonte para o tri\u00eanio 2019-2022.<\/p>\n<p style=\"text-align: justify\">Nesta assembleia, ser\u00e1 eleita a nova Equipe de anima\u00e7\u00e3o da Vida Religiosa Consagrada no Brasil, o que inclui presidente, diretoria e conselho fiscal, composta por 6 pessoas. Na carta enviada, a CRB pede indica\u00e7\u00f5es aos superiores e superioras de nomes, obedecendo aos seguintes crit\u00e9rios: a) Para Presidente: algu\u00e9m que j\u00e1 foi superior\/a geral, provincial ou regional; b Para a Diretoria: pessoas que est\u00e3o exercendo a fun\u00e7\u00e3o de superior\/a geral, provincial\u00a0ou regional; e c) Conselho Fiscal: consagradas ou consagrados.<\/p>\n<p style=\"text-align: justify\">Irm\u00e3 Maria In\u00eas destaca ainda que esta assembleia ser\u00e1, sobretudo, um momento de \u201cencontrarmo-nos como vida religiosa consagrada na fraternidade, na alegria, na partilha e na f\u00e9. E na uni\u00e3o de irm\u00e3os e irm\u00e3s reavivar a esperan\u00e7a, o amor e a fidelidade ao projeto de Deus\u201d.<\/p>\n","protected":false},"excerpt":{"rendered":"<p>As reflex\u00f5es e decis\u00f5es ser\u00e3o norteadas pelo tema: \u201cConsagradas e Consagrados em miss\u00e3o\u201d<\/p>\n","protected":false},"author":83,"featured_media":526,"comment_status":"closed","ping_status":"open","sticky":false,"template":"","format":"standard","meta":{"site-sidebar-layout":"default","site-content-layout":"default","ast-global-header-display":"","ast-banner-title-visibility":"","ast-main-header-display":"","ast-hfb-above-header-display":"","ast-hfb-below-header-display":"","ast-hfb-mobile-header-display":"","site-post-title":"","ast-breadcrumbs-content":"","ast-featured-img":"","footer-sml-layout":"","theme-transparent-header-meta":"","adv-header-id-meta":"","stick-header-meta":"","header-above-stick-meta":"","header-main-stick-meta":"","header-below-stick-meta":""},"categories":[815,762],"tags":[],"acf":[],"_links":{"self":[{"href":"https:\/\/www.cnbb.org.br\/cnbb-app\/wp\/v2\/posts\/33270"}],"collection":[{"href":"https:\/\/www.cnbb.org.br\/cnbb-app\/wp\/v2\/posts"}],"about":[{"href":"https:\/\/www.cnbb.org.br\/cnbb-app\/wp\/v2\/types\/post"}],"author":[{"embeddable":true,"href":"https:\/\/www.cnbb.org.br\/cnbb-app\/wp\/v2\/users\/83"}],"replies":[{"embeddable":true,"href":"https:\/\/www.cnbb.org.br\/cnbb-app\/wp\/v2\/comments?post=33270"}],"version-history":[{"count":0,"href":"https:\/\/www.cnbb.org.br\/cnbb-app\/wp\/v2\/posts\/33270\/revisions"}],"wp:featuredmedia":[{"embeddable":true,"href":"https:\/\/www.cnbb.org.br\/cnbb-app\/wp\/v2\/media\/526"}],"wp:attachment":[{"href":"https:\/\/www.cnbb.org.br\/cnbb-app\/wp\/v2\/media?parent=33270"}],"wp:term":[{"taxonomy":"category","embeddable":true,"href":"https:\/\/www.cnbb.org.br\/cnbb-app\/wp\/v2\/categories?post=33270"},{"taxonomy":"post_tag","embeddable":true,"href":"https:\/\/www.cnbb.org.br\/cnbb-app\/wp\/v2\/tags?post=33270"}],"curies":[{"name":"wp","href":"https:\/\/api.w.org\/{rel}","templated":true}]}}