{"id":33293,"date":"2019-02-05T00:00:00","date_gmt":"2019-02-05T02:00:00","guid":{"rendered":"https:\/\/www.cnbb.org.br\/ego-e-alteridade\/"},"modified":"2019-02-05T00:00:00","modified_gmt":"2019-02-05T02:00:00","slug":"ego-e-alteridade","status":"publish","type":"post","link":"https:\/\/www.cnbb.org.br\/ego-e-alteridade\/","title":{"rendered":"Ego e Alteridade"},"content":{"rendered":"<p style=\"text-align: right\"><strong>Dom Alo\u00edsio A. Dilli<\/strong><br \/>\n<strong>Bispo de Santa Cruz do Sul (RS)<\/strong><\/p>\n<p style=\"text-align: justify\">Caros diocesanos. Em nossas rela\u00e7\u00f5es humanas manifestam-se os mais diversificados interesses. Ao tentarmos sintetiz\u00e1-los, poder\u00edamos falar em dois p\u00f3los que centralizam: o <em>Ego<\/em> (Eu) e a <em>Alteridade<\/em> (os Outros\/as). De um lado somos indiv\u00edduos, pessoas \u00fanicas, n\u00e3o havendo ningu\u00e9m igual a n\u00f3s; mas percebemos, que n\u00e3o \u00e9 poss\u00edvel viver sozinho, pois dependemos dos outros e do mundo que nos cerca. Diz corretamente o fil\u00f3sofo Ortega y Gasset: \u201c<em>Eu sou eu e minha circunst\u00e2ncia<\/em>\u201d. Somos seres-no-mundo, portanto, interdependentes. Ningu\u00e9m de n\u00f3s \u00e9 uma ilha isolada.<\/p>\n<p style=\"text-align: justify\">Quando esta inter-rela\u00e7\u00e3o do <em>ego<\/em> e da <em>alteridade <\/em>\u00e9 harmoniosa, o resultado ser\u00e1 normalmente uma conviv\u00eancia feliz e enriquecida, pac\u00edfica e animadora. O contr\u00e1rio tamb\u00e9m \u00e9 verdadeiro: o desequil\u00edbrio das rela\u00e7\u00f5es causa infelicidade e cria conflitos, desajustes em n\u00f3s, com os outros ao redor de n\u00f3s.<\/p>\n<p style=\"text-align: justify\">Sempre mais nos damos conta que o relativismo, com suas ra\u00edzes presas no individualismo ego\u00edsta, como vimos na mensagem anterior, traz consigo uma s\u00e9rie de conflitos, dificultando a harmoniosa conviv\u00eancia fraterna, seja no mundo das rela\u00e7\u00f5es humanas, seja com o planeta, nossa casa comum, como diz o Papa Francisco. Pela f\u00e9 crist\u00e3 aprendemos que Jesus Cristo deu sua vida para que n\u00f3s tiv\u00e9ssemos vida em abund\u00e2ncia (Jo 10, 10). Ele derrotou na cruz o desequil\u00edbrio causado pela morte sobre a vida; ensinou-nos pelo amor a vencer o ego\u00edsmo, que gera a morte da alteridade: das pessoas, da natureza, do planeta.<\/p>\n<p style=\"text-align: justify\">Dentro do clima de valoriza\u00e7\u00e3o crist\u00e3 da alteridade, de amor aos irm\u00e3os e irm\u00e3s e do cuidado e respeito pela vida no planeta, queremos olhar para S\u00e3o Francisco de Assis, o santo da fraternidade universal, e rezar junto com ele o <em>C\u00e2ntico das Criaturas<\/em>:<\/p>\n<p style=\"text-align: justify\"><em>\u201cLouvado sejas, meu Senhor, com todas as tuas criaturas; especialmente, com o senhor irm\u00e3o sol, o qual \u00e9 dia, e por ele nos alumias. E ele \u00e9 belo e radiante, com grande esplendor, de ti, Alt\u00edssimo, \u00e9 sinal.<\/em><\/p>\n<p style=\"text-align: justify\"><em>Louvado sejas, meu Senhor, pela irm\u00e3 lua e as estrelas, que no c\u00e9u formaste claras, preciosas e belas.<\/em><\/p>\n<p style=\"text-align: justify\"><em>Louvado sejas, meu Senhor, pelo irm\u00e3o vento, pelo ar e pelas nuvens, pelo sereno e todo tempo, pelo qual \u00e0s tuas criaturas d\u00e1s sustento.<\/em><\/p>\n<p style=\"text-align: justify\"><em>Louvado sejas, meu Senhor, pela irm\u00e3 \u00e1gua, que \u00e9 mui \u00fatil e humilde e preciosa e pura.<\/em><\/p>\n<p style=\"text-align: justify\"><em>Louvado sejas, meu Senhor, pelo irm\u00e3o fogo, pelo qual iluminas a noite. E ele \u00e9 belo, jucundo e robusto e forte.<\/em><\/p>\n<p style=\"text-align: justify\"><em>Louvado sejas, meu Senhor, pela nossa irm\u00e3 e m\u00e3e terra, que nos sustenta e governa, e produz diversos frutos e coloridas flores e ervas.<\/em><\/p>\n<p style=\"text-align: justify\"><em>Louvado sejas, meu Senhor, pelos que perdoam por teu amor, e sustentam enfermidade e tribula\u00e7\u00e3o.<\/em><\/p>\n<p style=\"text-align: justify\"><em>Bem-aventurados os que as sustentam em paz, porque por ti, Alt\u00edssimo, ser\u00e3o coroados.<\/em><\/p>\n<p style=\"text-align: justify\"><em>Louvado sejas, meu Senhor, pela nossa irm\u00e3 a Morte corporal, da qual homem algum pode escapar&#8230;<\/em><\/p>\n<p style=\"text-align: justify\"><em>Louvai e bendizei a meu Senhor e rendei-lhe gra\u00e7as e servi-O com grande humildade\u201d.<\/em><\/p>\n<p style=\"text-align: justify\">Com votos de Paz e Bem, aben\u00e7oamos a todos no esp\u00edrito da fraternidade universal.<\/p>\n<p style=\"text-align: justify\"><em>\u00a0<\/em><\/p>\n<p style=\"text-align: justify\">\n<p style=\"text-align: justify\">\n<p style=\"text-align: justify\">\n","protected":false},"excerpt":{"rendered":"<p>Dom Alo\u00edsio A. Dilli Bispo de Santa Cruz do Sul (RS) Caros diocesanos. Em nossas rela\u00e7\u00f5es humanas manifestam-se os mais diversificados interesses. Ao tentarmos sintetiz\u00e1-los, poder\u00edamos falar em dois p\u00f3los que centralizam: o Ego (Eu) e a Alteridade (os Outros\/as). De um lado somos indiv\u00edduos, pessoas \u00fanicas, n\u00e3o havendo ningu\u00e9m igual a n\u00f3s; mas percebemos, &hellip;<\/p>\n<p class=\"read-more\"> <a class=\"\" href=\"https:\/\/www.cnbb.org.br\/ego-e-alteridade\/\"> <span class=\"screen-reader-text\">Ego e Alteridade<\/span> Leia mais &raquo;<\/a><\/p>\n","protected":false},"author":33,"featured_media":0,"comment_status":"closed","ping_status":"open","sticky":false,"template":"","format":"standard","meta":{"site-sidebar-layout":"default","site-content-layout":"default","ast-global-header-display":"","ast-banner-title-visibility":"","ast-main-header-display":"","ast-hfb-above-header-display":"","ast-hfb-below-header-display":"","ast-hfb-mobile-header-display":"","site-post-title":"","ast-breadcrumbs-content":"","ast-featured-img":"","footer-sml-layout":"","theme-transparent-header-meta":"","adv-header-id-meta":"","stick-header-meta":"","header-above-stick-meta":"","header-main-stick-meta":"","header-below-stick-meta":""},"categories":[758],"tags":[],"acf":[],"_links":{"self":[{"href":"https:\/\/www.cnbb.org.br\/cnbb-app\/wp\/v2\/posts\/33293"}],"collection":[{"href":"https:\/\/www.cnbb.org.br\/cnbb-app\/wp\/v2\/posts"}],"about":[{"href":"https:\/\/www.cnbb.org.br\/cnbb-app\/wp\/v2\/types\/post"}],"author":[{"embeddable":true,"href":"https:\/\/www.cnbb.org.br\/cnbb-app\/wp\/v2\/users\/33"}],"replies":[{"embeddable":true,"href":"https:\/\/www.cnbb.org.br\/cnbb-app\/wp\/v2\/comments?post=33293"}],"version-history":[{"count":0,"href":"https:\/\/www.cnbb.org.br\/cnbb-app\/wp\/v2\/posts\/33293\/revisions"}],"wp:attachment":[{"href":"https:\/\/www.cnbb.org.br\/cnbb-app\/wp\/v2\/media?parent=33293"}],"wp:term":[{"taxonomy":"category","embeddable":true,"href":"https:\/\/www.cnbb.org.br\/cnbb-app\/wp\/v2\/categories?post=33293"},{"taxonomy":"post_tag","embeddable":true,"href":"https:\/\/www.cnbb.org.br\/cnbb-app\/wp\/v2\/tags?post=33293"}],"curies":[{"name":"wp","href":"https:\/\/api.w.org\/{rel}","templated":true}]}}