{"id":33294,"date":"2019-02-05T00:00:00","date_gmt":"2019-02-05T02:00:00","guid":{"rendered":"https:\/\/www.cnbb.org.br\/vacante-diocese-de-leopoldina-elege-administrador-diocesano\/"},"modified":"2019-02-05T00:00:00","modified_gmt":"2019-02-05T02:00:00","slug":"vacante-diocese-de-leopoldina-elege-administrador-diocesano","status":"publish","type":"post","link":"https:\/\/www.cnbb.org.br\/vacante-diocese-de-leopoldina-elege-administrador-diocesano\/","title":{"rendered":"Vacante, diocese de Leopoldina elege administrador diocesano"},"content":{"rendered":"<p style=\"text-align: justify\">Na manh\u00e3 da segunda-feira, 4 de fevereiro, os sacerdotes que comp\u00f5em o Col\u00e9gio de Consultores da diocese de Leopoldina (MG), se reuniram e elegeram padre Volnei Ferreira Noro como administrador diocesano.<\/p>\n<p style=\"text-align: justify\">A diocese ficou vacante ap\u00f3s a nomea\u00e7\u00e3o de dom Jos\u00e9 Eudes do Nascimento para a diocese de S\u00e3o Jo\u00e3o Del Rei. <a href=\"http:\/\/www.cnbbleste2.org.br\/index.php?pagina=grupo_noticia&amp;tela=10&amp;vw=2796\" target=\"_blank\" rel=\"noopener\">A posse do bispo aconteceu no \u00faltimo s\u00e1bado<\/a>, 2 de fevereiro.<\/p>\n<p style=\"text-align: justify\">Padre Volnei foi ordenado presb\u00edtero por dom Ricardo Pedro Chaves Pinto, no dia 7 de fevereiro de 1993, em Cataguases (MG). \u00c9 o atual p\u00e1roco na par\u00f3quia S\u00e3o Sebasti\u00e3o, em Ub\u00e1 (MG), e passou por diversas cidades do territ\u00f3rio diocesano, como Cataguases, Astolfo Dutra e Visconde do Rio Branco.<\/p>\n<p style=\"text-align: justify\"><a href=\"http:\/\/www.cnbbleste2.org.br\/index.php?pagina=grupo_noticia&amp;tela=10&amp;vw=2797\" target=\"_blank\" rel=\"noopener\">Confira a not\u00edcia na \u00edntegra.<\/a><\/p>\n","protected":false},"excerpt":{"rendered":"<p>Na manh\u00e3 da segunda-feira, 4 de fevereiro, os sacerdotes que comp\u00f5em o Col\u00e9gio de Consultores da diocese de Leopoldina (MG), se reuniram e elegeram padre Volnei Ferreira Noro como administrador diocesano. A diocese ficou vacante ap\u00f3s a nomea\u00e7\u00e3o de dom Jos\u00e9 Eudes do Nascimento para a diocese de S\u00e3o Jo\u00e3o Del Rei. A posse do &hellip;<\/p>\n<p class=\"read-more\"> <a class=\"\" href=\"https:\/\/www.cnbb.org.br\/vacante-diocese-de-leopoldina-elege-administrador-diocesano\/\"> <span class=\"screen-reader-text\">Vacante, diocese de Leopoldina elege administrador diocesano<\/span> Leia mais &raquo;<\/a><\/p>\n","protected":false},"author":83,"featured_media":555,"comment_status":"closed","ping_status":"open","sticky":false,"template":"","format":"standard","meta":{"site-sidebar-layout":"default","site-content-layout":"default","ast-global-header-display":"","ast-banner-title-visibility":"","ast-main-header-display":"","ast-hfb-above-header-display":"","ast-hfb-below-header-display":"","ast-hfb-mobile-header-display":"","site-post-title":"","ast-breadcrumbs-content":"","ast-featured-img":"","footer-sml-layout":"","theme-transparent-header-meta":"","adv-header-id-meta":"","stick-header-meta":"","header-above-stick-meta":"","header-main-stick-meta":"","header-below-stick-meta":""},"categories":[778,769],"tags":[],"acf":[],"_links":{"self":[{"href":"https:\/\/www.cnbb.org.br\/cnbb-app\/wp\/v2\/posts\/33294"}],"collection":[{"href":"https:\/\/www.cnbb.org.br\/cnbb-app\/wp\/v2\/posts"}],"about":[{"href":"https:\/\/www.cnbb.org.br\/cnbb-app\/wp\/v2\/types\/post"}],"author":[{"embeddable":true,"href":"https:\/\/www.cnbb.org.br\/cnbb-app\/wp\/v2\/users\/83"}],"replies":[{"embeddable":true,"href":"https:\/\/www.cnbb.org.br\/cnbb-app\/wp\/v2\/comments?post=33294"}],"version-history":[{"count":0,"href":"https:\/\/www.cnbb.org.br\/cnbb-app\/wp\/v2\/posts\/33294\/revisions"}],"wp:featuredmedia":[{"embeddable":true,"href":"https:\/\/www.cnbb.org.br\/cnbb-app\/wp\/v2\/media\/555"}],"wp:attachment":[{"href":"https:\/\/www.cnbb.org.br\/cnbb-app\/wp\/v2\/media?parent=33294"}],"wp:term":[{"taxonomy":"category","embeddable":true,"href":"https:\/\/www.cnbb.org.br\/cnbb-app\/wp\/v2\/categories?post=33294"},{"taxonomy":"post_tag","embeddable":true,"href":"https:\/\/www.cnbb.org.br\/cnbb-app\/wp\/v2\/tags?post=33294"}],"curies":[{"name":"wp","href":"https:\/\/api.w.org\/{rel}","templated":true}]}}