{"id":33295,"date":"2019-02-05T00:00:00","date_gmt":"2019-02-05T02:00:00","guid":{"rendered":"https:\/\/www.cnbb.org.br\/aguas-mais-profundas\/"},"modified":"2019-02-05T00:00:00","modified_gmt":"2019-02-05T02:00:00","slug":"aguas-mais-profundas","status":"publish","type":"post","link":"https:\/\/www.cnbb.org.br\/aguas-mais-profundas\/","title":{"rendered":"\u00c1guas mais profundas"},"content":{"rendered":"<p style=\"text-align: right\"><strong>Dom Alberto Taveira Corr\u00eaa<\/strong><br \/>\n<strong>Arcebispo de Bel\u00e9m do Par\u00e1<\/strong><\/p>\n<p style=\"text-align: justify\">\n<p>\u201cCerto dia, Jesus estava \u00e0 beira do lago de Genesar\u00e9, e a multid\u00e3o se comprimia a seu redor para ouvir a Palavra de Deus. Ele viu dois barcos \u00e0 beira do lago; os pescadores tinham descido e lavavam as redes. Subiu num dos barcos, o de Sim\u00e3o, e pediu que se afastasse um pouco da terra. Ent\u00e3o sentou-se e, do barco, ensinava as multid\u00f5es. Quando acabou de falar, disse a Sim\u00e3o: \u201cAvan\u00e7a para \u00e1guas mais profundas, e ali lan\u00e7ai vossas redes para a pesca\u201d. Sim\u00e3o respondeu: \u201cMestre, trabalhamos a noite inteira e n\u00e3o pegamos nada. Mas, na tua palavra, lan\u00e7arei as redes\u201d (Lc 5,1-5).<\/p>\n<p style=\"text-align: justify\">\nEm nosso ambiente amaz\u00f4nico n\u00e3o faltam as \u00e1guas para entendermos a provoca\u00e7\u00e3o positiva de Jesus aos seus disc\u00edpulos de ontem e de hoje. Ao comemorarmos os trezentos anos de cria\u00e7\u00e3o da Diocese de Bel\u00e9m, nossa Igreja quer descobrir justamente nestas \u00e1guas o sinal para enfrentar os desafios \u00e0 miss\u00e3o de evangelizar. N\u00e3o nos cabe assentar-nos sobre louros de eventuais vit\u00f3rias, e estas n\u00e3o s\u00e3o poucas! O tempo que se chama hoje (Cf. Hb 3,10-19) pede respostas novas e coerentes, para que a Boa Nova do Evangelho ressoe sempre de novo no cora\u00e7\u00e3o das pessoas e renove nosso mundo e nosso tempo.<\/p>\n<p style=\"text-align: justify\">\n\u201cNa tua palavra, lan\u00e7aremos as redes!\u201d Na for\u00e7a da Palavra de Jesus queremos enfrentar os novos desafios. Vivemos num mundo pluralista, n\u00e3o sendo vi\u00e1vel o sonho de uma cristandade na qual todos pensem da mesma forma. O projeto \u00e9 ser sal, luz, fermento, gr\u00e3o de mostarda, semente que floresce misteriosamente&#8230; O desafio se chama di\u00e1logo com o diferente. O caminho \u00e9 t\u00e3o antigo e ao mesmo tempo atual. \u201cCom os fracos me fiz fraco, para ganhar os fracos. Para todos eu me fiz tudo, para certamente salvar alguns. Por causa do evangelho eu fa\u00e7o tudo, para dele me tornar participante\u201d (1 Cor 9,22-23). Ir ao encontro de todos, superando defesas e preconceitos. Ressoe entre n\u00f3s a proposta do Papa Francisco, na Evangelii Gaudium: \u201cPrefiro uma Igreja acidentada, ferida e enlameada por ter sa\u00eddo pelas estradas, do que uma Igreja enferma pela oclus\u00e3o e a comodidade de se agarrar \u00e0s pr\u00f3prias seguran\u00e7as\u201d (EG 49).<\/p>\n<p style=\"text-align: justify\">\n\u201cNa tua palavra, lan\u00e7aremos as redes!\u201d Para ser uma Igreja que sai pelas estradas, h\u00e1 que aprender a conversar com as pessoas, primeiro ouvindo-as, e aqui as nossas Par\u00f3quias s\u00e3o chamadas a um processo de escuta mais intensa e aberta, acolhendo inclusive perguntas para as quais n\u00e3o temos respostas prontas. E nossa linguagem dever\u00e1 ser o an\u00fancio de Jesus Cristo, seu nome e seu Evangelho, mais potentes do que todos os m\u00e9todos de trabalho que possamos imaginar. E nunca falte a un\u00e7\u00e3o vinda do Esp\u00edrito!<\/p>\n<p style=\"text-align: justify\">\n\u201cNa tua palavra, lan\u00e7aremos as redes!\u201d O desafio da fam\u00edlia e da defesa da vida. Sim \u00e0 vida, diante da cultura de morte. Nossa Igreja quer cerrar fileira com todas as pessoas que defendem a vida desde a concep\u00e7\u00e3o e at\u00e9 o seu ocaso natural, sem ceder \u00e0s press\u00f5es abortistas, ou as propostas de eutan\u00e1sia. Defender a vida ser\u00e1 para n\u00f3s comprometer-nos radicalmente com as pessoas e sua dignidade, especialmente as mais fr\u00e1geis e exclu\u00eddas. Valorizar a fam\u00edlia segundo a proposta da Escritura (\u201cEle os criou homem e mulher\u201d \u2013 Gn 1,27) e da Igreja, fundada no matrim\u00f4nio de homem com mulher.<\/p>\n<p style=\"text-align: justify\">\n\u201cNa tua palavra, lan\u00e7aremos as redes!\u201d. Diante do crescimento de nossas cidades, desejamos ter um olhar mais profundo e mais amplo para as nossas periferias geogr\u00e1ficas e existenciais, com todos os problemas sociais existentes, enfrentando com serenidade e coragem a car\u00eancia de recursos, com confian\u00e7a na Provid\u00eancia de Deus, que nos tem permitido \u201clan\u00e7ar as redes\u201d, mesmo quando humanamente nos sentimos muito limitados.<\/p>\n<p style=\"text-align: justify\">\n\u201cNa tua palavra, lan\u00e7aremos as redes!\u201d \u201cCaminhar com o nosso povo, por vezes \u00e0 frente, por vezes no meio e outras atr\u00e1s: \u00e0 frente para guiar a comunidade; no meio, para animar e sustentar; atr\u00e1s, para a manter unida, a fim de que ningu\u00e9m se atrase demais\u201d. (Papa Francisco) Um enorme desafio \u00e9 a participa\u00e7\u00e3o de todos e convencer os agentes de pastoral em todos os n\u00edveis que \u00e9 muito melhor caminhar juntos. Aqui, a confian\u00e7a na Palavra de Jesus h\u00e1 de ajudar-nos a vencer a insensibilidade e a falta de coragem de muitos, come\u00e7ando pela ora\u00e7\u00e3o fervorosa, a fim de que se despertem para um novo ardor mission\u00e1rio.<\/p>\n<p style=\"text-align: justify\">\n\u201cNa tua palavra, lan\u00e7aremos as redes!\u201d Em nossas m\u00e3os a Provid\u00eancia de Deus colocou um sistema de Comunica\u00e7\u00e3o, atrav\u00e9s da Funda\u00e7\u00e3o Nazar\u00e9 de Comunica\u00e7\u00e3o, a ser mais valorizado e utilizado! Al\u00e9m disso, as novas m\u00eddias existentes e a cont\u00ednua novidade que se apresenta neste campo, tudo isso pede atualiza\u00e7\u00e3o constante, reflex\u00e3o e aprofundamento para oferecer conte\u00fados consistentes. Fechar-nos a estes desafios seria permanecer \u00e0 margem de nossas \u00e1guas, com receio de tomar o barco e lan\u00e7ar-nos para outras \u00e1guas.<\/p>\n<p style=\"text-align: justify\">\n\u201cNa tua palavra, lan\u00e7aremos as redes!\u201d Para alcan\u00e7ar estas metas, \u00e0s quais se acrescentar\u00e3o outras suscitadas pelo Esp\u00edrito Santo, precisamos aprender de novo, debru\u00e7ar-nos diante da Palavra de Deus, estar atentos ao que o Esp\u00edrito diz \u00e0 Igreja, especialmente no S\u00ednodo Especial para a Amaz\u00f4nia. Sim\u00e3o Pedro, pescador de profiss\u00e3o, teve que aprender de novo a pescar com aquele que foi carpinteiro em Nazar\u00e9! Certamente, teve que se dobrar diante de um outro modo de ver as coisas, entend\u00ea-las do jeito que \u00e9 de Deus. Para n\u00f3s, isto significa buscar o conhecimento maior da realidade, estudar, formar-nos de novo, ter a humildade necess\u00e1ria para recome\u00e7ar!<\/p>\n<p style=\"text-align: justify\">\n\u201cNa tua palavra, lan\u00e7aremos as redes!\u201d Tendo obedecido, os ap\u00f3stolos experimentaram a pesca milagrosa. Sim\u00e3o Pedro se assustou tanto que at\u00e9 queria afastar de si o pr\u00f3prio Senhor, por sentir-se fr\u00e1gil e pecador. Vale o mesmo para n\u00f3s, homens e mulheres de Igreja, nesta Arquidiocese de Bel\u00e9m, chamados a olhar a amplid\u00e3o do horizonte, renunciando a nossas lam\u00farias, sabendo que justamente os que se sentem pecadores s\u00e3o os que experimentam mais a miseric\u00f3rdia de Deus!<\/p>\n<p style=\"text-align: justify\">\n\u201cO mesmo ocorreu a Tiago e Jo\u00e3o, filhos de Zebedeu e s\u00f3cios de Sim\u00e3o. Jesus disse a Sim\u00e3o: \u201cN\u00e3o tenhas medo! De agora em diante ser\u00e1s pescador de homens!\u201d Eles levaram os barcos para a margem, deixaram tudo e seguiram Jesus (Lc 5,10-11). A lista dos que deixaram tudo ainda n\u00e3o est\u00e1 pronta. A n\u00f3s, seja qual for nossa voca\u00e7\u00e3o ou estado de vida, cabe deixar alguma coisa para seguir Jesus, a fim de que todos, sem exce\u00e7\u00e3o, lancem as redes de nossa Igreja para avan\u00e7ar para \u00e1guas mais profundas.<\/p>\n","protected":false},"excerpt":{"rendered":"<p>Dom Alberto Taveira Corr\u00eaa Arcebispo de Bel\u00e9m do Par\u00e1 \u201cCerto dia, Jesus estava \u00e0 beira do lago de Genesar\u00e9, e a multid\u00e3o se comprimia a seu redor para ouvir a Palavra de Deus. Ele viu dois barcos \u00e0 beira do lago; os pescadores tinham descido e lavavam as redes. Subiu num dos barcos, o de &hellip;<\/p>\n<p class=\"read-more\"> <a class=\"\" href=\"https:\/\/www.cnbb.org.br\/aguas-mais-profundas\/\"> <span class=\"screen-reader-text\">\u00c1guas mais profundas<\/span> Leia mais &raquo;<\/a><\/p>\n","protected":false},"author":21,"featured_media":0,"comment_status":"closed","ping_status":"open","sticky":false,"template":"","format":"standard","meta":{"site-sidebar-layout":"default","site-content-layout":"default","ast-global-header-display":"","ast-banner-title-visibility":"","ast-main-header-display":"","ast-hfb-above-header-display":"","ast-hfb-below-header-display":"","ast-hfb-mobile-header-display":"","site-post-title":"","ast-breadcrumbs-content":"","ast-featured-img":"","footer-sml-layout":"","theme-transparent-header-meta":"","adv-header-id-meta":"","stick-header-meta":"","header-above-stick-meta":"","header-main-stick-meta":"","header-below-stick-meta":""},"categories":[758],"tags":[],"acf":[],"_links":{"self":[{"href":"https:\/\/www.cnbb.org.br\/cnbb-app\/wp\/v2\/posts\/33295"}],"collection":[{"href":"https:\/\/www.cnbb.org.br\/cnbb-app\/wp\/v2\/posts"}],"about":[{"href":"https:\/\/www.cnbb.org.br\/cnbb-app\/wp\/v2\/types\/post"}],"author":[{"embeddable":true,"href":"https:\/\/www.cnbb.org.br\/cnbb-app\/wp\/v2\/users\/21"}],"replies":[{"embeddable":true,"href":"https:\/\/www.cnbb.org.br\/cnbb-app\/wp\/v2\/comments?post=33295"}],"version-history":[{"count":0,"href":"https:\/\/www.cnbb.org.br\/cnbb-app\/wp\/v2\/posts\/33295\/revisions"}],"wp:attachment":[{"href":"https:\/\/www.cnbb.org.br\/cnbb-app\/wp\/v2\/media?parent=33295"}],"wp:term":[{"taxonomy":"category","embeddable":true,"href":"https:\/\/www.cnbb.org.br\/cnbb-app\/wp\/v2\/categories?post=33295"},{"taxonomy":"post_tag","embeddable":true,"href":"https:\/\/www.cnbb.org.br\/cnbb-app\/wp\/v2\/tags?post=33295"}],"curies":[{"name":"wp","href":"https:\/\/api.w.org\/{rel}","templated":true}]}}