{"id":33301,"date":"2019-02-05T00:00:00","date_gmt":"2019-02-05T02:00:00","guid":{"rendered":"https:\/\/www.cnbb.org.br\/assembleia-regional-da-pastoral-da-aids-e-realizada-em-crato-ce\/"},"modified":"2019-02-05T00:00:00","modified_gmt":"2019-02-05T02:00:00","slug":"assembleia-regional-da-pastoral-da-aids-e-realizada-em-crato-ce","status":"publish","type":"post","link":"https:\/\/www.cnbb.org.br\/assembleia-regional-da-pastoral-da-aids-e-realizada-em-crato-ce\/","title":{"rendered":"Assembleia Regional da Pastoral da Aids \u00e9 realizada em Crato (CE)"},"content":{"rendered":"<p style=\"text-align: justify\">Durante os dias 02 a 03 de fevereiro, aconteceu no Centro de Expans\u00e3o dom Vicente, em Crato (CE), a Assembleia Regional da Pastoral da AIDS. O encontro teve assessoria do bispo da diocese de Goi\u00e1s e presidente da Pastoral da Aids, dom Eugenio Rixen, e contou com\u00a0a presen\u00e7a do padre Rog\u00e9rio Tadeu Mesquita, assessor diocesano da Pastoral, em Iguatu (CE).<\/p>\n<p style=\"text-align: justify\">Na pauta do encontro estava uma avalia\u00e7\u00e3o do plano da pastoral para o tri\u00eanio (2017-2019) e o planejamento das atividades para o pr\u00f3ximo per\u00edodo. Na oportunidade, os participantes tamb\u00e9m realizaram uma reuni\u00e3o buscando fazer indica\u00e7\u00f5es para as coordena\u00e7\u00f5es do pr\u00f3ximo tri\u00eanio, tanto \u00e0 n\u00edvel regional como diocesano.<\/p>\n<p>Confira a <a href=\"http:\/\/www.cnbbne1.org.br\/noticias_detalhes.php?cod_noticia=19521&amp;cod_secao=1\" target=\"_blank\" rel=\"noopener\">not\u00edcia na \u00edntegra<\/a>.<\/p>\n","protected":false},"excerpt":{"rendered":"<p>Uma avalia\u00e7\u00e3o do plano da pastoral para o tri\u00eanio e o planejamento das atividades para o\u00a0pr\u00f3ximo per\u00edodo estiveram na pauta<\/p>\n","protected":false},"author":83,"featured_media":561,"comment_status":"closed","ping_status":"open","sticky":false,"template":"","format":"standard","meta":{"site-sidebar-layout":"default","site-content-layout":"default","ast-global-header-display":"","ast-banner-title-visibility":"","ast-main-header-display":"","ast-hfb-above-header-display":"","ast-hfb-below-header-display":"","ast-hfb-mobile-header-display":"","site-post-title":"","ast-breadcrumbs-content":"","ast-featured-img":"","footer-sml-layout":"","theme-transparent-header-meta":"","adv-header-id-meta":"","stick-header-meta":"","header-above-stick-meta":"","header-main-stick-meta":"","header-below-stick-meta":""},"categories":[867,769],"tags":[],"acf":[],"_links":{"self":[{"href":"https:\/\/www.cnbb.org.br\/cnbb-app\/wp\/v2\/posts\/33301"}],"collection":[{"href":"https:\/\/www.cnbb.org.br\/cnbb-app\/wp\/v2\/posts"}],"about":[{"href":"https:\/\/www.cnbb.org.br\/cnbb-app\/wp\/v2\/types\/post"}],"author":[{"embeddable":true,"href":"https:\/\/www.cnbb.org.br\/cnbb-app\/wp\/v2\/users\/83"}],"replies":[{"embeddable":true,"href":"https:\/\/www.cnbb.org.br\/cnbb-app\/wp\/v2\/comments?post=33301"}],"version-history":[{"count":0,"href":"https:\/\/www.cnbb.org.br\/cnbb-app\/wp\/v2\/posts\/33301\/revisions"}],"wp:featuredmedia":[{"embeddable":true,"href":"https:\/\/www.cnbb.org.br\/cnbb-app\/wp\/v2\/media\/561"}],"wp:attachment":[{"href":"https:\/\/www.cnbb.org.br\/cnbb-app\/wp\/v2\/media?parent=33301"}],"wp:term":[{"taxonomy":"category","embeddable":true,"href":"https:\/\/www.cnbb.org.br\/cnbb-app\/wp\/v2\/categories?post=33301"},{"taxonomy":"post_tag","embeddable":true,"href":"https:\/\/www.cnbb.org.br\/cnbb-app\/wp\/v2\/tags?post=33301"}],"curies":[{"name":"wp","href":"https:\/\/api.w.org\/{rel}","templated":true}]}}