{"id":33353,"date":"2019-02-11T00:00:00","date_gmt":"2019-02-11T02:00:00","guid":{"rendered":"https:\/\/www.cnbb.org.br\/missionarios-que-atuaram-na-africa-partilham-experiencia-no-comire\/"},"modified":"2019-02-11T00:00:00","modified_gmt":"2019-02-11T02:00:00","slug":"missionarios-que-atuaram-na-africa-partilham-experiencia-no-comire","status":"publish","type":"post","link":"https:\/\/www.cnbb.org.br\/missionarios-que-atuaram-na-africa-partilham-experiencia-no-comire\/","title":{"rendered":"Mission\u00e1rios que atuaram na \u00c1frica partilham experi\u00eancia no Comire"},"content":{"rendered":"<p style=\"text-align: justify\">Tr\u00eas dos mission\u00e1rios que estiveram na miss\u00e3o cat\u00f3lica S\u00e3o Paulo VI, na Guin\u00e9 Bissau, estiveram reunidos com o Conselho Mission\u00e1rio Regional (Comire) Sul 2, no dia 8 de fevereiro, em Curitiba (PA), para pensar os pr\u00f3ximos passos da miss\u00e3o no continente africano. No encontro, foi poss\u00edvel aos mission\u00e1rios partilhar um pouco da experi\u00eancia que tiveram no \u201cper\u00edodo intenso de miss\u00e3o\u201d como a acolhida da fam\u00edlia e da comunidade.<\/p>\n<p style=\"text-align: justify\">Participaram da reuni\u00e3o o bispo de Ponta Grossa (PR) e referencial para a dimens\u00e3o mission\u00e1ria, dom S\u00e9rgio Arthur Braschi; o secret\u00e1rio executivo do regional Sul 2 da Confer\u00eancia Nacional dos Bispos do Brasil (CNBB), padre Valdecir Badzinski; e o coordenador do Comire, Odaril Jos\u00e9 da Rosa; e os mission\u00e1rios di\u00e1cono Pedro Lang, que esteve na miss\u00e3o por quatro anos; Samara Ta\u00edza, que esteve por dois anos; e o padre Ivan Luiz Walter, que esteve por um ano e meio.<\/p>\n<p style=\"text-align: justify\"><a href=\"https:\/\/cnbbs2.org.br\/2019\/02\/reuniao-do-comire-com-missionarios-que-retornaram-da-missao-na-africa\/\" target=\"_blank\" rel=\"noopener\">Leia a not\u00edcia na \u00edntegra.<\/a><\/p>\n<p>https:\/\/cnbbs2.org.br\/2019\/02\/reuniao-do-comire-com-missionarios-que-retornaram-da-missao-na-africa\/<\/p>\n","protected":false},"excerpt":{"rendered":"<p>Conselho Mission\u00e1rio realizou reuni\u00e3o com alguns dos paranaenses que estiveram na Miss\u00e3o Cat\u00f3lica S\u00e3o Paulo VI, na Guin\u00e9 Bissau<\/p>\n","protected":false},"author":83,"featured_media":601,"comment_status":"closed","ping_status":"open","sticky":false,"template":"","format":"standard","meta":{"site-sidebar-layout":"default","site-content-layout":"default","ast-global-header-display":"","ast-banner-title-visibility":"","ast-main-header-display":"","ast-hfb-above-header-display":"","ast-hfb-below-header-display":"","ast-hfb-mobile-header-display":"","site-post-title":"","ast-breadcrumbs-content":"","ast-featured-img":"","footer-sml-layout":"","theme-transparent-header-meta":"","adv-header-id-meta":"","stick-header-meta":"","header-above-stick-meta":"","header-main-stick-meta":"","header-below-stick-meta":""},"categories":[769,781],"tags":[],"acf":[],"_links":{"self":[{"href":"https:\/\/www.cnbb.org.br\/cnbb-app\/wp\/v2\/posts\/33353"}],"collection":[{"href":"https:\/\/www.cnbb.org.br\/cnbb-app\/wp\/v2\/posts"}],"about":[{"href":"https:\/\/www.cnbb.org.br\/cnbb-app\/wp\/v2\/types\/post"}],"author":[{"embeddable":true,"href":"https:\/\/www.cnbb.org.br\/cnbb-app\/wp\/v2\/users\/83"}],"replies":[{"embeddable":true,"href":"https:\/\/www.cnbb.org.br\/cnbb-app\/wp\/v2\/comments?post=33353"}],"version-history":[{"count":0,"href":"https:\/\/www.cnbb.org.br\/cnbb-app\/wp\/v2\/posts\/33353\/revisions"}],"wp:featuredmedia":[{"embeddable":true,"href":"https:\/\/www.cnbb.org.br\/cnbb-app\/wp\/v2\/media\/601"}],"wp:attachment":[{"href":"https:\/\/www.cnbb.org.br\/cnbb-app\/wp\/v2\/media?parent=33353"}],"wp:term":[{"taxonomy":"category","embeddable":true,"href":"https:\/\/www.cnbb.org.br\/cnbb-app\/wp\/v2\/categories?post=33353"},{"taxonomy":"post_tag","embeddable":true,"href":"https:\/\/www.cnbb.org.br\/cnbb-app\/wp\/v2\/tags?post=33353"}],"curies":[{"name":"wp","href":"https:\/\/api.w.org\/{rel}","templated":true}]}}