{"id":33356,"date":"2019-02-12T00:00:00","date_gmt":"2019-02-12T02:00:00","guid":{"rendered":"https:\/\/www.cnbb.org.br\/acertar-na-vida\/"},"modified":"2019-02-12T00:00:00","modified_gmt":"2019-02-12T02:00:00","slug":"acertar-na-vida","status":"publish","type":"post","link":"https:\/\/www.cnbb.org.br\/acertar-na-vida\/","title":{"rendered":"Acertar na vida"},"content":{"rendered":"<p style=\"text-align: right\"><strong>Dom Adelar Baruffi<\/strong><br \/>\n<strong>Bispo de Cruz Alta<\/strong><\/p>\n<p>&nbsp;<\/p>\n<p style=\"text-align: justify\">Ao nos alegrarmos com o testemunho feliz de uma vida matrimonial, sacerdotal ou consagrada, questionamo-nos sobre o que est\u00e1 na base de uma voca\u00e7\u00e3o acertada. O que n\u00e3o pode faltar na hora de perguntar-se e decidir sobre um caminho vocacional? A crise vocacional que estamos vivendo n\u00e3o tem uma \u00fanica causa. \u00c9 complexa, passando pelo contexto cultural e, tamb\u00e9m, pelo testemunho dos pais, dos padres e das consagradas. N\u00e3o me refiro somente \u00e0 voca\u00e7\u00e3o sacerdotal e religiosa, mas tamb\u00e9m \u00e0 preocupante diminui\u00e7\u00e3o da busca pelo sacramento do matrim\u00f4nio e do alto \u00edndice de casamentos que acabam em separa\u00e7\u00f5es. Algumas causas s\u00e3o comuns.<\/p>\n<p style=\"text-align: justify\">O primeiro pressuposto \u00e9 antropol\u00f3gico, humano. O ser humano n\u00e3o pode se compreender como voltado sobre si, narcisisticamente. \u00c0 medida que vai passando da adolesc\u00eancia para a maturidade, o olhar e o projeto de vida abrem-se num horizonte de servi\u00e7o, de doa\u00e7\u00e3o de si. Somos frutos do antropocentrismo moderno e o momento atual s\u00f3 tem acentuado esta maneira de ver a vida. Superar o individualismo \u00e9 uma condi\u00e7\u00e3o essencial para poder viver qualquer voca\u00e7\u00e3o. A pessoa humanamente adulta projeta sua vida a partir de duas caracter\u00edsticas b\u00e1sicas: a alteridade e a gratuidade. Quando o eu for a medida de tudo, o ser humano estar\u00e1 doente, imaturo. A sociedade atual est\u00e1 produzindo pessoas humanas intolerantes a qualquer adversidade e frustra\u00e7\u00e3o. Esta tamb\u00e9m \u00e9 uma causa do conhecido fen\u00f4meno do esgotamento ps\u00edquico cr\u00f4nico, de quem n\u00e3o consegue dar conta das exig\u00eancias que faz a si mesmo ou da press\u00e3o social que pesa sobre esta pessoa. O \u201ceu\u201d n\u00e3o pode ser o centro.<\/p>\n<p style=\"text-align: justify\">O segundo pressuposto, para n\u00f3s crist\u00e3os, \u00e9 colocamo-nos num caminho de maturidade da f\u00e9. Crescimento humano e vida de f\u00e9 andam juntos. Estabelecer uma rela\u00e7\u00e3o dial\u00f3gica com Deus, em Jesus Cristo, que manifesta seu amor por n\u00f3s: \u201cAntes que te formasses no ventre de tua m\u00e3e, eu j\u00e1 te conhecia\u201d (Jr 1,5), foi a experi\u00eancia do profeta Jeremias. A f\u00e9 \u00e9 resultado da visita de Deus em nossa vida, pedindo um espa\u00e7o de acolhida. Na f\u00e9 formamos uma comunh\u00e3o invis\u00edvel com todos os irm\u00e3os e irm\u00e3s, na Igreja. \u00a0Trata-se, ent\u00e3o, de uma quest\u00e3o que ultrapassa o mensur\u00e1vel. Faz-nos perceber que n\u00e3o se trata, primeiramente, de um querer pessoal, de uma resposta \u00e0 pergunta sobre o que me far\u00e1 feliz, mas da acolhida e da resposta generosa, com suas prova\u00e7\u00f5es, a uma pro-voca\u00e7\u00e3o de Deus e da realidade que nos cerca. Esta certeza n\u00e3o nasce repentinamente, mas \u00e9 fruto de um colocar-se diante de Jesus Cristo e sua Palavra. A partir deste encontro, sempre vivo, \u00e9 poss\u00edvel conhecer-se melhor e, como Maria dizer: \u201cFa\u00e7a-se em mim segundo a tua Palavra\u201d (Lc 1, 38). A autorrealiza\u00e7\u00e3o ser\u00e1 uma consequ\u00eancia n\u00e3o buscada em primeiro lugar. Com certeza, n\u00e3o passar\u00e1 pela l\u00f3gica do sucesso econ\u00f4mico e profissional a qualquer custo. Ent\u00e3o, podemos ajudar nossos jovens a buscarem um caminho que lhes ofere\u00e7a sentido para a vida a partir da f\u00e9 e acompanh\u00e1-los na sua decis\u00e3o, tanto matrimonial como \u00e0 vida consagrada e sacerdotal.<\/p>\n<p style=\"text-align: justify\">Por\u00e9m, uma vida feliz ser\u00e1 sempre com doa\u00e7\u00e3o e servi\u00e7o. \u00c9 preciso ter a coragem de arriscar, de partir, de n\u00e3o ter tudo claro e j\u00e1 programado antecipadamente. A f\u00e9 \u00e9 uma luz que ilumina o caminho \u00e0 medida que o projeto de vida vai sendo vivido. Sem a entrega pessoal, no sentido que Jesus nos ensinou de \u201cdeixar tudo e me seguir\u201d (cf. Mc 10,28), haver\u00e1 mais aten\u00e7\u00e3o sobre si do que sobre a miss\u00e3o a realizar. A doa\u00e7\u00e3o de si ser\u00e1 o pressuposto para a viv\u00eancia acertada e feliz da voca\u00e7\u00e3o, mesmo que os frutos n\u00e3o sejam logo colhidos, pois existe muita alegria nos detalhes simples do cotidiano da vida.<\/p>\n<p style=\"text-align: justify\">\n","protected":false},"excerpt":{"rendered":"<p>Dom Adelar Baruffi Bispo de Cruz Alta &nbsp; Ao nos alegrarmos com o testemunho feliz de uma vida matrimonial, sacerdotal ou consagrada, questionamo-nos sobre o que est\u00e1 na base de uma voca\u00e7\u00e3o acertada. O que n\u00e3o pode faltar na hora de perguntar-se e decidir sobre um caminho vocacional? A crise vocacional que estamos vivendo n\u00e3o &hellip;<\/p>\n<p class=\"read-more\"> <a class=\"\" href=\"https:\/\/www.cnbb.org.br\/acertar-na-vida\/\"> <span class=\"screen-reader-text\">Acertar na vida<\/span> Leia mais &raquo;<\/a><\/p>\n","protected":false},"author":26,"featured_media":0,"comment_status":"closed","ping_status":"open","sticky":false,"template":"","format":"standard","meta":{"site-sidebar-layout":"default","site-content-layout":"default","ast-global-header-display":"","ast-banner-title-visibility":"","ast-main-header-display":"","ast-hfb-above-header-display":"","ast-hfb-below-header-display":"","ast-hfb-mobile-header-display":"","site-post-title":"","ast-breadcrumbs-content":"","ast-featured-img":"","footer-sml-layout":"","theme-transparent-header-meta":"","adv-header-id-meta":"","stick-header-meta":"","header-above-stick-meta":"","header-main-stick-meta":"","header-below-stick-meta":""},"categories":[758],"tags":[],"acf":[],"_links":{"self":[{"href":"https:\/\/www.cnbb.org.br\/cnbb-app\/wp\/v2\/posts\/33356"}],"collection":[{"href":"https:\/\/www.cnbb.org.br\/cnbb-app\/wp\/v2\/posts"}],"about":[{"href":"https:\/\/www.cnbb.org.br\/cnbb-app\/wp\/v2\/types\/post"}],"author":[{"embeddable":true,"href":"https:\/\/www.cnbb.org.br\/cnbb-app\/wp\/v2\/users\/26"}],"replies":[{"embeddable":true,"href":"https:\/\/www.cnbb.org.br\/cnbb-app\/wp\/v2\/comments?post=33356"}],"version-history":[{"count":0,"href":"https:\/\/www.cnbb.org.br\/cnbb-app\/wp\/v2\/posts\/33356\/revisions"}],"wp:attachment":[{"href":"https:\/\/www.cnbb.org.br\/cnbb-app\/wp\/v2\/media?parent=33356"}],"wp:term":[{"taxonomy":"category","embeddable":true,"href":"https:\/\/www.cnbb.org.br\/cnbb-app\/wp\/v2\/categories?post=33356"},{"taxonomy":"post_tag","embeddable":true,"href":"https:\/\/www.cnbb.org.br\/cnbb-app\/wp\/v2\/tags?post=33356"}],"curies":[{"name":"wp","href":"https:\/\/api.w.org\/{rel}","templated":true}]}}