{"id":33358,"date":"2019-02-13T00:00:00","date_gmt":"2019-02-13T02:00:00","guid":{"rendered":"https:\/\/www.cnbb.org.br\/comissao-de-educacao-e-cultura-da-cnbb-realizou-seminario-da-acao-evangelizadora-no-ambito-educativo\/"},"modified":"2019-02-13T00:00:00","modified_gmt":"2019-02-13T02:00:00","slug":"comissao-de-educacao-e-cultura-da-cnbb-realizou-seminario-da-acao-evangelizadora-no-ambito-educativo","status":"publish","type":"post","link":"https:\/\/www.cnbb.org.br\/comissao-de-educacao-e-cultura-da-cnbb-realizou-seminario-da-acao-evangelizadora-no-ambito-educativo\/","title":{"rendered":"Comiss\u00e3o realiza semin\u00e1rio da a\u00e7\u00e3o evangelizadora no \u00e2mbito educacional"},"content":{"rendered":"<p style=\"text-align: justify\">Os setores Educa\u00e7\u00e3o e Universidades da Comiss\u00e3o Episcopal Pastoral para Cultura e Educa\u00e7\u00e3o da Confer\u00eancia Nacional dos Bispos do Brasil (CNBB) estiveram reunidos, de 08 a 10 de fevereiro, em Bras\u00edlia, para dois eventos. O II Semin\u00e1rio da a\u00e7\u00e3o evangelizadora no \u00e2mbito educacional da Igreja no Brasil e um encontro de colaboradores dos dois setores.<\/p>\n<p style=\"text-align: justify\">A sinodalidade do pontificado do papa Francisco tamb\u00e9m esteve presente no encontro. O encontro foi encerado com um aprofundamento sobre as novas Diretrizes Gerais para A\u00e7\u00e3o Evangelizadora da Igreja no Brasil (DGAE) para o quadri\u00eanio 2019-2022 ser\u00e1 o tema central da 57\u00aa Assembleia Geral da CNBB, que vai acontecer de 01 a 10 de maio, em Aparecida, S\u00e3o Paulo.<\/p>\n<figure id=\"attachment_207534\" aria-describedby=\"caption-attachment-207534\" style=\"width: 317px\" class=\"wp-caption alignright\"><a href=\"https:\/\/www.cnbb.org.br\/comissao-de-educacao-e-cultura-da-cnbb-realizou-seminario-da-acao-evangelizadora-no-ambito-educativo\/whatsapp-image-2019-02-11-at-13-14-12-1\/\" rel=\"attachment wp-att-207534\"><img decoding=\"async\" loading=\"lazy\" class=\"wp-image-207534\" src=\"https:\/\/www.cnbb.org.br\/wp-content\/uploads\/2020\/03\/WhatsApp-Image-2019-02-11-at-13.14.12-1-300x225.jpeg\" alt=\"\" width=\"317\" height=\"238\" \/><\/a><figcaption id=\"caption-attachment-207534\" class=\"wp-caption-text\"><em>Foto: Divulga\u00e7\u00e3o<\/em><\/figcaption><\/figure>\n<p style=\"text-align: justify\">Para o arcebispo de Montes Claros (MG) e presidente da Comiss\u00e3o Episcopal Pastoral para Cultura e Educa\u00e7\u00e3o CNBB, dom Jo\u00e3o Justino de Medeiros, os dois encontros foram frut\u00edferos.<\/p>\n<p style=\"text-align: justify\"><em><strong>\u201cHouve excelente intera\u00e7\u00e3o entre os setores educa\u00e7\u00e3o e universidades, apontando caminhos de trabalho comum tamb\u00e9m nos regionais e dioceses. Evidenciou-se o empenho dos participantes em diferentes projetos a favor de uma a\u00e7\u00e3o evangelizadora no marco da eclesiologia mission\u00e1ria, t\u00e3o incentivada pelo Papa Francisco. O saldo dos trabalhos \u00e9 altamente positivo, mesmo sabendo que h\u00e1 muita estrada para percorrermos\u201d, ressalta.<\/strong><\/em><\/p>\n<p style=\"text-align: justify\">Na reuni\u00e3o do Setor Universidades, o grupo fez um aprofundamento do novo documento de estudo da CNBB: \u201cSetor Universidades: identidade e miss\u00e3o\u201c, que ser\u00e1 lan\u00e7ado na Assembleia Geral da CNBB, a atualiza\u00e7\u00e3o dos projetos, apresenta\u00e7\u00e3o do calend\u00e1rio 2019 e a reorganiza\u00e7\u00e3o do setor.<\/p>\n<p style=\"text-align: justify\">J\u00e1 no primeiro encontro do Setor Educa\u00e7\u00e3o, foram abordados diversos aspectos relacionados \u00e0 educa\u00e7\u00e3o, a necessidade de reorganiza\u00e7\u00e3o da estrutura do setor e uma apresenta\u00e7\u00e3o de como funciona o trabalho do setor universidades em n\u00edvel nacional.<\/p>\n<p style=\"text-align: justify\">Segundo o assessor do Setor de Educa\u00e7\u00e3o, padre Eduardo Rocha, este encontro foi muito importante para o setor.<\/p>\n<p style=\"text-align: justify\"><em><strong>\u201cNeste final de semana tivemos a oportunidade de avaliar o caminho feito e repensar estrat\u00e9gias para avan\u00e7ar na forma\u00e7\u00e3o e articula\u00e7\u00e3o da Pastoral da Educa\u00e7\u00e3o nos regionais da CNBB. Sabemos a import\u00e2ncia da educa\u00e7\u00e3o e sua capacidade de transforma\u00e7\u00e3o de uma sociedade. A Igreja sempre prestou grande servi\u00e7o \u00e0 educa\u00e7\u00e3o. Seguiremos esta miss\u00e3o atentos aos novos tempos e colaborando com tudo o que j\u00e1 acontece no Brasil em favor de uma educa\u00e7\u00e3o humanizadora para todos&#8221;, destaca.<\/strong><\/em><\/p>\n<p style=\"text-align: justify\">A Comiss\u00e3o para a Cultura e Educa\u00e7\u00e3o \u00e9 uma dentre as 12 Comiss\u00f5es Episcopais Pastorais CNBB e tem a miss\u00e3o de evangelizar no mundo da cultura e da educa\u00e7\u00e3o no pa\u00eds. O trabalho \u00e9 dividido em quatro \u00e1reas de atua\u00e7\u00e3o, educa\u00e7\u00e3o, cultura, universidades e o ensino religioso e em cada um desses setores a principal atividade \u00e9 a articula\u00e7\u00e3o.<\/p>\n","protected":false},"excerpt":{"rendered":"<p>No encontro, os colaboradores dos setores Educa\u00e7\u00e3o e Universidades tamb\u00e9m se reuniram para organizar os trabalhos para o pr\u00f3ximo quadri\u00eanio<\/p>\n","protected":false},"author":83,"featured_media":33359,"comment_status":"closed","ping_status":"open","sticky":false,"template":"","format":"standard","meta":{"site-sidebar-layout":"default","site-content-layout":"default","ast-global-header-display":"","ast-banner-title-visibility":"","ast-main-header-display":"","ast-hfb-above-header-display":"","ast-hfb-below-header-display":"","ast-hfb-mobile-header-display":"","site-post-title":"","ast-breadcrumbs-content":"","ast-featured-img":"","footer-sml-layout":"","theme-transparent-header-meta":"","adv-header-id-meta":"","stick-header-meta":"","header-above-stick-meta":"","header-main-stick-meta":"","header-below-stick-meta":""},"categories":[748,799],"tags":[],"acf":[],"_links":{"self":[{"href":"https:\/\/www.cnbb.org.br\/cnbb-app\/wp\/v2\/posts\/33358"}],"collection":[{"href":"https:\/\/www.cnbb.org.br\/cnbb-app\/wp\/v2\/posts"}],"about":[{"href":"https:\/\/www.cnbb.org.br\/cnbb-app\/wp\/v2\/types\/post"}],"author":[{"embeddable":true,"href":"https:\/\/www.cnbb.org.br\/cnbb-app\/wp\/v2\/users\/83"}],"replies":[{"embeddable":true,"href":"https:\/\/www.cnbb.org.br\/cnbb-app\/wp\/v2\/comments?post=33358"}],"version-history":[{"count":0,"href":"https:\/\/www.cnbb.org.br\/cnbb-app\/wp\/v2\/posts\/33358\/revisions"}],"wp:featuredmedia":[{"embeddable":true,"href":"https:\/\/www.cnbb.org.br\/cnbb-app\/wp\/v2\/media\/33359"}],"wp:attachment":[{"href":"https:\/\/www.cnbb.org.br\/cnbb-app\/wp\/v2\/media?parent=33358"}],"wp:term":[{"taxonomy":"category","embeddable":true,"href":"https:\/\/www.cnbb.org.br\/cnbb-app\/wp\/v2\/categories?post=33358"},{"taxonomy":"post_tag","embeddable":true,"href":"https:\/\/www.cnbb.org.br\/cnbb-app\/wp\/v2\/tags?post=33358"}],"curies":[{"name":"wp","href":"https:\/\/api.w.org\/{rel}","templated":true}]}}