{"id":33376,"date":"2019-03-04T00:00:00","date_gmt":"2019-03-04T03:00:00","guid":{"rendered":"https:\/\/www.cnbb.org.br\/a-criacao-e-a-efetivacao-das-politicas-publicas-comecam-com-a-participacao-popular\/"},"modified":"2019-03-04T00:00:00","modified_gmt":"2019-03-04T03:00:00","slug":"a-criacao-e-a-efetivacao-das-politicas-publicas-comecam-com-a-participacao-popular","status":"publish","type":"post","link":"https:\/\/www.cnbb.org.br\/a-criacao-e-a-efetivacao-das-politicas-publicas-comecam-com-a-participacao-popular\/","title":{"rendered":"CF 2019: A cria\u00e7\u00e3o e a efetiva\u00e7\u00e3o das pol\u00edticas p\u00fablicas come\u00e7am com a participa\u00e7\u00e3o popular"},"content":{"rendered":"<p style=\"text-align: justify\"><a href=\"https:\/\/www.cnbb.org.br\/texto-base-da-cf-2019-incentiva-participacao-dos-cidadaos-na-construcao-de-politicas-publicas\/cartaz-cf-2019-902-1248\/\" rel=\"attachment wp-att-206060\"><img decoding=\"async\" loading=\"lazy\" class=\" wp-image-206060 alignleft\" src=\"https:\/\/www.cnbb.org.br\/wp-content\/uploads\/2020\/03\/Cartaz-CF-2019-902-1248-217x300.jpg\" alt=\"\" width=\"243\" height=\"335\" \/><\/a>Este ano, a Campanha da Fraternidade (CF) da Igreja no Brasil vai tratar do tema: Fraternidade e Pol\u00edticas P\u00fablicas inspirada pelo vers\u00edculo b\u00edblico: \u201cSer\u00e1s libertado pelo direito e pela justi\u00e7a\u201d (Is 1, 27). O objetivo desta campanha \u00e9 \u201cestimular a participa\u00e7\u00e3o em pol\u00edticas p\u00fablicas, \u00e0 luz da Palavra de Deus e da Doutrina Social da Igreja para fortalecer a cidadania e o bem comum, sinais da fraternidade\u201d.<\/p>\n<p style=\"text-align: justify\">O texto-base da CF, no t\u00f3pico 8 do cap\u00edtulo do \u201cVer\u201d chama a aten\u00e7\u00e3o para o fato de que falar de \u201cPol\u00edticas P\u00fablicas\u201d n\u00e3o \u00e9 falar de \u201cpol\u00edtica\u201d ou de \u201celei\u00e7\u00f5es\u201d, mas significa se referir a um conjunto de a\u00e7\u00f5es a serem implementadas pelos gestores p\u00fablicos, com vistas a promover o bem comum, na perspectiva dos mais pobres da sociedade.<\/p>\n<p style=\"text-align: justify\">Segundo o documento, historicamente, a humanidade superou diversas dificuldades com a\u00e7\u00f5es e decis\u00f5es coletivas, portanto \u00e9 poss\u00edvel afirmar que a participa\u00e7\u00e3o \u00e9 essencial no desenvolvimento das sociedades.<\/p>\n<p style=\"text-align: justify\"><em><strong>\u201cPortanto, estar presentes nos espa\u00e7os e canais de participa\u00e7\u00e3o cidad\u00e3 \u00e9 ser protagonistas das Pol\u00edticas P\u00fablicas e fazer ouvir as demandas e as necessidades da popula\u00e7\u00e3o\u201d.<\/strong><\/em><\/p>\n<p style=\"text-align: justify\">No cap\u00edtulo do \u201cJulgar\u201d, os itens 162 e 163 apontam que a Doutrina Social da Igreja evidencia a necessidade de uma participa\u00e7\u00e3o ativa, consciente dos crist\u00e3os leigos e leigas na vida da sociedade, sendo esse um de seus princ\u00edpios permanentes.<\/p>\n<p style=\"text-align: justify\"><strong><em>\u201c\u00c9 fundamental o papel da comunidade crist\u00e3 nessa participa\u00e7\u00e3o ativa, uma vez que essa \u00e9 uma a\u00e7\u00e3o individual. O processo deve necessariamente incluir: comunh\u00e3o com os bispos respons\u00e1veis, di\u00e1logo com outros irm\u00e3os crist\u00e3os e com todas pessoas de boa vontade, a fim de se tornarem as op\u00e7\u00f5es e os compromissos que conv\u00e9m tomar para realizar as transforma\u00e7\u00f5es sociais, pol\u00edticas econ\u00f4micas que apresentam como necess\u00e1rias e urgentes em n\u00e3o poucos casos\u201d.<\/em><\/strong><\/p>\n<p style=\"text-align: justify\">A edi\u00e7\u00e3o 26 da Revista Bote F\u00e9, da Edi\u00e7\u00f5es CNBB, traz um exemplo dessa participa\u00e7\u00e3o popular. Em Itapeva (SP), um grupo de catadores de material recicl\u00e1vel descobriu, na pr\u00e1tica, os tortuosos mas tamb\u00e9m felizes caminhos para acessar as pol\u00edticas p\u00fablicas. Na entrevista, o bispo da regi\u00e3o dom Arnaldo Carvalheiro Neto diz que quando assumiu o governo da diocese de Itapeva em 2016, foi procurado pela cooperativa para falar sobre a realidade do lix\u00e3o no munic\u00edpio.<\/p>\n<figure id=\"attachment_207646\" aria-describedby=\"caption-attachment-207646\" style=\"width: 300px\" class=\"wp-caption alignright\"><a href=\"https:\/\/www.cnbb.org.br\/a-criacao-e-a-efetivacao-das-politicas-publicas-comecam-com-a-participacao-popular\/cooperados-de-santa-maria-itapeva-sp\/\" rel=\"attachment wp-att-207646\"><img decoding=\"async\" loading=\"lazy\" class=\"wp-image-207646 size-medium\" src=\"https:\/\/www.cnbb.org.br\/wp-content\/uploads\/2020\/03\/Cooperados-de-Santa-Maria-Itapeva-SP-scaled.jpg\" alt=\"\" width=\"300\" height=\"225\" \/><\/a><figcaption id=\"caption-attachment-207646\" class=\"wp-caption-text\"><em>Dom Arnaldo junto ao grupo nas reuni\u00f5es da cooperativa<\/em><\/figcaption><\/figure>\n<p style=\"text-align: justify\"><strong><em>\u201cFui procurado por pessoas que estavam muito preocupadas com a realidade do lix\u00e3o no munic\u00edpio. Me apresentaram a um projeto que contemplava o lix\u00e3o, a constru\u00e7\u00e3o de um aterro sanit\u00e1rio e a organiza\u00e7\u00e3o dos catadores de material recicl\u00e1vel numa cooperativa\u201d, recorda.<\/em><\/strong><\/p>\n<p style=\"text-align: justify\">Estas a\u00e7\u00f5es foram previstas na Pol\u00edtica Nacional de Res\u00edduos S\u00f3lidos (PNRS) que determinou a\u00e7\u00f5es como a extin\u00e7\u00e3o dos lix\u00f5es do pa\u00eds e substitui\u00e7\u00e3o por aterros sanit\u00e1rios, al\u00e9m da implanta\u00e7\u00e3o da reciclagem, reuso, compostagem, tratamento do lixo e coleta seletiva nos munic\u00edpios.<\/p>\n<p style=\"text-align: justify\">Esse \u00e9 apenas um exemplo do universo de iniciativas onde os leigos e leigas podem atuar em prol de uma cidadania ativa, sendo uma media\u00e7\u00e3o concreta da caridade como prev\u00ea a Doutrina Social da Igreja que prop\u00f5e que os cidad\u00e3os participem da vida p\u00fablica de suas cidades.<\/p>\n<p style=\"text-align: justify\">A dificuldade de reconhecer Deus na pessoa humana e o medo em lidar com as ideologias pol\u00edticas t\u00eam provocado o distanciamento das constru\u00e7\u00f5es coletivas e, consequentemente, das rela\u00e7\u00f5es pessoais e sociais retrata o item 216 do cap\u00edtulo do \u201cAgir\u201d do texto base da CF.<\/p>\n<p style=\"text-align: justify\"><strong><em>\u201cO agir da Campanha da Fraternidade deste ano nos alerta para que essas dificuldades n\u00e3o sejam maiores do que as alegrias de viver a justi\u00e7a e a pr\u00e1tica da fraternidade\u201d.<\/em><\/strong><\/p>\n<p style=\"text-align: justify\">A comunica\u00e7\u00e3o, em especial, nas redes sociais tamb\u00e9m s\u00e3o formas de fomentar grupos de discuss\u00f5es de pol\u00edticas p\u00fablicas. O combate \u00e0s not\u00edcias falsas \u00e9 uma delas. A internet \u00e9 uma ferramenta que tem proporcionado e estimulado a participa\u00e7\u00e3o da sociedade em di\u00e1logos, discuss\u00f5es e proposi\u00e7\u00f5es que n\u00e3o, necessariamente, precisem do encontro f\u00edsico das pessoas.<\/p>\n<p style=\"text-align: justify\"><em><strong>\u201cA web pode se tornar elemento fomentador de redes de a\u00e7\u00e3o social e cria\u00e7\u00e3o de Pol\u00edticas P\u00fablicas, que come\u00e7am no ambiente virtual e se solidificam essencialmente nas \u00e1reas mais marginalizadas\u201d, destaca o item 227 do texto base da CF.<\/strong><\/em><\/p>\n<p style=\"text-align: justify\">De acordo com o texto, promover a vida e a dignidade das pessoas \u00e9 inerente \u00e0 religi\u00e3o, mas n\u00e3o se pode e nem se deve esquecer que tudo isso precisa ser permeado pelos valores do Evangelho.<\/p>\n<p style=\"text-align: justify\"><em><strong>\u201cJesus nos ensina a sermos Evangelho vivo, que caminha em especial ao encontro dos quais mais necessitam. Somos despertados a acolher e a proporcionar uma renova\u00e7\u00e3o que leve a pessoa a uma verdadeira convers\u00e3o\u201d.<\/strong><\/em><\/p>\n","protected":false},"excerpt":{"rendered":"<p>O Texto Base da Campanha da Fraternidade deste ano aponta que a Doutrina Social da Igreja evidencia a necessidade de uma participa\u00e7\u00e3o ativa e consciente dos crist\u00e3os leigos e leigas na vida da sociedade. A campanha, a ser lan\u00e7ada dia 6 de mar\u00e7o, vai tratar do tema: Fraternidade e Pol\u00edticas P\u00fablicas<\/p>\n","protected":false},"author":83,"featured_media":33377,"comment_status":"closed","ping_status":"open","sticky":false,"template":"","format":"standard","meta":{"site-sidebar-layout":"default","site-content-layout":"default","ast-global-header-display":"","ast-banner-title-visibility":"","ast-main-header-display":"","ast-hfb-above-header-display":"","ast-hfb-below-header-display":"","ast-hfb-mobile-header-display":"","site-post-title":"","ast-breadcrumbs-content":"","ast-featured-img":"","footer-sml-layout":"","theme-transparent-header-meta":"","adv-header-id-meta":"","stick-header-meta":"","header-above-stick-meta":"","header-main-stick-meta":"","header-below-stick-meta":""},"categories":[759,760],"tags":[],"acf":[],"_links":{"self":[{"href":"https:\/\/www.cnbb.org.br\/cnbb-app\/wp\/v2\/posts\/33376"}],"collection":[{"href":"https:\/\/www.cnbb.org.br\/cnbb-app\/wp\/v2\/posts"}],"about":[{"href":"https:\/\/www.cnbb.org.br\/cnbb-app\/wp\/v2\/types\/post"}],"author":[{"embeddable":true,"href":"https:\/\/www.cnbb.org.br\/cnbb-app\/wp\/v2\/users\/83"}],"replies":[{"embeddable":true,"href":"https:\/\/www.cnbb.org.br\/cnbb-app\/wp\/v2\/comments?post=33376"}],"version-history":[{"count":0,"href":"https:\/\/www.cnbb.org.br\/cnbb-app\/wp\/v2\/posts\/33376\/revisions"}],"wp:featuredmedia":[{"embeddable":true,"href":"https:\/\/www.cnbb.org.br\/cnbb-app\/wp\/v2\/media\/33377"}],"wp:attachment":[{"href":"https:\/\/www.cnbb.org.br\/cnbb-app\/wp\/v2\/media?parent=33376"}],"wp:term":[{"taxonomy":"category","embeddable":true,"href":"https:\/\/www.cnbb.org.br\/cnbb-app\/wp\/v2\/categories?post=33376"},{"taxonomy":"post_tag","embeddable":true,"href":"https:\/\/www.cnbb.org.br\/cnbb-app\/wp\/v2\/tags?post=33376"}],"curies":[{"name":"wp","href":"https:\/\/api.w.org\/{rel}","templated":true}]}}