{"id":33387,"date":"2019-02-15T00:00:00","date_gmt":"2019-02-15T02:00:00","guid":{"rendered":"https:\/\/www.cnbb.org.br\/comissao-promove-encontro-com-coordenadores-regionais-da-animacao-biblico-catequetica\/"},"modified":"2019-02-15T00:00:00","modified_gmt":"2019-02-15T02:00:00","slug":"comissao-promove-encontro-com-coordenadores-regionais-da-animacao-biblico-catequetica","status":"publish","type":"post","link":"https:\/\/www.cnbb.org.br\/comissao-promove-encontro-com-coordenadores-regionais-da-animacao-biblico-catequetica\/","title":{"rendered":"Encontro com coordenadores regionais da Anima\u00e7\u00e3o B\u00edblico-Catequ\u00e9tica"},"content":{"rendered":"<p style=\"text-align: justify\">Organizada pela Comiss\u00e3o para a Anima\u00e7\u00e3o B\u00edblico-Catequ\u00e9tica da Confer\u00eancia Nacional dos Bispos do Brasil (CNBB) a reuni\u00e3o que come\u00e7ou na quinta-feira, 14, e segue at\u00e9 o dia 16, s\u00e1bado, no Centro Cultural Mission\u00e1rio (CCM), em Bras\u00edlia (DF), com os coordenadores regionais da Anima\u00e7\u00e3o B\u00edblico-Catequ\u00e9tica pretende avaliar as a\u00e7\u00f5es do \u00faltimo quadri\u00eanio (2015 a 2019) e ponderar a\u00e7\u00f5es da 4\u00aa Semana Brasileira de Catequese, ocorrida em Itaici, S\u00e3o Paulo. Al\u00e9m dos coordenadores dos 18 regionais da CNBB, participam da iniciativa o assessor da Comiss\u00e3o, padre Antonio Marcos Depizzoli e os tr\u00eas bispos referenciais: dom Antonio Peruzzo, dom Carlos Verzeletti e dom M\u00e1rio Ant\u00f4nio da Silva.<\/p>\n<figure id=\"attachment_207679\" aria-describedby=\"caption-attachment-207679\" style=\"width: 300px\" class=\"wp-caption alignright\"><a href=\"https:\/\/www.cnbb.org.br\/comissao-promove-encontro-com-coordenadores-regionais-da-animacao-biblico-catequetica\/img_5999\/\" rel=\"attachment wp-att-207679\"><img decoding=\"async\" loading=\"lazy\" class=\"wp-image-207679 size-medium\" src=\"https:\/\/www.cnbb.org.br\/wp-content\/uploads\/2020\/03\/IMG_5999-scaled.jpg\" alt=\"\" width=\"300\" height=\"169\" \/><\/a><figcaption id=\"caption-attachment-207679\" class=\"wp-caption-text\">Padre Antonio Marcos Depizzoli, assessor da Comiss\u00e3o para a Anima\u00e7\u00e3o B\u00edblico-Catequ\u00e9tica<\/figcaption><\/figure>\n<p style=\"text-align: justify\">Padre Antonio Marcos, assessor da Comiss\u00e3o afirma que o momento foi proposto justamente com o objetivo de avaliar a caminhada do ano que antecedeu e tamb\u00e9m para j\u00e1 projetar os pr\u00f3ximos passos. \u201cAo fazermos esse movimento, estamos cada vez mais tentando aprimorar o modo de resposta aos apelos das Diretrizes Gerais da A\u00e7\u00e3o Evangelizadora da Igreja no Brasil e, portanto, no nosso caso nesse quadri\u00eanio, j\u00e1 na sequ\u00eancia do anterior, n\u00f3s estamos nos dedicando profundamente \u00e0 reflex\u00e3o da Igreja como casa de inicia\u00e7\u00e3o \u00e0 vida crist\u00e3, como lugar de anima\u00e7\u00e3o b\u00edblica da vida e da pastoral\u201d, disse.<\/p>\n<p style=\"text-align: justify\">Depizzoli declarou que com a chegada do fim do quadri\u00eanio, a proposta do encontro \u00e9 fazer um balan\u00e7o de tudo aquilo que foi vivido nesse tempo, com destaque especial para a 4\u00aa Semana Brasileira de Catequese, ocorrida em Itaici (SP). \u201cAs avalia\u00e7\u00f5es feitas l\u00e1 ser\u00e3o lidas aqui hoje, a s\u00edntese delas, e ao fazer isso vamos tentar escolher algumas prioridades para tentar fazer com que a Semana continue repercutindo na vida da Igreja no Brasil\u201d, disse.<\/p>\n<p style=\"text-align: justify\">Ainda segundo o padre, durante o encontro haver\u00e1 destaque para o Documento 107 da CNBB, cujo t\u00edtulo \u00e9 \u201cInicia\u00e7\u00e3o \u00e0 Vida Crist\u00e3: Itiner\u00e1rio para formar disc\u00edpulos mission\u00e1rios\u201d. \u201cEsse com certeza est\u00e1 sendo um grande feito desse quadri\u00eanio\u201d, apontou. Ele tamb\u00e9m falou sobre o momento de reflex\u00e3o que os participantes ter\u00e3o sobre o S\u00ednodo da Juventude e o S\u00ednodo da Amaz\u00f4nia, al\u00e9m do M\u00eas Mission\u00e1rio Extraordin\u00e1rio.<\/p>\n<p style=\"text-align: justify\"><strong>Participantes \u2013<\/strong> Lucimara Trevisan, coordenadora da Anima\u00e7\u00e3o B\u00edblico-Catequ\u00e9tica do regional Leste 2 da CNBB aponta que o processo de avalia\u00e7\u00e3o realizado pelo grupo durante o encontro \u00e9 uma oportunidade de se ter clareza sobre as reais necessidades e prioridades para a catequese nos regionais nos pr\u00f3ximos anos.<\/p>\n<figure id=\"attachment_207681\" aria-describedby=\"caption-attachment-207681\" style=\"width: 300px\" class=\"wp-caption alignleft\"><a href=\"https:\/\/www.cnbb.org.br\/comissao-promove-encontro-com-coordenadores-regionais-da-animacao-biblico-catequetica\/img_5977\/\" rel=\"attachment wp-att-207681\"><img decoding=\"async\" loading=\"lazy\" class=\"wp-image-207681 size-medium\" src=\"https:\/\/www.cnbb.org.br\/wp-content\/uploads\/2020\/03\/IMG_5977-scaled.jpg\" alt=\"\" width=\"300\" height=\"169\" \/><\/a><figcaption id=\"caption-attachment-207681\" class=\"wp-caption-text\">Lucimara Trevisan, coordenadora da Anima\u00e7\u00e3o B\u00edblico-Catequ\u00e9tica do regional Leste 2 da CNBB<\/figcaption><\/figure>\n<p style=\"text-align: justify\">Sobre a realidade em seu regional, ela afirma que teve melhoras e mudan\u00e7as. \u201cNos \u00faltimos anos houve um investimento enorme na forma\u00e7\u00e3o de coordenadores de catequese das dioceses. Foram mais de 134 alunos que conclu\u00edram uma especializa\u00e7\u00e3o em catequese\u201d, disse. Mas Lucimara cita tamb\u00e9m os desafios. Para ela, a alta rotatividade dos catequistas e a precariedade na forma\u00e7\u00e3o dos novos catequistas s\u00e3o ainda empecilhos. \u201cA quest\u00e3o das dist\u00e2ncias dificulta a participa\u00e7\u00e3o dos catequistas das regi\u00f5es mais pobres do estado de Minas de participarem e isso \u00e9 sempre uma coisa que nos inquieta e a gente move para buscar sa\u00eddas\u201d, argumentou.<\/p>\n<figure id=\"attachment_207680\" aria-describedby=\"caption-attachment-207680\" style=\"width: 300px\" class=\"wp-caption alignright\"><a href=\"https:\/\/www.cnbb.org.br\/comissao-promove-encontro-com-coordenadores-regionais-da-animacao-biblico-catequetica\/img_5980\/\" rel=\"attachment wp-att-207680\"><img decoding=\"async\" loading=\"lazy\" class=\"wp-image-207680 size-medium\" src=\"https:\/\/www.cnbb.org.br\/wp-content\/uploads\/2020\/03\/IMG_5980-scaled.jpg\" alt=\"\" width=\"300\" height=\"169\" \/><\/a><figcaption id=\"caption-attachment-207680\" class=\"wp-caption-text\">D\u00e9bora Pupo, coordenadora da Anima\u00e7\u00e3o B\u00edblico-Catequ\u00e9tica do regional Sul 2 da CNBB<\/figcaption><\/figure>\n<p style=\"text-align: justify\">A D\u00e9bora Pupo, coordenadora da Anima\u00e7\u00e3o B\u00edblico-Catequ\u00e9tica do regional Sul 2 da CNBB disse que era a segunda vez que participava do encontro. \u201cEu considero importante esses momentos porque somos uma mesma igreja e tamb\u00e9m o bonito de ser ver \u00e9 a particularidade de cada regional\u201d, garante. Sua expectativa \u00e9 rever a trajet\u00f3ria feita pelos outros regionais para a partir da realidade do seu conhecer e saber daquilo que precisa de mais incentivo ou que j\u00e1 esteja encaminhado. \u201cCom rela\u00e7\u00e3o ao meu regional, n\u00f3s estamos passando por um momento de transi\u00e7\u00e3o. Houve uma troca da coordena\u00e7\u00e3o no regional, eu iniciei em abril do ano passado, ent\u00e3o agora \u00e9 um processo de reestrutura\u00e7\u00e3o e tamb\u00e9m para n\u00f3s de avalia\u00e7\u00e3o\u201d, exp\u00f4s.<\/p>\n<p style=\"text-align: justify\">Sobre os desafios enfrentados em seu regional ela aponta a dimens\u00e3o formativa. \u201cNossa preocupa\u00e7\u00e3o \u00e9 a de oferecer aux\u00edlio \u00e0s dioceses para programas formativos com consist\u00eancia\u201d, afirma. Outra preocupa\u00e7\u00e3o de acordo com ela \u00e9 na quest\u00e3o da pr\u00f3pria organiza\u00e7\u00e3o. \u201cAlgumas dioceses ainda est\u00e3o com a equipe de coordena\u00e7\u00e3o n\u00e3o estruturada ou ainda n\u00e3o organizadas, elas precisam de um apoio para iniciarem um caminho mais dentro da perspectiva da inicia\u00e7\u00e3o\u201d, afirmou.<\/p>\n<p style=\"text-align: justify\">At\u00e9 o dia 16, s\u00e1bado, os participantes far\u00e3o ainda uma s\u00e9rie de partilha e s\u00edntese de seus trabalhos.<\/p>\n","protected":false},"excerpt":{"rendered":"<p>Reuni\u00e3o come\u00e7ou na quinta-feira, 14 e segue at\u00e9 o dia 16, s\u00e1bado, no Centro Cultural Mission\u00e1rio (CCM), em Bras\u00edlia (DF). Participam 24 pessoas<\/p>\n","protected":false},"author":83,"featured_media":33388,"comment_status":"closed","ping_status":"open","sticky":false,"template":"","format":"standard","meta":{"site-sidebar-layout":"default","site-content-layout":"default","ast-global-header-display":"","ast-banner-title-visibility":"","ast-main-header-display":"","ast-hfb-above-header-display":"","ast-hfb-below-header-display":"","ast-hfb-mobile-header-display":"","site-post-title":"","ast-breadcrumbs-content":"","ast-featured-img":"","footer-sml-layout":"","theme-transparent-header-meta":"","adv-header-id-meta":"","stick-header-meta":"","header-above-stick-meta":"","header-main-stick-meta":"","header-below-stick-meta":""},"categories":[800,748],"tags":[],"acf":[],"_links":{"self":[{"href":"https:\/\/www.cnbb.org.br\/cnbb-app\/wp\/v2\/posts\/33387"}],"collection":[{"href":"https:\/\/www.cnbb.org.br\/cnbb-app\/wp\/v2\/posts"}],"about":[{"href":"https:\/\/www.cnbb.org.br\/cnbb-app\/wp\/v2\/types\/post"}],"author":[{"embeddable":true,"href":"https:\/\/www.cnbb.org.br\/cnbb-app\/wp\/v2\/users\/83"}],"replies":[{"embeddable":true,"href":"https:\/\/www.cnbb.org.br\/cnbb-app\/wp\/v2\/comments?post=33387"}],"version-history":[{"count":0,"href":"https:\/\/www.cnbb.org.br\/cnbb-app\/wp\/v2\/posts\/33387\/revisions"}],"wp:featuredmedia":[{"embeddable":true,"href":"https:\/\/www.cnbb.org.br\/cnbb-app\/wp\/v2\/media\/33388"}],"wp:attachment":[{"href":"https:\/\/www.cnbb.org.br\/cnbb-app\/wp\/v2\/media?parent=33387"}],"wp:term":[{"taxonomy":"category","embeddable":true,"href":"https:\/\/www.cnbb.org.br\/cnbb-app\/wp\/v2\/categories?post=33387"},{"taxonomy":"post_tag","embeddable":true,"href":"https:\/\/www.cnbb.org.br\/cnbb-app\/wp\/v2\/tags?post=33387"}],"curies":[{"name":"wp","href":"https:\/\/api.w.org\/{rel}","templated":true}]}}