{"id":33401,"date":"2019-02-16T00:00:00","date_gmt":"2019-02-16T02:00:00","guid":{"rendered":"https:\/\/www.cnbb.org.br\/morre-dom-silvestre-arcebispo-emerito-de-vitoria-es\/"},"modified":"2020-09-25T15:11:40","modified_gmt":"2020-09-25T18:11:40","slug":"morre-dom-silvestre-arcebispo-emerito-de-vitoria-es","status":"publish","type":"post","link":"https:\/\/www.cnbb.org.br\/morre-dom-silvestre-arcebispo-emerito-de-vitoria-es\/","title":{"rendered":"Morre dom Silvestre Luiz Scandian, arcebispo em\u00e9rito de Vit\u00f3ria (ES)"},"content":{"rendered":"<p style=\"text-align: justify;\">A Arquidiocese de Vit\u00f3ria (ES) comunicou neste s\u00e1bado, 16 de fevereiro, o falecimento de seu arcebispo em\u00e9rito, Silvestre Luiz Scandian.<\/p>\n<p style=\"text-align: justify;\">Leia o comunicado e a nota de pesar da CNBB.<\/p>\n<p style=\"text-align: justify;\">\u00c9 com grande pesar que informamos o falecimento de nosso querido Arcebispo Em\u00e9rito Dom Silvestre Luiz Scandian, ocorrido na madrugada deste s\u00e1bado, em Juiz de Fora. Convidamos a todos a elevarem preces de louvor e gratid\u00e3o a Deus e de sufr\u00e1gio a Dom Silvestre e a participarem do vel\u00f3rio e dos ritos f\u00fanebres, que ser\u00e3o realizados na Catedral Metropolitana de Vit\u00f3ria, assim que o corpo chegar, previsto para o fim da tarde de hoje. Ap\u00f3s a chegada do corpo, ser\u00e3o celebradas missas a cada duas horas. A \u00faltima missa de ex\u00e9quias ser\u00e1 no domingo, dia 17, \u00e0s 15 horas. Depois, o corpo ser\u00e1 trasladado para sepultamento no cemit\u00e9rio do Bosque, em Alvorada, Vila Velha, conforme desejo do pr\u00f3prio Dom Silvestre, junto ao t\u00famulo de seus pais.<\/p>\n<p style=\"text-align: justify;\"><strong>Hist\u00f3rico de Dom Silvestre<\/strong><\/p>\n<p style=\"text-align: justify;\">Dom Silvestre Luiz Scandian teve grande destaque na Igreja do Esp\u00edrito Santo e tamb\u00e9m na sociedade capixaba de 1984 a 2004 per\u00edodo em que atuou como Arcebispo Metropolitano. Na ocasi\u00e3o em entrevista \u00e0 Revista Vit\u00f3ria disse que a partir daquela data procuraria viver mais a caridade porque at\u00e9 ali tinha vivido a f\u00e9 e a esperan\u00e7a. Dom Silvestre referia-se \u00e0 viv\u00eancia das virtudes teologais (f\u00e9, esperan\u00e7a e caridade) e, de fato, iniciou a partir dali, uma jornada de visita aos doentes internados em hospitais em Vit\u00f3ria, miss\u00e3o que exerceu enquanto teve condi\u00e7\u00f5es.<\/p>\n<p style=\"text-align: justify;\">A partir de 2010 come\u00e7ou a apresentar sinais de aus\u00eancias e falhas de mem\u00f3ria que evolu\u00edram para a doen\u00e7a de Alzheimer e passou a ter uma vida mais reclusa sob a aten\u00e7\u00e3o de cuidadores. Em setembro de 2018 para poder receber mais cuidados foi para a cidade de Juiz de Fora, MG, onde ficou na Casa de repouso dos padres do Verbo Divino, Congrega\u00e7\u00e3o \u00e0 qual Dom Silvestre pertence. Por conta de uma infec\u00e7\u00e3o foi internado no m\u00eas de outubro do mesmo ano, onde permaneceu at\u00e9 a morte.<\/p>\n<p style=\"text-align: justify;\">Dom Silvestre chegou a Vit\u00f3ria em 1981 como Arcebispo Coadjutor de Dom Jo\u00e3o Batista da Mota e Albuquerque. Com a morte de Dom Jo\u00e3o em abril de 2014 assumiu o comando da Arquidiocese. O primeiro gesto concreto foi organizar uma Grande Avalia\u00e7\u00e3o, que ficou conhecida como GRAVA e com isso mergulhou e passou a defender o modo de ser Igreja da Arquidiocese de Vit\u00f3ria. Valorizou a organiza\u00e7\u00e3o em pequenas comunidades e fez a op\u00e7\u00e3o preferencial pelos pobres. Isso o levou a apoiar os movimentos e as pastorais sociais e de direitos humanos.<\/p>\n<p style=\"text-align: justify;\">Na d\u00e9cada de 90, a viol\u00eancia e o crime organizado se instauraram nas institui\u00e7\u00f5es governamentais e na pol\u00edtica, passando o Esp\u00edrito Santo a ser o 2\u00ba Estado proporcionalmente mais violento no Brasil. Diante desse quadro Dom Silvestre convocou a OAB e outros organismo da sociedade civil para fazer frente a problem\u00e1tica da viol\u00eancia que culminou na cria\u00e7\u00e3o do F\u00f3rum Reage Esp\u00edrito Santo. O peso da milit\u00e2ncia de Dom Silvestre que tinha como grande aliado o Dr. Agesandro da Costa Pereira, ent\u00e3o Presidente da OAS\/ES, mobilizou a sociedade capixaba contra o crime organizado e provocou uma atitude forte da Justi\u00e7a no combate ao crime. Por outro lado, tamb\u00e9m recebeu amea\u00e7as e nunca aceitou prote\u00e7\u00e3o policial.<\/p>\n<p style=\"text-align: justify;\">Em seus pronunciamentos p\u00fablicos, como Festa da Penha, Abertura da Campanha da Fraternidade e Grito dos Exclu\u00eddos era direto, simples e conciso ao mesmo tempo que era incisivo quando se tratava de Direitos Humanos e defesa da vida.<\/p>\n<p style=\"text-align: justify;\">Durante seu governo conseguiu trazer a visita do Papa Jo\u00e3o Paulo II (1991) e a realiza\u00e7\u00e3o em Vit\u00f3ria do XIII Congresso Eucar\u00edstico Nacional (1996).<\/p>\n<p>NOTA DE PESAR DA CNBB<br \/>\nPELO FALECIMENTO DE DOM SILVESTRE LUIZ SCANDIAN<\/p>\n<p>SG \u2013 N\u00ba. 0057\/19<\/p>\n<p>Prezado Irm\u00e3o, dom Dario Campos,<\/p>\n<p>A Confer\u00eancia Nacional dos Bispos do Brasil (CNBB), manifesta seu pesar pelo falecimento do arcebispo em\u00e9rito de Vit\u00f3ria-ES, dom Silvestre Luiz Scandian, ocorrido hoje, dia 16 de fevereiro de 2019.<\/p>\n<p>Enviamos nosso abra\u00e7o fraterno ao senhor, dom Dario, aos familiares de dom Silvestre, aos verbitas e \u00e0s comunidades da arquidiocese de Vit\u00f3ria.<\/p>\n<p>Neste momento, quando celebramos a P\u00e1scoa do nosso irm\u00e3o no episcopado, nos unimos, para agradecer a Deus pela vida, o trabalho e a obra realizada pelo nosso irm\u00e3o falecido. Queremos louvar e bendizer pela sua luta e sua dedica\u00e7\u00e3o ao Evangelho e ao Povo de Deus.<\/p>\n<p>Trazemos as palavras cheias de luz vindas da Sagrada Escritura, para o conforto de todos e a revitaliza\u00e7\u00e3o da nossa esperan\u00e7a: \u201cSomos cidad\u00e3os do c\u00e9u. De l\u00e1 aguardamos como salvador o Senhor Jesus Cristo. Ele transformar\u00e1 nosso pobre corpo, tornando-o semelhante ao seu corpo glorioso, gra\u00e7as ao poder que o torna capaz tamb\u00e9m de sujeitar a si todas as coisas\u201d (Fl 3, 20-21).<\/p>\n<p>O lema episcopal de dom Silvestre, Virtute Spiritus Sancti (Na for\u00e7a do Esp\u00edrito Santo) nos mostra explicitamente a base sustentadora do vigor de todos os que se dedicam \u00e0 miss\u00e3o evangelizadora da Igreja.<\/p>\n<p>Rezamos com todos os que sentem a partida de dom Silvestre e, unidos, renovamos nossa f\u00e9 na Ressurrei\u00e7\u00e3o de Cristo.<\/p>\n<blockquote><p>Bras\u00edlia-DF, 16 de fevereiro de 2019<\/p><\/blockquote>\n<p>Dom Leonardo Ulrich Steiner<br \/>\nBispo auxiliar de Bras\u00edlia<br \/>\nSecret\u00e1rio-Geral da CNBB<\/p>\n<p>&nbsp;<\/p>\n<pre><strong>Foto de capa: Convento da Pena<\/strong><\/pre>\n","protected":false},"excerpt":{"rendered":"<p>Dom Silvestre tinha 87 anos. A CNBB enviou Nota de pesar a dom Dario Campos<\/p>\n","protected":false},"author":83,"featured_media":249741,"comment_status":"closed","ping_status":"open","sticky":false,"template":"","format":"standard","meta":{"site-sidebar-layout":"default","site-content-layout":"default","ast-global-header-display":"","ast-banner-title-visibility":"","ast-main-header-display":"","ast-hfb-above-header-display":"","ast-hfb-below-header-display":"","ast-hfb-mobile-header-display":"","site-post-title":"","ast-breadcrumbs-content":"","ast-featured-img":"","footer-sml-layout":"","theme-transparent-header-meta":"default","adv-header-id-meta":"","stick-header-meta":"","header-above-stick-meta":"","header-main-stick-meta":"","header-below-stick-meta":""},"categories":[798],"tags":[],"acf":[],"_links":{"self":[{"href":"https:\/\/www.cnbb.org.br\/cnbb-app\/wp\/v2\/posts\/33401"}],"collection":[{"href":"https:\/\/www.cnbb.org.br\/cnbb-app\/wp\/v2\/posts"}],"about":[{"href":"https:\/\/www.cnbb.org.br\/cnbb-app\/wp\/v2\/types\/post"}],"author":[{"embeddable":true,"href":"https:\/\/www.cnbb.org.br\/cnbb-app\/wp\/v2\/users\/83"}],"replies":[{"embeddable":true,"href":"https:\/\/www.cnbb.org.br\/cnbb-app\/wp\/v2\/comments?post=33401"}],"version-history":[{"count":0,"href":"https:\/\/www.cnbb.org.br\/cnbb-app\/wp\/v2\/posts\/33401\/revisions"}],"wp:featuredmedia":[{"embeddable":true,"href":"https:\/\/www.cnbb.org.br\/cnbb-app\/wp\/v2\/media\/249741"}],"wp:attachment":[{"href":"https:\/\/www.cnbb.org.br\/cnbb-app\/wp\/v2\/media?parent=33401"}],"wp:term":[{"taxonomy":"category","embeddable":true,"href":"https:\/\/www.cnbb.org.br\/cnbb-app\/wp\/v2\/categories?post=33401"},{"taxonomy":"post_tag","embeddable":true,"href":"https:\/\/www.cnbb.org.br\/cnbb-app\/wp\/v2\/tags?post=33401"}],"curies":[{"name":"wp","href":"https:\/\/api.w.org\/{rel}","templated":true}]}}