{"id":33430,"date":"2019-02-20T00:00:00","date_gmt":"2019-02-20T03:00:00","guid":{"rendered":"https:\/\/www.cnbb.org.br\/dom-geremias-steinmetz-e-eleito-presidente-do-regional-sul-2-da-cnbb\/"},"modified":"2019-02-20T00:00:00","modified_gmt":"2019-02-20T03:00:00","slug":"dom-geremias-steinmetz-e-eleito-presidente-do-regional-sul-2-da-cnbb","status":"publish","type":"post","link":"https:\/\/www.cnbb.org.br\/dom-geremias-steinmetz-e-eleito-presidente-do-regional-sul-2-da-cnbb\/","title":{"rendered":"Arcebispo de Londrina, dom Geremias Steinmetz \u00e9 eleito novo presidente do regional Sul 2 da CNBB"},"content":{"rendered":"<p style=\"text-align: justify\">Os bispos do regional Sul 2 da Confer\u00eancia Nacional dos Bispos do Brasil (CNBB), que compreende o estado do Paran\u00e1, elegeram a nova presid\u00eancia para o per\u00edodo de 2019 a 2022. O arcebispo de Londrina (PR), dom Geremias Steinmetz, ser\u00e1 o novo presidente do regional. Dom Jos\u00e9 Ant\u00f4nio Peruzzo, arcebispo de Curitiba (PR), foi eleito vice-presidente; e dom Amilton Manoel da Silva, auxiliar da arquidiocese de Curitiba, foi escolhido secret\u00e1rio.<\/p>\n<p style=\"text-align: center\"><a href=\"https:\/\/www.cnbb.org.br\/dom-geremias-steinmetz-e-eleito-presidente-do-regional-sul-2-da-cnbb\/1-dia-odaril-4\/\" rel=\"attachment wp-att-207940\"><img decoding=\"async\" loading=\"lazy\" class=\"alignnone wp-image-207940\" src=\"https:\/\/www.cnbb.org.br\/wp-content\/uploads\/2020\/03\/1-dia-odaril-4-300x121.jpg\" alt=\"\" width=\"374\" height=\"155\" \/><\/a><\/p>\n<p style=\"text-align: justify\">Tamb\u00e9m foram eleitos os bispos que ir\u00e3o compor o Conselho Episcopal de Pastoral (CEP): os representantes das Prov\u00edncias Eclesi\u00e1sticas (Curitiba, Maring\u00e1, Cascavel e Londrina) e o Conselho Fiscal. Assim ficam compostos os grupos:<\/p>\n<blockquote>\n<table class=\"table table-striped aligncenter\">\n<thead>\n<tr>\n<th>Conselho Episcopal de Pastoral &#8211; CNBB Sul 2<\/th>\n<\/tr>\n<\/thead>\n<tbody>\n<tr>\n<td><strong>Representantes das Prov\u00edncias Eclesi\u00e1sticas:<br \/>\n<\/strong><strong>Curitiba:<\/strong> Dom S\u00e9rgio Arthur Braschi, bispo de Ponta Grossa<br \/>\n<strong>Maring\u00e1:<\/strong> Dom M\u00e1rio Spaki, bispo de Paranava\u00ed<br \/>\n<strong>Cascavel:<\/strong> Dom Edgar Xavier Ertl, bispo de Palmas e Francisco Beltr\u00e3o<br \/>\n<strong>Londrina:<\/strong> Dom Jo\u00e3o Manoel Francisco, bispo de Corn\u00e9lio Proc\u00f3pio<\/td>\n<\/tr>\n<tr>\n<td><strong>Conselho Fiscal<br \/>\n<\/strong>Dom Ant\u00f4nio Braz Benevente, bispo de Jacarezinho<strong><br \/>\n<\/strong>Dom Bruno Elizeu Versari, bispo de Campo Mour\u00e3o<strong><br \/>\n<\/strong>Dom Celso Ant\u00f4nio Marchiori, bispo de S\u00e3o Jos\u00e9 dos Pinhais<\/td>\n<\/tr>\n<\/tbody>\n<\/table>\n<p>&nbsp;<\/p><\/blockquote>\n<p style=\"text-align: justify\"><strong>Novo presidente<br \/>\n<\/strong>Atualmente, dom Geremias Steinmetz \u00e9 o vice-presidente do regional, membro do Conselho Permanente e da Comiss\u00e3o Episcopal Pastoral para a Liturgia da CNBB. Segundo ele, sua experi\u00eancia foi um dos motivos pelos quais os bispos lhe confiaram essa miss\u00e3o.<\/p>\n<blockquote>\n<p style=\"text-align: justify\"><em><strong>\u201cEu sou muito grato aos bispos pela confian\u00e7a, pela amizade e, sobretudo, pela presen\u00e7a, troca de ideias, as bonitas discuss\u00f5es que a gente tem nas reuni\u00f5es, isso nos d\u00e1 for\u00e7a. Significa que vamos poder discutir conjuntamente as grandes quest\u00f5es e tomar decis\u00f5es em conjunto, porque o presidente n\u00e3o age sozinho. Ent\u00e3o, estou contente, feliz e vamos continuar trabalhando, junto com todo o trabalho que j\u00e1 tenho em Londrina, agora assumo tamb\u00e9m a presid\u00eancia do Regional Sul 2 da CNBB\u201d, afirmou dom Geremias.<\/strong><\/em><\/p>\n<\/blockquote>\n<p style=\"text-align: justify\">Questionado sobre as prioridades ao assumir essa fun\u00e7\u00e3o, dom Geremias analisou que a experi\u00eancia mostra a necessidade de dar passos no sentido de uma valoriza\u00e7\u00e3o maior de pastorais, organismos, movimentos e fazer com que o laicato seja cada vez mais firme e, \u201cacima de tudo, tenha mais preparo\u201d. Dom Geremias tamb\u00e9m acredita que \u00e9 preciso pensar a quest\u00e3o econ\u00f4mica, sobre o financiamento de muitos trabalhos que o regional tem.<\/p>\n<figure id=\"attachment_207941\" aria-describedby=\"caption-attachment-207941\" style=\"width: 208px\" class=\"wp-caption alignleft\"><a href=\"https:\/\/www.cnbb.org.br\/dom-geremias-steinmetz-e-eleito-presidente-do-regional-sul-2-da-cnbb\/dom-geremias-300x252\/\" rel=\"attachment wp-att-207941\"><img decoding=\"async\" loading=\"lazy\" class=\" wp-image-207941\" src=\"https:\/\/www.cnbb.org.br\/wp-content\/uploads\/2020\/03\/dOM-gEREMIAS-300x252-300x252-1.jpg\" alt=\"\" width=\"208\" height=\"175\" \/><\/a><figcaption id=\"caption-attachment-207941\" class=\"wp-caption-text\"><em>Foto: CNBB Sul 2<\/em><\/figcaption><\/figure>\n<p style=\"text-align: justify\">\u201cTamb\u00e9m, um desafio muito grande \u00e9 o nosso trabalho mission\u00e1rio na Guin\u00e9-Bissau, \u00c1frica, assim como os trabalhos mission\u00e1rios de nossas dioceses aqui no Brasil. Mas, no geral, podemos dizer que as nossas dioceses est\u00e3o muito bem, o trabalho no nosso regional vai bem, mas \u00e9 preciso sempre permanecer atento para que possamos continuar crescendo\u201d, afirma.<\/p>\n<p style=\"text-align: justify\">A nova Presid\u00eancia e o Conselho Episcopal de Pastoral do regional Sul 2 da CNBB v\u00e3o iniciar a sua gest\u00e3o, oficialmente, na 57\u00aa Assembleia Geral da CNBB, que acontecer\u00e1 em Aparecida (SP), de 1\u00ba a 10 de maio de 2019.<\/p>\n<p style=\"text-align: justify\"><strong>Diocese de Toledo<br \/>\n<\/strong>A diocese de Toledo foi escolhida para sediar a assembleia dos bispos do Paran\u00e1 por estar comemorando 60 anos de cria\u00e7\u00e3o. O bispo diocesano, Dom Jo\u00e3o Carlos Seneme, acolheu a assembleia como um presente para a sua diocese: \u201cPara n\u00f3s foi uma ben\u00e7\u00e3o ter todos os bispos do Paran\u00e1 aqui, celebrando na catedral, sentindo a f\u00e9 do nosso povo e fazendo essa homenagem para n\u00f3s. Ent\u00e3o, a diocese se sente realmente agradecida a Deus pela presen\u00e7a dos bispos aqui, que marcou as nossas festividades nesses 60 anos da nossa caminhada de f\u00e9. Foi uma alegria e uma b\u00ean\u00e7\u00e3o de Deus\u201d, expressou dom Jo\u00e3o.<\/p>\n<p><a href=\"https:\/\/www.cnbb.org.br\/dom-geremias-steinmetz-e-eleito-presidente-do-regional-sul-2-da-cnbb\/bispos-em-toledo-catedral-b\/\" rel=\"attachment wp-att-207943\"><img decoding=\"async\" loading=\"lazy\" class=\"size-medium wp-image-207943 aligncenter\" src=\"https:\/\/www.cnbb.org.br\/wp-content\/uploads\/2020\/03\/bispos-em-toledo-catedral-B-scaled.jpg\" alt=\"\" width=\"300\" height=\"174\" \/><\/a><\/p>\n<h5><em>Com informa\u00e7\u00f5es e imagens do regional Sul 2 da CNBB<\/em><br \/>\n<em>Colaboraram Karina Carvalho e Paulo Weber Junior<\/em><\/h5>\n","protected":false},"excerpt":{"rendered":"<p>Nova presid\u00eancia foi eleita durante assembleia, sediada na diocese de Toledo (PR). Dom Peruzzo e dom Amilton completam nova presid\u00eancia<\/p>\n","protected":false},"author":83,"featured_media":33433,"comment_status":"closed","ping_status":"open","sticky":false,"template":"","format":"standard","meta":{"site-sidebar-layout":"default","site-content-layout":"default","ast-global-header-display":"","ast-banner-title-visibility":"","ast-main-header-display":"","ast-hfb-above-header-display":"","ast-hfb-below-header-display":"","ast-hfb-mobile-header-display":"","site-post-title":"","ast-breadcrumbs-content":"","ast-featured-img":"","footer-sml-layout":"","theme-transparent-header-meta":"","adv-header-id-meta":"","stick-header-meta":"","header-above-stick-meta":"","header-main-stick-meta":"","header-below-stick-meta":""},"categories":[841],"tags":[1207],"acf":[],"_links":{"self":[{"href":"https:\/\/www.cnbb.org.br\/cnbb-app\/wp\/v2\/posts\/33430"}],"collection":[{"href":"https:\/\/www.cnbb.org.br\/cnbb-app\/wp\/v2\/posts"}],"about":[{"href":"https:\/\/www.cnbb.org.br\/cnbb-app\/wp\/v2\/types\/post"}],"author":[{"embeddable":true,"href":"https:\/\/www.cnbb.org.br\/cnbb-app\/wp\/v2\/users\/83"}],"replies":[{"embeddable":true,"href":"https:\/\/www.cnbb.org.br\/cnbb-app\/wp\/v2\/comments?post=33430"}],"version-history":[{"count":0,"href":"https:\/\/www.cnbb.org.br\/cnbb-app\/wp\/v2\/posts\/33430\/revisions"}],"wp:featuredmedia":[{"embeddable":true,"href":"https:\/\/www.cnbb.org.br\/cnbb-app\/wp\/v2\/media\/33433"}],"wp:attachment":[{"href":"https:\/\/www.cnbb.org.br\/cnbb-app\/wp\/v2\/media?parent=33430"}],"wp:term":[{"taxonomy":"category","embeddable":true,"href":"https:\/\/www.cnbb.org.br\/cnbb-app\/wp\/v2\/categories?post=33430"},{"taxonomy":"post_tag","embeddable":true,"href":"https:\/\/www.cnbb.org.br\/cnbb-app\/wp\/v2\/tags?post=33430"}],"curies":[{"name":"wp","href":"https:\/\/api.w.org\/{rel}","templated":true}]}}