{"id":33447,"date":"2019-02-21T00:00:00","date_gmt":"2019-02-21T03:00:00","guid":{"rendered":"https:\/\/www.cnbb.org.br\/as-apreensoes-do-papa-francisco\/"},"modified":"2019-02-21T00:00:00","modified_gmt":"2019-02-21T03:00:00","slug":"as-apreensoes-do-papa-francisco","status":"publish","type":"post","link":"https:\/\/www.cnbb.org.br\/as-apreensoes-do-papa-francisco\/","title":{"rendered":"As apreens\u00f5es do papa Francisco"},"content":{"rendered":"<p style=\"text-align: right\"><strong>Dom Dem\u00e9trio Valentini<\/strong><br \/>\n<strong>Bispo Em\u00e9rito de Jales<\/strong><\/p>\n<p style=\"text-align: justify\">\n<p style=\"text-align: justify\">Por ocasi\u00e3o do Natal,\u00a0\u00e9 costume o Papa enviar uma mensagem especial, endere\u00e7ada a todo o mundo. Em vista da grande abrang\u00eancia de destinat\u00e1rios, leva o nome de Mensagem \u201cUrbi et Orbi\u201d. Vale dizer: \u201cpara a cidade (Roma) e para o mundo\u201d.<\/p>\n<p style=\"text-align: justify\">Os assuntos abordados nesta mensagem acabam compondo um panorama mundial das tens\u00f5es existentes hoje, e que mais merecem nossa aten\u00e7\u00e3o.<\/p>\n<p style=\"text-align: justify\">A primeira situa\u00e7\u00e3o problem\u00e1tica lembrada pelo Papa se refere ao intermin\u00e1vel conflito entre\u00a0<strong>Israel e Palestinos<\/strong>. Diz o Papa, textualmente:<\/p>\n<p style=\"text-align: justify\"><em>\u201cPermita a Israelitas e Palestinenses retomar o di\u00e1logo e abrir um caminho de paz que ponha fim a um conflito que, h\u00e1 mais de setenta anos, dilacera a Terra escolhida pelo Senhor para nos mostrar o seu rosto de amor\u201d<\/em><\/p>\n<p style=\"text-align: justify\">O fato de lembrar em primeiro lugar o conflito entre judeus e palestinos mostra a gravidade, e a complexidade desta quest\u00e3o. \u00c9 o conflito mais antigo que persiste no mundo, anterior \u00e0 cria\u00e7\u00e3o do Estado de Israel em 1948, e traz as marcas de persistentes tens\u00f5es culturais, pol\u00edticas e religiosas, que v\u00eam de s\u00e9culos.<\/p>\n<p style=\"text-align: justify\">Para dar-nos conta da complexidade desta quest\u00e3o \u00e9 preciso ter sensibilidade pol\u00edtica e conhecimento hist\u00f3rico.<\/p>\n<p style=\"text-align: justify\">Chama a aten\u00e7\u00e3o a superficialidade com que \u00e9 tratada esta quest\u00e3o, por parte da atual diplomacia brasileira, como se esta quest\u00e3o n\u00e3o tivesse consist\u00eancia pol\u00edtica. Colocar em risco o equilibrado relacionamento diplom\u00e1tico do Brasil com Israel e os Palestinos seria um lament\u00e1vel equ\u00edvoco.<\/p>\n<p style=\"text-align: justify\">A segunda apreens\u00e3o do Papa \u00e9 em refer\u00eancia \u00e0 guerra na\u00a0<strong>S\u00edria<\/strong>:\u00a0<em>\u201cO Menino Jesus permita, \u00e0 amada e atormentada S\u00edria, reencontrar a fraternidade depois destes longos anos de guerra. Que a Comunidade Internacional trabalhe com decis\u00e3o para uma solu\u00e7\u00e3o pol\u00edtica que anule as divis\u00f5es e os interesses das partes, de modo que o povo s\u00edrio, especialmente aqueles que tiveram de deixar as suas terras e buscar ref\u00fagio noutro lugar, possa voltar a viver em paz na sua p\u00e1tria\u201d.<\/em><\/p>\n<p style=\"text-align: justify\">A terceira situa\u00e7\u00e3o lembrada \u00e9 referente ao\u00a0<strong>Iemen<\/strong>:<em>\u00a0\u201cPenso no I\u00e9men com a esperan\u00e7a de que a tr\u00e9gua mediada pela Comunidade Internacional possa, finalmente, levar al\u00edvio a tantas crian\u00e7as e \u00e0s popula\u00e7\u00f5es exaustas pela guerra e a carestia\u201d.<\/em><\/p>\n<p style=\"text-align: justify\">Em seguida manifesta suas apreens\u00f5es sobre o inteiro continente da\u00a0<strong>Africa<\/strong><em>: \u201cPenso na \u00c1frica, onde h\u00e1 milh\u00f5es de pessoas refugiadas ou deslocadas e precisam de assist\u00eancia humanit\u00e1ria e seguran\u00e7a alimentar\u201d<\/em>.<\/p>\n<p style=\"text-align: justify\">O Papa n\u00e3o esquece a\u00a0<strong>Cor\u00e9ia<\/strong>:\u00a0<em>O Natal robuste\u00e7a os v\u00ednculos fraternos que unem a pen\u00ednsula coreana e consinta de prosseguir no caminho de aproxima\u00e7\u00e3o empreendido para se chegar a solu\u00e7\u00f5es compartilhadas que a todos assegurem progresso e bem-estar.<\/em><\/p>\n<p style=\"text-align: justify\">Lembra em seguida a\u00a0<strong>Venezuela<\/strong>, com sua complicada crise:<\/p>\n<p style=\"text-align: justify\"><em>Este tempo de b\u00ean\u00e7\u00e3o permita \u00e0 Venezuela reencontrar a conc\u00f3rdia e, a todos os componentes da sociedade, trabalhar fraternalmente para o desenvolvimento do pa\u00eds e prestar assist\u00eancia aos setores mais vulner\u00e1veis da popula\u00e7\u00e3o.<\/em><\/p>\n<p style=\"text-align: justify\">Menciona a situa\u00e7\u00e3o da\u00a0<strong>Ucr\u00e2nia<\/strong>: \u201c<em>O Senhor rec\u00e9m-nascido leve al\u00edvio \u00e0 amada Ucr\u00e2nia, ansiosa por reaver uma paz duradoura, que tarda a chegar.<\/em><\/p>\n<p style=\"text-align: justify\">Cita a\u00a0<strong>Nicar\u00e1gua<\/strong>, desejando que\u00a0<em>n\u00e3o prevale\u00e7am as divis\u00f5es e disc\u00f3rdias, mas todos trabalhem para favorecer a reconcilia\u00e7\u00e3o e, juntos, construir o futuro do pa\u00eds.<\/em><\/p>\n<p style=\"text-align: justify\">O Papa Francisco nos d\u00e1 seu valioso testemunho, de ter uma vis\u00e3o do mundo impregnada de apreens\u00f5es, mas ao mesmo tempo de esperan\u00e7a que a mensagem de Cristo seja um ponto de partida para a supera\u00e7\u00e3o dos conflitos, e para a consolida\u00e7\u00e3o da paz mundial.<\/p>\n<p>&nbsp;<\/p>\n","protected":false},"excerpt":{"rendered":"<p>Dom Dem\u00e9trio Valentini Bispo Em\u00e9rito de Jales Por ocasi\u00e3o do Natal,\u00a0\u00e9 costume o Papa enviar uma mensagem especial, endere\u00e7ada a todo o mundo. Em vista da grande abrang\u00eancia de destinat\u00e1rios, leva o nome de Mensagem \u201cUrbi et Orbi\u201d. Vale dizer: \u201cpara a cidade (Roma) e para o mundo\u201d. Os assuntos abordados nesta mensagem acabam compondo &hellip;<\/p>\n<p class=\"read-more\"> <a class=\"\" href=\"https:\/\/www.cnbb.org.br\/as-apreensoes-do-papa-francisco\/\"> <span class=\"screen-reader-text\">As apreens\u00f5es do papa Francisco<\/span> Leia mais &raquo;<\/a><\/p>\n","protected":false},"author":15,"featured_media":0,"comment_status":"closed","ping_status":"open","sticky":false,"template":"","format":"standard","meta":{"site-sidebar-layout":"default","site-content-layout":"default","ast-global-header-display":"","ast-banner-title-visibility":"","ast-main-header-display":"","ast-hfb-above-header-display":"","ast-hfb-below-header-display":"","ast-hfb-mobile-header-display":"","site-post-title":"","ast-breadcrumbs-content":"","ast-featured-img":"","footer-sml-layout":"","theme-transparent-header-meta":"","adv-header-id-meta":"","stick-header-meta":"","header-above-stick-meta":"","header-main-stick-meta":"","header-below-stick-meta":""},"categories":[758],"tags":[],"acf":[],"_links":{"self":[{"href":"https:\/\/www.cnbb.org.br\/cnbb-app\/wp\/v2\/posts\/33447"}],"collection":[{"href":"https:\/\/www.cnbb.org.br\/cnbb-app\/wp\/v2\/posts"}],"about":[{"href":"https:\/\/www.cnbb.org.br\/cnbb-app\/wp\/v2\/types\/post"}],"author":[{"embeddable":true,"href":"https:\/\/www.cnbb.org.br\/cnbb-app\/wp\/v2\/users\/15"}],"replies":[{"embeddable":true,"href":"https:\/\/www.cnbb.org.br\/cnbb-app\/wp\/v2\/comments?post=33447"}],"version-history":[{"count":0,"href":"https:\/\/www.cnbb.org.br\/cnbb-app\/wp\/v2\/posts\/33447\/revisions"}],"wp:attachment":[{"href":"https:\/\/www.cnbb.org.br\/cnbb-app\/wp\/v2\/media?parent=33447"}],"wp:term":[{"taxonomy":"category","embeddable":true,"href":"https:\/\/www.cnbb.org.br\/cnbb-app\/wp\/v2\/categories?post=33447"},{"taxonomy":"post_tag","embeddable":true,"href":"https:\/\/www.cnbb.org.br\/cnbb-app\/wp\/v2\/tags?post=33447"}],"curies":[{"name":"wp","href":"https:\/\/api.w.org\/{rel}","templated":true}]}}