{"id":33483,"date":"2019-02-27T00:00:00","date_gmt":"2019-02-27T03:00:00","guid":{"rendered":"https:\/\/www.cnbb.org.br\/igreja-no-brasil-deve-fortalecer-apoio-evangelizador-em-projeto-de-solidariedade-na-guine-bissau\/"},"modified":"2020-10-23T14:22:51","modified_gmt":"2020-10-23T17:22:51","slug":"igreja-no-brasil-deve-fortalecer-apoio-evangelizador-em-projeto-de-solidariedade-na-guine-bissau","status":"publish","type":"post","link":"https:\/\/www.cnbb.org.br\/igreja-no-brasil-deve-fortalecer-apoio-evangelizador-em-projeto-de-solidariedade-na-guine-bissau\/","title":{"rendered":"Igreja no Brasil fortalece apoio evangelizador em projeto de solidariedade na Guin\u00e9 Bissau"},"content":{"rendered":"<p style=\"text-align: justify\">O trabalho de apoio \u00e0 a\u00e7\u00e3o evangelizadora na Igreja em Guin\u00e9 Bissau deve continuar no \u00e2mbito da Confer\u00eancia Nacional dos Bispos do Brasil (CNBB). Ap\u00f3s visita do assessor da Comiss\u00e3o Episcopal Pastoral para a Anima\u00e7\u00e3o Mission\u00e1ria e a Coopera\u00e7\u00e3o Intereclesial da entidade, padre Ant\u00f4nio Niemiec, ao pa\u00eds africano, foram apresentadas algumas demandas, como o pedido de livros de Filosofia e Teologia, os quais devem auxiliar na forma\u00e7\u00e3o dos padres daquela regi\u00e3o, dentro do &#8220;Projeto de Solidariedade entre as Igrejas do Brasil e da Guin\u00e9 Bissau&#8221;, firmado em 2006.<\/p>\n<figure id=\"attachment_208177\" aria-describedby=\"caption-attachment-208177\" style=\"width: 300px\" class=\"wp-caption alignright\"><a href=\"https:\/\/www.cnbb.org.br\/igreja-no-brasil-deve-fortalecer-apoio-evangelizador-em-projeto-de-solidariedade-na-guine-bissau\/consep-26-2-19-niemiec\/\" rel=\"attachment wp-att-208177\"><img decoding=\"async\" loading=\"lazy\" class=\"size-medium wp-image-208177\" src=\"https:\/\/www.cnbb.org.br\/wp-content\/uploads\/2020\/03\/Consep-26-2-19-niemiec-300x159-1.jpg\" alt=\"\" width=\"300\" height=\"159\" \/><\/a><figcaption id=\"caption-attachment-208177\" class=\"wp-caption-text\"><em>Padre Ant\u00f4nio Niemiec, \u00e0 esquerda | Foto: CNBB\/Daniel Flores<\/em><\/figcaption><\/figure>\n<p style=\"text-align: justify\">Padre Ant\u00f4nio Niemiec esteve por 45 dias na Guin\u00e9 Bissau, entre os meses de dezembro de 2018 e fevereiro de 2019. Na oportunidade, encontrou-se com os tr\u00eas bispos do pa\u00eds e tratou das propostas sugeridas no Brasil para apoio e escutou as demandas locais.<\/p>\n<p style=\"text-align: justify\">Os bispos da Guin\u00e9 Bissau agradeceram o apoio j\u00e1 oferecido desde 2006, quando professores do Brasil come\u00e7aram a se disponibilizar para ministrarem disciplinas no semin\u00e1rio durante as f\u00e9rias do Brasil. Tamb\u00e9m manifestaram gratid\u00e3o pela oferta de apoio da Pontif\u00edcia Universidade Cat\u00f3lica do Rio de Janeiro (PUC-Rio) para cursos de mestrado e doutorado, o que n\u00e3o dever\u00e1 ser efetivado neste momento, por conta de outras urg\u00eancias.<\/p>\n<p style=\"text-align: justify\">Como pedidos mais concretos, considerado as necessidades mais latentes, foi solicitada a cria\u00e7\u00e3o da faculdade de Filosofia no pa\u00eds, o que deve ser realizado at\u00e9 setembro de 2020; a amplia\u00e7\u00e3o do tempo de perman\u00eancia dos professores de cinco a seis semanas para dois meses a um semestre; a colabora\u00e7\u00e3o continuada dos professores em atividades de forma\u00e7\u00e3o para o clero e cursos para os leigos; e a contribui\u00e7\u00e3o com livros de Filosofia e Teologia, uma vez que \u00e9 escassa ou quase inexistente a produ\u00e7\u00e3o editorial no pa\u00eds.<\/p>\n<figure id=\"attachment_208181\" aria-describedby=\"caption-attachment-208181\" style=\"width: 300px\" class=\"wp-caption alignleft\"><a href=\"https:\/\/www.cnbb.org.br\/igreja-no-brasil-deve-fortalecer-apoio-evangelizador-em-projeto-de-solidariedade-na-guine-bissau\/niemiec-bissau-dom-zilli\/\" rel=\"attachment wp-att-208181\"><img decoding=\"async\" loading=\"lazy\" class=\"size-medium wp-image-208181\" src=\"https:\/\/www.cnbb.org.br\/wp-content\/uploads\/2020\/03\/Niemiec-Bissau-dom-Zilli-300x225.jpg\" alt=\"\" width=\"300\" height=\"225\" \/><\/a><figcaption id=\"caption-attachment-208181\" class=\"wp-caption-text\"><em>Dom Pedro Zilli, bispo de Bafat\u00e1, na Guin\u00e9 Bissau, se encontro com seminaristas de Santa Catarina | Foto: reprodu\u00e7\u00e3o\/Facebook<\/em><\/figcaption><\/figure>\n<blockquote>\n<p style=\"text-align: justify\"><em>\u201cDom Pedro Zilli [bispo brasileiro \u00e0 frente da diocese de Bafat\u00e1, na Guin\u00e9 Bissau] vai fazer um pedido para que a Igreja no Brasil os ajude na quest\u00e3o dos livros de Filosofia e Teologia, pois praticamente eles n\u00e3o t\u00eam nada no semin\u00e1rio. N\u00f3s levamos algumas apostilas para poder ajudar um pouco os seminaristas\u00a0 na \u00e1rea de Filosofia e Teologia. H\u00e1 uma car\u00eancia de tudo. Os livros que eles conseguem s\u00e3o trazidos de Portugal e h\u00e1 a quest\u00e3o do pre\u00e7o\u201d, partilhou padre Ant\u00f4nio.<\/em><\/p>\n<\/blockquote>\n<p style=\"text-align: justify\">O presidente da Comiss\u00e3o para a Coopera\u00e7\u00e3o Intereclesial da CNBB, dom Esmeraldo Barreto de Farias, adiantou que ser\u00e1 feita uma lista da bibliografia b\u00e1sica dos cursos de Filosofia e Teologia para arrecadar o material nos regionais e dioceses e, na sequ\u00eancia, enviar ao pa\u00eds africano.<\/p>\n<p style=\"text-align: justify\">O secret\u00e1rio-geral da CNBB, dom Leonardo Steiner, citou como possibilidade o que pode ser oferecido pela Edi\u00e7\u00f5es CNBB e pela pr\u00f3pria CNBB, por meio do conte\u00fado do seu acervo. O presidente da Comiss\u00e3o para os Minist\u00e9rios Ordenados e a Vida Consagrada, dom Jaime Spengler, citou o acervo do antigo semin\u00e1rio de Viam\u00e3o (RS), cuja parte que n\u00e3o foi doada para semin\u00e1rios da Amaz\u00f4nia poderia ser aproveitada para envio ao semin\u00e1rio da Guin\u00e9 Bissau.<\/p>\n<p style=\"text-align: justify\"><strong>Visita e doa\u00e7\u00e3o<\/strong><br \/>\nPadre Ant\u00f4nio Niemiec p\u00f4de conhecer v\u00e1rias realidades e se reunir com as comunidades e membros de servi\u00e7os eclesiais na Guin\u00e9 Bissau, al\u00e9m das mission\u00e1rias e mission\u00e1rios brasileiros que atuam no pa\u00eds. A atividade principal, por\u00e9m, estava dentro das atividades do &#8220;Projeto de Solidariedade entre as Igrejas do Brasil e da Guin\u00e9 Bissau&#8221;. A iniciativa, explica o padre, \u201ccontempla o envio anual de professores de filosofia e teologia para a Guin\u00e9 Bissau, dada a car\u00eancia de professores neste pa\u00eds. At\u00e9 o presente momento, foram enviados 17 professores do Brasil, nos meses janeiro-fevereiro, que ajudaram na forma\u00e7\u00e3o de 28 padres da Igreja da Guin\u00e9\u201d.<\/p>\n<p style=\"text-align: justify\"><a href=\"https:\/\/www.cnbb.org.br\/igreja-no-brasil-deve-fortalecer-apoio-evangelizador-em-projeto-de-solidariedade-na-guine-bissau\/niemiec-bissau-1\/\" rel=\"attachment wp-att-208178\"><img decoding=\"async\" loading=\"lazy\" class=\"size-medium wp-image-208178 alignright\" src=\"https:\/\/www.cnbb.org.br\/wp-content\/uploads\/2020\/03\/Niemiec-Bissau-1-300x225.jpg\" alt=\"\" width=\"300\" height=\"225\" \/><\/a>Al\u00e9m da forma\u00e7\u00e3o acad\u00eamica, no Semin\u00e1rio Maior, os professores assumem tamb\u00e9m diversos outros servi\u00e7os, durante a estadia deles no pa\u00eds africano: celebra\u00e7\u00f5es no Semin\u00e1rio e nas par\u00f3quias, encontros e cursos de forma\u00e7\u00e3o para leigos, retiros, conforme as solicita\u00e7\u00f5es recebidas. \u201c\u00c9 uma alegria poder contribuir um pouco nesse projeto de coopera\u00e7\u00e3o mission\u00e1ria\u201d, compartilhou nas redes sociais.<\/p>\n<p style=\"text-align: justify\">No Semin\u00e1rio Maior Interdiocesano, o \u00fanico na Guin\u00e9 Bissau, padre Ant\u00f4nio ministrou aulas da Sagrada Escritura e da Teologia Espiritual. \u201c\u00c9 um curso intensivo, por isso, as aulas acontecem todos os dias da semana. No Semin\u00e1rio, al\u00e9m dos seminaristas das duas dioceses da Guin\u00e9 (Bissau e Bafat\u00e1), estudam tamb\u00e9m os seminaristas religiosos e irm\u00e3s religiosas. O quadro num\u00e9rico de alunos (diocesanos e religiosos\/as) se apresenta da seguinte maneira: Proped\u00eautico &#8211; 18; Filosofia &#8211; 14; Teologia \u2013 24\u201d, contou.<\/p>\n<p style=\"text-align: justify\"><strong><a href=\"https:\/\/www.cnbb.org.br\/igreja-no-brasil-deve-fortalecer-apoio-evangelizador-em-projeto-de-solidariedade-na-guine-bissau\/niemiec-bissau-2\/\" rel=\"attachment wp-att-208179\"><img decoding=\"async\" loading=\"lazy\" class=\"size-medium wp-image-208179 alignleft\" src=\"https:\/\/www.cnbb.org.br\/wp-content\/uploads\/2020\/03\/Niemiec-Bissau-2-300x225.jpg\" alt=\"\" width=\"300\" height=\"225\" \/><\/a>Inicia\u00e7\u00e3o crist\u00e3<\/strong><br \/>\nNum pa\u00eds com forte presen\u00e7a mu\u00e7ulmana, mas com grande car\u00eancia da presen\u00e7a da Igreja Cat\u00f3lica, at\u00e9 a pedido de membros de religi\u00f5es tradicionais, chamou aten\u00e7\u00e3o do assessor da Comiss\u00e3o para a A\u00e7\u00e3o Mission\u00e1ria da CNBB uma paroquia no centro da capital que tem 2500 catec\u00famenos, pessoas em prepara\u00e7\u00e3o para o Batismo. Ali, de acordo com padre Niemiec, s\u00e3o somente 98 catequistas. \u201cVale a pena a gente colaborar neste projeto para uma Igreja que depende totalmente dos outros\u201d, disse.<\/p>\n","protected":false},"excerpt":{"rendered":"<p>Durante visita do assessor da Comiss\u00e3o para a Coopera\u00e7\u00e3o Intereclesial, bispos da Guin\u00e9 Bissau fizeram pedidos de apoio na forma\u00e7\u00e3o de padres<\/p>\n","protected":false},"author":83,"featured_media":33485,"comment_status":"closed","ping_status":"open","sticky":false,"template":"","format":"standard","meta":{"site-sidebar-layout":"default","site-content-layout":"default","ast-global-header-display":"","ast-banner-title-visibility":"","ast-main-header-display":"","ast-hfb-above-header-display":"","ast-hfb-below-header-display":"","ast-hfb-mobile-header-display":"","site-post-title":"","ast-breadcrumbs-content":"","ast-featured-img":"","footer-sml-layout":"","theme-transparent-header-meta":"","adv-header-id-meta":"","stick-header-meta":"","header-above-stick-meta":"","header-main-stick-meta":"","header-below-stick-meta":""},"categories":[854,878],"tags":[1249],"acf":[],"_links":{"self":[{"href":"https:\/\/www.cnbb.org.br\/cnbb-app\/wp\/v2\/posts\/33483"}],"collection":[{"href":"https:\/\/www.cnbb.org.br\/cnbb-app\/wp\/v2\/posts"}],"about":[{"href":"https:\/\/www.cnbb.org.br\/cnbb-app\/wp\/v2\/types\/post"}],"author":[{"embeddable":true,"href":"https:\/\/www.cnbb.org.br\/cnbb-app\/wp\/v2\/users\/83"}],"replies":[{"embeddable":true,"href":"https:\/\/www.cnbb.org.br\/cnbb-app\/wp\/v2\/comments?post=33483"}],"version-history":[{"count":0,"href":"https:\/\/www.cnbb.org.br\/cnbb-app\/wp\/v2\/posts\/33483\/revisions"}],"wp:featuredmedia":[{"embeddable":true,"href":"https:\/\/www.cnbb.org.br\/cnbb-app\/wp\/v2\/media\/33485"}],"wp:attachment":[{"href":"https:\/\/www.cnbb.org.br\/cnbb-app\/wp\/v2\/media?parent=33483"}],"wp:term":[{"taxonomy":"category","embeddable":true,"href":"https:\/\/www.cnbb.org.br\/cnbb-app\/wp\/v2\/categories?post=33483"},{"taxonomy":"post_tag","embeddable":true,"href":"https:\/\/www.cnbb.org.br\/cnbb-app\/wp\/v2\/tags?post=33483"}],"curies":[{"name":"wp","href":"https:\/\/api.w.org\/{rel}","templated":true}]}}