{"id":33504,"date":"2019-02-28T00:00:00","date_gmt":"2019-02-28T03:00:00","guid":{"rendered":"https:\/\/www.cnbb.org.br\/ambientes-eclesiais-seguros-e-protegidos-para-menores\/"},"modified":"2019-02-28T00:00:00","modified_gmt":"2019-02-28T03:00:00","slug":"ambientes-eclesiais-seguros-e-protegidos-para-menores","status":"publish","type":"post","link":"https:\/\/www.cnbb.org.br\/ambientes-eclesiais-seguros-e-protegidos-para-menores\/","title":{"rendered":"Ambientes eclesiais seguros e protegidos para menores"},"content":{"rendered":"<p style=\"text-align: right\"><strong>Dom Roberto Francisco Ferreria Paz<br \/>\n<\/strong><strong>Bispo de Campos (RJ)<\/strong><\/p>\n<p style=\"text-align: justify\">\n<p style=\"text-align: justify\">\u00a0O recente Encontro sobre a prote\u00e7\u00e3o dos menores na Igreja, promovido em Roma, com a participa\u00e7\u00e3o do Papa Francisco, abordou, de forma realista e preventiva, este desafio da prote\u00e7\u00e3o e cuidado dos menores.<\/p>\n<p style=\"text-align: justify\">Tendo tr\u00eas focos, ou eixos tem\u00e1ticos, que v\u00e3o desde a responsabilidade pastoral, jur\u00eddica e can\u00f4nica, vivenciando o cheiro das ovelhas feridas e assumindo a Igreja como um hospital de campanha, a necess\u00e1ria accountability (controle e presta\u00e7\u00e3o de contas \u00e0 sociedade), e refletindo a transpar\u00eancia com procedimentos comunicativos mais \u00e1geis e que envolvam a toda comunidade eclesial.Quer se colocar em a\u00e7\u00e3o a sinolidade e comunh\u00e3o que leva a corresponsabilidade, envolvendo a todas as inst\u00e2ncias e atores, construindo ambientes seguros e protegidos para os menores.<\/p>\n<p style=\"text-align: justify\">J\u00e1 o documento que apresentou a nova<em> ratio<\/em> (raz\u00e3o de estudos para a forma\u00e7\u00e3o presbiteral) introduziu, com propriedade, entre os crit\u00e9rios finais, a tem\u00e1tica da prote\u00e7\u00e3o dos menores, exigindo uma comiss\u00e3o presidida pelo Bispo e com a inclus\u00e3o do Reitor do Semin\u00e1rio e outros formadores.<\/p>\n<p style=\"text-align: justify\">Este \u00faltimo Encontro Romano tr\u00e1s propostas mais abrangentes e concretas: Um <em>Motu Proprio<\/em> (instru\u00e7\u00e3o papal sobre o tema, contendo diretrizes, um <em>Vade mecum<\/em> da Congrega\u00e7\u00e3o da Doutrina da F\u00e9 sobre normas jur\u00eddicas procedimentais explicitando os deveres e fun\u00e7\u00f5es dos bispos nestes delitos, e a forma\u00e7\u00e3o de for\u00e7as tarefas [equipes de trabalho interdisciplinares]) a servi\u00e7o das Confer\u00eancias Episcopais e Dioceses.<\/p>\n<p style=\"text-align: justify\">Ainda, a subsecret\u00e1ria para a sess\u00e3o dos leigos e professora de Direito Processual Can\u00f4nico, a Dra. Linda Ghisoni, palestrante do Encontro, indicou como caminho de realiza\u00e7\u00e3o das propostas a forma\u00e7\u00e3o de uma Comiss\u00e3o Diocesana presidida pelo Bispo da Igreja Particular, com a presen\u00e7a e integra\u00e7\u00e3o de especialistas e lideran\u00e7as leigas. Como podemos apreciar, a Igreja est\u00e1 mobilizada como um todo para dar uma resposta efetiva, promovendo uma pastoral do cuidado respons\u00e1vel do menor e colocando-se inequivocamente ao lado das v\u00edtimas. Deus seja louvado!<\/p>\n<p>&nbsp;<\/p>\n<p>&nbsp;<\/p>\n","protected":false},"excerpt":{"rendered":"<p>Dom Roberto Francisco Ferreria Paz Bispo de Campos (RJ) \u00a0O recente Encontro sobre a prote\u00e7\u00e3o dos menores na Igreja, promovido em Roma, com a participa\u00e7\u00e3o do Papa Francisco, abordou, de forma realista e preventiva, este desafio da prote\u00e7\u00e3o e cuidado dos menores. Tendo tr\u00eas focos, ou eixos tem\u00e1ticos, que v\u00e3o desde a responsabilidade pastoral, jur\u00eddica &hellip;<\/p>\n<p class=\"read-more\"> <a class=\"\" href=\"https:\/\/www.cnbb.org.br\/ambientes-eclesiais-seguros-e-protegidos-para-menores\/\"> <span class=\"screen-reader-text\">Ambientes eclesiais seguros e protegidos para menores<\/span> Leia mais &raquo;<\/a><\/p>\n","protected":false},"author":23,"featured_media":0,"comment_status":"closed","ping_status":"open","sticky":false,"template":"","format":"standard","meta":{"site-sidebar-layout":"default","site-content-layout":"default","ast-global-header-display":"","ast-banner-title-visibility":"","ast-main-header-display":"","ast-hfb-above-header-display":"","ast-hfb-below-header-display":"","ast-hfb-mobile-header-display":"","site-post-title":"","ast-breadcrumbs-content":"","ast-featured-img":"","footer-sml-layout":"","theme-transparent-header-meta":"","adv-header-id-meta":"","stick-header-meta":"","header-above-stick-meta":"","header-main-stick-meta":"","header-below-stick-meta":""},"categories":[758],"tags":[],"acf":[],"_links":{"self":[{"href":"https:\/\/www.cnbb.org.br\/cnbb-app\/wp\/v2\/posts\/33504"}],"collection":[{"href":"https:\/\/www.cnbb.org.br\/cnbb-app\/wp\/v2\/posts"}],"about":[{"href":"https:\/\/www.cnbb.org.br\/cnbb-app\/wp\/v2\/types\/post"}],"author":[{"embeddable":true,"href":"https:\/\/www.cnbb.org.br\/cnbb-app\/wp\/v2\/users\/23"}],"replies":[{"embeddable":true,"href":"https:\/\/www.cnbb.org.br\/cnbb-app\/wp\/v2\/comments?post=33504"}],"version-history":[{"count":0,"href":"https:\/\/www.cnbb.org.br\/cnbb-app\/wp\/v2\/posts\/33504\/revisions"}],"wp:attachment":[{"href":"https:\/\/www.cnbb.org.br\/cnbb-app\/wp\/v2\/media?parent=33504"}],"wp:term":[{"taxonomy":"category","embeddable":true,"href":"https:\/\/www.cnbb.org.br\/cnbb-app\/wp\/v2\/categories?post=33504"},{"taxonomy":"post_tag","embeddable":true,"href":"https:\/\/www.cnbb.org.br\/cnbb-app\/wp\/v2\/tags?post=33504"}],"curies":[{"name":"wp","href":"https:\/\/api.w.org\/{rel}","templated":true}]}}