{"id":33590,"date":"2019-03-15T00:00:00","date_gmt":"2019-03-15T03:00:00","guid":{"rendered":"https:\/\/www.cnbb.org.br\/o-papa-pede-para-que-a-gente-ajude-o-jovem-a-fazer-um-bom-discernimento-vocacional\/"},"modified":"2020-03-11T17:16:00","modified_gmt":"2020-03-11T20:16:00","slug":"o-papa-pede-para-que-a-gente-ajude-o-jovem-a-fazer-um-bom-discernimento-vocacional","status":"publish","type":"post","link":"https:\/\/www.cnbb.org.br\/o-papa-pede-para-que-a-gente-ajude-o-jovem-a-fazer-um-bom-discernimento-vocacional\/","title":{"rendered":"\u201cO papa pede para que a gente ajude o jovem a fazer um bom discernimento\u201d"},"content":{"rendered":"<p style=\"text-align: justify\">Publicada no s\u00e1bado, 9, a Mensagem do papa Francisco para o\u00a0<a href=\"http:\/\/w2.vatican.va\/content\/francesco\/pt\/messages\/vocations\/documents\/papa-francesco_20190131_56-messaggio-giornata-mondiale-vocazioni.html\" target=\"_blank\" rel=\"noopener\"><strong style=\"font-style: inherit\">Dia Mundial de Ora\u00e7\u00e3o pelas Voca\u00e7\u00f5es<\/strong><\/a>, que ocorrer\u00e1 no pr\u00f3ximo dia 12 de maio, IV Domingo da P\u00e1scoa, discorre sobre \u201cA coragem de arriscar pela promessa de Deus\u201d. Nela, o papa recorda os dois grandes eventos, que se realizaram recentemente na Igreja: o S\u00ednodo dedicado aos jovens, em outubro de 2018, e a 34\u00aa Jornada Mundial da Juventude no Panam\u00e1.<\/p>\n<p style=\"text-align: justify\">No Dia Mundial de Ora\u00e7\u00e3o pelas Voca\u00e7\u00f5es, Francisco reflete sobre o chamado do Senhor, que nos torna portadores de uma promessa e, ao mesmo tempo, nos pede coragem de arriscar com Ele e por Ele. Promessa e risco s\u00e3o dois aspetos que o papa prop\u00f5e aos jovens ao contemplar o trecho evang\u00e9lico da voca\u00e7\u00e3o dos primeiros disc\u00edpulos \u00e0s margens do Lago da Galileia.<\/p>\n<p style=\"text-align: justify\">Dois irm\u00e3os, Sim\u00e3o e Andr\u00e9, junto com Tiago e Jo\u00e3o se ocupam da faina di\u00e1ria de pescadores. Nesta cansativa profiss\u00e3o, aprenderam as leis da natureza, desafiando-as quando os ventos eram contr\u00e1rios e as ondas agitavam os barcos. Em certos dias, a pesca abundante recompensava da \u00e1rdua fadiga, mas, outras vezes, o trabalho de uma noite inteira de pesca n\u00e3o bastava para encher as redes e voltavam para casa, cansados e decepcionados.<\/p>\n<p style=\"text-align: justify\">Segundo o bispo auxiliar de S\u00e3o Paulo e referencial da Pastoral Vocacional, dom Jos\u00e9 Roberto Fortes Palau, o papa citou as experi\u00eancias dos primeiros disc\u00edpulos, pescadores, para mostrar que apesar de todas as contraven\u00e7\u00f5es eles decidiram acolher o chamado de Jesus e o seguir. \u201cO papa pede nessa mensagem para que primeiro a gente ajude o jovem a fazer um bom discernimento vocacional, porque Jesus o encontra no ordin\u00e1rio da vida\u201d, disse.<\/p>\n<p style=\"text-align: justify\">O bispo afirma que aqueles que s\u00e3o chamados \u00e0 vida consagrada devem ter a coragem e aud\u00e1cia de deixar a todos e se colocar no seguimento de Cristo. \u201cIsso exige coragem!\u201d, aponta. Ele tamb\u00e9m chama aten\u00e7\u00e3o para o decr\u00e9scimo no n\u00famero de voca\u00e7\u00f5es, mas garante que \u00e9 porque faltam pessoas para acompanhar e ajudar os jovens no discernimento.<\/p>\n<p style=\"text-align: justify\">Na mensagem, dom Jos\u00e9 Fortes Palau diz ainda que o papa quis demonstrar que a voca\u00e7\u00e3o n\u00e3o \u00e9 um peso, e sim um chamado. \u201cA voca\u00e7\u00e3o n\u00e3o \u00e9 uma coisa imposta, mas a partir do momento que o jovem faz o discernimento e sente o chamado divino e se ele \u00e9 bem acompanhado, ele pode depois dar uma resposta corajosa, audaciosa, e \u00e9 exatamente por isso que a gente precisa trabalhar melhor as nossas comunidades\u201d, garantiu o bispo.<\/p>\n<p style=\"text-align: justify\">No texto, o Santo Padre conclui a sua mensagem com um apelo aos jovens: \u201cN\u00e3o sejam surdos \u00e0 chamada do Senhor! Se Ele os chamar, n\u00e3o se oponham, mas confiem nele. N\u00e3o se deixem contagiar pelo medo, que nos paralisa, diante da proposta do Senhor. Lembrem-se sempre que o Senhor promete, aos que deixam tudo para segui-lo, a alegria de uma vida nova, que enche o cora\u00e7\u00e3o e anima nosso caminho\u201d.<\/p>\n<p style=\"text-align: justify\">Confira a <a href=\"http:\/\/w2.vatican.va\/content\/francesco\/pt\/messages\/vocations\/documents\/papa-francesco_20190131_56-messaggio-giornata-mondiale-vocazioni.html\" target=\"_blank\" rel=\"noopener\">mensagem do papa na \u00edntegra<\/a>.<\/p>\n","protected":false},"excerpt":{"rendered":"<p>Dom Jos\u00e9 Roberto Fortes Palau, referencial da Pastoral Vocacional, fala sobre mensagem do papa para o Dia Mundial de Ora\u00e7\u00e3o pelas Voca\u00e7\u00f5es<\/p>\n","protected":false},"author":83,"featured_media":812,"comment_status":"closed","ping_status":"open","sticky":false,"template":"","format":"standard","meta":{"site-sidebar-layout":"default","site-content-layout":"default","ast-global-header-display":"","ast-banner-title-visibility":"","ast-main-header-display":"","ast-hfb-above-header-display":"","ast-hfb-below-header-display":"","ast-hfb-mobile-header-display":"","site-post-title":"","ast-breadcrumbs-content":"","ast-featured-img":"","footer-sml-layout":"","theme-transparent-header-meta":"","adv-header-id-meta":"","stick-header-meta":"","header-above-stick-meta":"","header-main-stick-meta":"","header-below-stick-meta":""},"categories":[1],"tags":[],"acf":[],"_links":{"self":[{"href":"https:\/\/www.cnbb.org.br\/cnbb-app\/wp\/v2\/posts\/33590"}],"collection":[{"href":"https:\/\/www.cnbb.org.br\/cnbb-app\/wp\/v2\/posts"}],"about":[{"href":"https:\/\/www.cnbb.org.br\/cnbb-app\/wp\/v2\/types\/post"}],"author":[{"embeddable":true,"href":"https:\/\/www.cnbb.org.br\/cnbb-app\/wp\/v2\/users\/83"}],"replies":[{"embeddable":true,"href":"https:\/\/www.cnbb.org.br\/cnbb-app\/wp\/v2\/comments?post=33590"}],"version-history":[{"count":0,"href":"https:\/\/www.cnbb.org.br\/cnbb-app\/wp\/v2\/posts\/33590\/revisions"}],"wp:featuredmedia":[{"embeddable":true,"href":"https:\/\/www.cnbb.org.br\/cnbb-app\/wp\/v2\/media\/812"}],"wp:attachment":[{"href":"https:\/\/www.cnbb.org.br\/cnbb-app\/wp\/v2\/media?parent=33590"}],"wp:term":[{"taxonomy":"category","embeddable":true,"href":"https:\/\/www.cnbb.org.br\/cnbb-app\/wp\/v2\/categories?post=33590"},{"taxonomy":"post_tag","embeddable":true,"href":"https:\/\/www.cnbb.org.br\/cnbb-app\/wp\/v2\/tags?post=33590"}],"curies":[{"name":"wp","href":"https:\/\/api.w.org\/{rel}","templated":true}]}}