{"id":33591,"date":"2019-03-13T00:00:00","date_gmt":"2019-03-13T03:00:00","guid":{"rendered":"https:\/\/www.cnbb.org.br\/luiz-henrique-nomeado-para-barra-do-pirai-volta-redonda\/"},"modified":"2019-03-13T00:00:00","modified_gmt":"2019-03-13T03:00:00","slug":"luiz-henrique-nomeado-para-barra-do-pirai-volta-redonda","status":"publish","type":"post","link":"https:\/\/www.cnbb.org.br\/luiz-henrique-nomeado-para-barra-do-pirai-volta-redonda\/","title":{"rendered":"Luiz Henrique nomeado para Barra do Pira\u00ed-Volta Redonda"},"content":{"rendered":"<p style=\"text-align: right\"><strong>Orani Jo\u00e3o, Cardeal Tempesta, O. Cist.<br \/>\n<\/strong><strong>Arcebispo Metropolitano de S\u00e3o Sebasti\u00e3o do Rio de Janeiro (RJ)<\/strong><\/p>\n<p style=\"text-align: right\">\n<p style=\"text-align: justify\">O Papa Francisco, neste dia 13 de mar\u00e7o, aceitou o pedido de ren\u00fancia can\u00f4nica ao of\u00edcio de Bispo Diocesano de Barra do Pira\u00ed-Volta Redonda, RJ, por motivo de idade, do Excelent\u00edssimo Dom Francisco Biasin e proveu a mesma Sede Diocesana, como seu Bispo Diocesano, na pessoa de Sua Excel\u00eancia Dom Luiz Henrique da Silva Brito, at\u00e9 o presente momento Bispo Auxiliar da Arquidiocese de S\u00e3o Sebasti\u00e3o do Rio de Janeiro e Bispo titular de Zallata.<\/p>\n<p style=\"text-align: justify\">A Diocese de Barra do Pira\u00ed-Volta Redonda, junto com as Dioceses de Itagua\u00ed, Nova Igua\u00e7u, Duque de Caxias e Valen\u00e7a formam, desde 1892, com a Arquidiocese de S\u00e3o Sebasti\u00e3o do Rio de Janeiro uma Prov\u00edncia Eclesi\u00e1stica. Ela foi criada no mesmo decreto da Diocese de Campos, onde D. Luiz Henrique atuou como presb\u00edtero at\u00e9 sua nomea\u00e7\u00e3o episcopal.<\/p>\n<p style=\"text-align: justify\">A minha primeira palavra \u00e9 de agradecimento ao bonito caminho pastoral de Dom Francisco Biasin, pelo seu minist\u00e9rio pastoral naquela Igreja Diocesana, desde o in\u00edcio de seu minist\u00e9rio episcopal em 28 de agosto de 2011. Deus conceda, a Dom Francisco Biasin, as consola\u00e7\u00f5es divinas em a\u00e7\u00e3o de gra\u00e7as pelo sumo bem que semeou n\u00e3o s\u00f3 na Diocese de Barra do Pira\u00ed-Volta Redonda, bem como o seu reconhecido trabalho em favor do ecumenismo e do di\u00e1logo inter-religioso na Confer\u00eancia Nacional dos Bispos do Brasil \u2013 CNBB e tamb\u00e9m em nosso Regional Leste 1.<\/p>\n<ol style=\"text-align: justify\">\n<li>Luiz Henrique foi ordenado Bispo em nossa Catedral Metropolitana de S\u00e3o Sebasti\u00e3o do Rio de Janeiro aos 12 de maio de 2012 quando tamb\u00e9m iniciou seus trabalhos como auxiliar desta circunscri\u00e7\u00e3o eclesi\u00e1stica. Ele nasceu em S\u00e3o Gon\u00e7alo, Rio de Janeiro aos 19 de maio de 1967 e era sacerdote incardinado na Diocese de Campos dos Goytacazes. A sua possem em sua Diocese de Barra do Pira\u00ed-Volta Redonda ser\u00e1 no dia 11 de Maio, \u00e0s 9 horas da manh\u00e3. Que N. Sra. de F\u00e1tima interceda pela sua vida e minist\u00e9rio.<\/li>\n<\/ol>\n<p style=\"text-align: justify\">Exerceu importantes of\u00edcios em nossa Arquidiocese de S\u00e3o Sebasti\u00e3o do Rio de Janeiro: \u00a0Bispo Auxiliar da Arquidiocese de S\u00e3o Sebasti\u00e3o do Rio de Janeiro; Vig\u00e1rio Geral; Moderador da C\u00faria Metropolitana; Bispo animador do Vicariato Episcopal Urbano; Pastoral Presbiteral, das Irmandades e Ordens terceiras e confrarias; economato, departamento jur\u00eddico e da administra\u00e7\u00e3o dos bens temporais da Arquidiocese, al\u00e9m de professor no Semin\u00e1rio S\u00e3o Jos\u00e9. Anteriormente foi Bispo referencial do diaconato permanente, da pastoral carcer\u00e1ria, e acompanhou o vicariato norte. Foi tamb\u00e9m Diretor das Escolas de F\u00e9 e Catequese Mater Ecclesiae e Luz e Vida al\u00e9m de tantos outros trabalhos.<\/p>\n<p style=\"text-align: justify\">O Cardeal Mario Piacenza, no seu livro \u201cO Bispo, animador da comunh\u00e3o\u201d, traduz um sentimento muito importante para este momento em que Vossa Excel\u00eancia iniciar\u00e1 uma nova miss\u00e3o: \u201ccomo \u00e9 grande a voca\u00e7\u00e3o a que Cristo nos chamou! E como \u00e9 grande, tamb\u00e9m, no exerc\u00edcio do <em>m\u00fanus regendi, <\/em>a responsabilidade que temos diante dele, da Igreja e da hist\u00f3ria. Cada um de n\u00f3s \u00e9 o lugar concreto, por meio do qual passa a unidade da Igreja; por meio de n\u00f3s, os nossos padres, os nossos di\u00e1conos, os nossos religiosos e as nossas religiosas, os nossos irm\u00e3os leigos est\u00e3o unidos a Igreja e, por meio dela, a Cristo Morto e Ressuscitado. (&#8230;) Considero que n\u00e3o exista um modo maior para exercer o aspecto mission\u00e1rio de governo sen\u00e3o atrav\u00e9s do exemplo concreto da miseric\u00f3rdia. N\u00f3s amamos a comunh\u00e3o, por meio do simples e fiel exerc\u00edcio do minist\u00e9rio, que n\u00e3o raramente nos pede escolhas fortes, nem sempre compreens\u00edveis, que as vezes apenas Deus conhece e compreende, e que, ao mesmo tempo, s\u00e3o necess\u00e1rias para salvaguardar a unidade do Corpo de Cristo e, portanto, obedecer a ora\u00e7\u00e3o do Senhor, <em>Ut unum sint\u201d.<\/em> (cf. Piacenza, o.c., p\u00e1g. 83).<\/p>\n<p style=\"text-align: justify\">O Papa Francisco tra\u00e7ou, com perfei\u00e7\u00e3o, o perfil do Bispo Diocesano: \u201cPrecisamos de pastores dotados de parres\u00eda (aud\u00e1cia de anunciar com coragem o Evangelho, ndr), n\u00e3o condicionados pelo medo\u201d, frisou o Papa Francisco, convidando a Congrega\u00e7\u00e3o para os Bispos a desempenhar a sua tarefa com \u201cprofissionalismo, servi\u00e7o, santidade de vida e santa inquieta\u00e7\u00e3o\u201d.<em> o bispo \u00e9 aquele que sabe tornar atual tudo o que aconteceu com Jesus, e sabe, sobretudo, junto com a Igreja, ser testemunha de sua ressurrei\u00e7\u00e3o\u201d.<\/em> \u201cO bispo \u00e9 um m\u00e1rtir do Ressuscitado. N\u00e3o \u00e9 uma testemunha isolada, mas junto com a Igreja. A sua vida e seu minist\u00e9rio devem tornar cr\u00edvel a Ressurrei\u00e7\u00e3o\u201d, disse ainda o Papa Francisco que acrescentou: <em>\u201cA coragem de morrer, a generosidade de oferecer a pr\u00f3pria vida e dedica\u00e7\u00e3o total ao rebanho est\u00e3o inscritos no DNA do episcopado. A ren\u00fancia e o sacrif\u00edcio s\u00e3o conaturais \u00e0 miss\u00e3o episcopal. Quero enfatizar isso: a ren\u00fancia e o sacrif\u00edcio s\u00e3o conaturais \u00e0 miss\u00e3o episcopal. O episcopado n\u00e3o \u00e9 para si, mas para a Igreja, para o rebanho, para os outros, sobretudo para aqueles que, segundo a l\u00f3gica do mundo, devem ser descartados\u201d.<\/em> O Santo Padre frisou que o perfil de um bispo n\u00e3o \u00e9 a soma alg\u00e9brica de suas virtudes. O bispo deve se destacar por sua integridade, solidez crist\u00e3, fidelidade \u00e0 verdade, transpar\u00eancia e capacidade de governar. \u201cOs bispos devem ser antes de tudo kerigm\u00e1ticos, porque a f\u00e9 vem do an\u00fancio. Precisamos de homens guardi\u00f5es da doutrina n\u00e3o para avaliar como o mundo vive longe da verdade que a doutrina cont\u00e9m, mas para fascinar o mundo com a beleza do amor, para seduzi-lo com a oferta de liberdade doada pelo Evangelho\u201d, disse ainda o pont\u00edfice. \u201cA Igreja n\u00e3o precisa de apologistas de suas causas, mas de semeadores humildes e confiantes da verdade. Os bispos devem ser homens pacientes, conscientes de que a ciz\u00e2nia nunca ser\u00e1 capaz de preencher o campo. A miss\u00e3o do bispo requer assiduidade e cotidianidade\u201d, disse ainda Francisco. O Santo Padre concluiu dizendo que os bispos devem ser homens de ora\u00e7\u00e3o e que a Igreja precisa de pastores aut\u00eanticos, n\u00e3o donos, mas servos da Palavra de Deus.( <a href=\"http:\/\/diocesedecacador.org.br\/site\/papa-francisco-o-bispo-deve-ser-testemunha-humilde-e-corajosa-de-cristo\/\" target=\"_blank\" rel=\"noopener\">http:\/\/diocesedecacador.org.br\/site\/papa-francisco-o-bispo-deve-ser-testemunha-humilde-e-corajosa-de-cristo\/<\/a>, \u00faltimo acesso em 11 de mar\u00e7o de 2019).<\/p>\n<p style=\"text-align: justify\">O Papa Francisco disse que S\u00e3o Oscar Romero \u201cgostava de colocar no centro do\u00a0<em>sentir com a Igreja<\/em>, a percep\u00e7\u00e3o e a gratid\u00e3o por tanto bem recebido, sem o merecer. Ele foi capaz de sintonizar e aprender a viver a Igreja, porque amava intimamente quem o gerara na f\u00e9 e sentiu com a Igreja, porque, antes de mais nada, amou a Igreja como m\u00e3e que o gerou na f\u00e9, considerando-se membro e parte dela\u201d. \u201cEste amor, feito de ades\u00e3o e gratid\u00e3o, levou-o a abra\u00e7ar, com paix\u00e3o, mas tamb\u00e9m com dedica\u00e7\u00e3o e estudo, toda a contribui\u00e7\u00e3o e renova\u00e7\u00e3o propostas pelo magist\u00e9rio do Conc\u00edlio Vaticano II. Nele encontrava a m\u00e3o segura para seguir Cristo. N\u00e3o foi ide\u00f3logo nem ideol\u00f3gico. Iluminado por este horizonte eclesial, sentir com a Igreja significa para Romero contempl\u00e1-la como Povo de Deus. O pastor, para procurar e encontrar o Senhor, deve aprender e escutar as pulsa\u00e7\u00f5es do cora\u00e7\u00e3o do seu povo, sentir\u00a0<strong>\u00abo cheiro\u00bb<\/strong>\u00a0dos homens e mulheres de hoje at\u00e9 ficar impregnado das suas alegrias e esperan\u00e7as, tristezas e ang\u00fastias\u201d. (<a href=\"https:\/\/www.vaticannews.va\/pt\/papa\/news\/2019-01\/papa-francisco-panama-jmj-2019-discurso-bispos-america-central.html\" target=\"_blank\" rel=\"noopener\">https:\/\/www.vaticannews.va\/pt\/papa\/news\/2019-01\/papa-francisco-panama-jmj-2019-discurso-bispos-america-central.html<\/a>, \u00faltimo acesso em 11 de mar\u00e7o de 2019). Esse tema do \u201csentir com a Igreja\u201d tenho certeza de que o caro irm\u00e3o muitas vezes ouviu de minha boca na busca de sermos filhos da Igreja de Cristo e em Ele caminharmos.<\/p>\n<p style=\"text-align: justify\">Agrade\u00e7o pela sua unidade conosco e seu bel\u00edssimo testemunho de comunh\u00e3o assumindo com destemor tantos e dif\u00edceis trabalhos entre n\u00f3s aqui no Rio de Janeiro! Sofremos juntos e lutamos juntos em tantas frentes! Por\u00e9m a nossa unidade sempre nos levou adiante em nossa caminhada que tamb\u00e9m proporcionou grandes alegrias por ver a a\u00e7\u00e3o de Deus em nossa hist\u00f3ria. Deus seja louvado pelo seu trabalho generoso e dedicado. Desejo-lhe, caro irm\u00e3o, Bispo Eleito, que o seu minist\u00e9rio junto ao povo santo de Deus e ao clero de Barra do Pira\u00ed-Volta Redonda frutuoso minist\u00e9rio e que o seu testemunho e a sua reconhecida prud\u00eancia fa\u00e7am de sua a\u00e7\u00e3o pastoral aquela que vai para apascentar as ovelhas para o aprisco do Senhor! Como diz o seu lema episcopal, desejo que sempre o \u201cSenhor seja sua for\u00e7a\u201d! Que Deus guie e ilumine o seu minist\u00e9rio, am\u00e9m!<\/p>\n<p style=\"text-align: justify\">\n<p style=\"text-align: justify\">\n","protected":false},"excerpt":{"rendered":"<p>Orani Jo\u00e3o, Cardeal Tempesta, O. Cist. Arcebispo Metropolitano de S\u00e3o Sebasti\u00e3o do Rio de Janeiro (RJ) O Papa Francisco, neste dia 13 de mar\u00e7o, aceitou o pedido de ren\u00fancia can\u00f4nica ao of\u00edcio de Bispo Diocesano de Barra do Pira\u00ed-Volta Redonda, RJ, por motivo de idade, do Excelent\u00edssimo Dom Francisco Biasin e proveu a mesma Sede &hellip;<\/p>\n<p class=\"read-more\"> <a class=\"\" href=\"https:\/\/www.cnbb.org.br\/luiz-henrique-nomeado-para-barra-do-pirai-volta-redonda\/\"> <span class=\"screen-reader-text\">Luiz Henrique nomeado para Barra do Pira\u00ed-Volta Redonda<\/span> Leia mais &raquo;<\/a><\/p>\n","protected":false},"author":31,"featured_media":0,"comment_status":"closed","ping_status":"open","sticky":false,"template":"","format":"standard","meta":{"site-sidebar-layout":"default","site-content-layout":"default","ast-global-header-display":"","ast-banner-title-visibility":"","ast-main-header-display":"","ast-hfb-above-header-display":"","ast-hfb-below-header-display":"","ast-hfb-mobile-header-display":"","site-post-title":"","ast-breadcrumbs-content":"","ast-featured-img":"","footer-sml-layout":"","theme-transparent-header-meta":"","adv-header-id-meta":"","stick-header-meta":"","header-above-stick-meta":"","header-main-stick-meta":"","header-below-stick-meta":""},"categories":[758],"tags":[],"acf":[],"_links":{"self":[{"href":"https:\/\/www.cnbb.org.br\/cnbb-app\/wp\/v2\/posts\/33591"}],"collection":[{"href":"https:\/\/www.cnbb.org.br\/cnbb-app\/wp\/v2\/posts"}],"about":[{"href":"https:\/\/www.cnbb.org.br\/cnbb-app\/wp\/v2\/types\/post"}],"author":[{"embeddable":true,"href":"https:\/\/www.cnbb.org.br\/cnbb-app\/wp\/v2\/users\/31"}],"replies":[{"embeddable":true,"href":"https:\/\/www.cnbb.org.br\/cnbb-app\/wp\/v2\/comments?post=33591"}],"version-history":[{"count":0,"href":"https:\/\/www.cnbb.org.br\/cnbb-app\/wp\/v2\/posts\/33591\/revisions"}],"wp:attachment":[{"href":"https:\/\/www.cnbb.org.br\/cnbb-app\/wp\/v2\/media?parent=33591"}],"wp:term":[{"taxonomy":"category","embeddable":true,"href":"https:\/\/www.cnbb.org.br\/cnbb-app\/wp\/v2\/categories?post=33591"},{"taxonomy":"post_tag","embeddable":true,"href":"https:\/\/www.cnbb.org.br\/cnbb-app\/wp\/v2\/tags?post=33591"}],"curies":[{"name":"wp","href":"https:\/\/api.w.org\/{rel}","templated":true}]}}