{"id":33592,"date":"2019-03-13T00:00:00","date_gmt":"2019-03-13T03:00:00","guid":{"rendered":"https:\/\/www.cnbb.org.br\/sessao-solene-homenageia-cf-2019-na-camara-dos-deputados\/"},"modified":"2020-10-23T14:46:22","modified_gmt":"2020-10-23T17:46:22","slug":"sessao-solene-homenageia-cf-2019-na-camara-dos-deputados","status":"publish","type":"post","link":"https:\/\/www.cnbb.org.br\/sessao-solene-homenageia-cf-2019-na-camara-dos-deputados\/","title":{"rendered":"Sess\u00e3o solene homenageia CF 2019 na C\u00e2mara dos Deputados"},"content":{"rendered":"<figure id=\"attachment_208810\" aria-describedby=\"caption-attachment-208810\" style=\"width: 300px\" class=\"wp-caption alignright\"><a href=\"https:\/\/www.cnbb.org.br\/sessao-solene-homenageia-cf-2019-na-camara-dos-deputados\/sessao-cf-cd-najaraaraujo-4\/\" rel=\"attachment wp-att-208810\"><img decoding=\"async\" loading=\"lazy\" class=\"wp-image-208810 size-medium\" src=\"https:\/\/www.cnbb.org.br\/wp-content\/uploads\/2020\/03\/Sess\u00e3o-CF-CD-NajaraAraujo-4-300x200.jpg\" alt=\"\" width=\"300\" height=\"200\" \/><\/a><figcaption id=\"caption-attachment-208810\" class=\"wp-caption-text\"><em>Dom Valdir Mamede | Foto: Najara Araujo\/C\u00e2mara dos Deputados<\/em><\/figcaption><\/figure>\n<p style=\"text-align: justify\">A Campanha da Fraternidade 2019 foi homenageada pela C\u00e2mara dos Deputados, na manh\u00e3 de ter\u00e7a-feira, 12, em sess\u00e3o solene. A Confer\u00eancia Nacional dos Bispos do Brasil (CNBB) foi representada pelo bispo auxiliar de Bras\u00edlia (DF) dom Valdir Mamede e pelo assessor pol\u00edtico da entidade, padre Paulo Renato de Campos.<\/p>\n<p style=\"text-align: justify\">O arcebispo de Bras\u00edlia e presidente da CNBB, cardeal Sergio da Rocha, enviou carta que foi lida pelo deputado Diego Garcia (Pode-PR), proponente da sess\u00e3o. No texto, dom Sergio agradeceu e parabenizou os parlamentares pela iniciativa \u201cde especial import\u00e2ncia que colabora para a realiza\u00e7\u00e3o da Campanha da Fraternidade, cujo tema \u00e9 de interesse nacional\u201d.<\/p>\n<p style=\"text-align: justify\">Dom Sergio ressaltou que o lema \u201cSer\u00e1s libertado pelo direito e pela justi\u00e7a\u201d, extra\u00eddo do livro do Profeta Isaias, \u201cilumina e anima esta campanha, orientando nossas a\u00e7\u00f5es\u201d. O cardeal ainda destacou no texto que, mais uma vez, \u201ca Igreja n\u00e3o pretende oferecer solu\u00e7\u00f5es t\u00e9cnicas para problemas sociais nem se deixa guiar por ideologias ou partidos\u201d, mas cumpre sua miss\u00e3o prof\u00e9tica nas condi\u00e7\u00f5es concretas da hist\u00f3ria, \u201coferecendo aqui aquilo que tem de mais precioso \u00e0 luz da f\u00e9: a Palavra de Deus, os valores do Evangelho\u201d.<\/p>\n<p style=\"text-align: justify\">Para o presidente da CNBB, a Igreja oferece crit\u00e9rio, princ\u00edpios e valores \u00e9ticos a serem acolhidos na a\u00e7\u00e3o pol\u00edtica partid\u00e1ria e demais iniciativas no \u00e2mbito pol\u00edtico, tendo como grandes fontes a Palavra de Deus e a Doutrina Social da Igreja.<\/p>\n<p style=\"text-align: justify\">O presidente da C\u00e2mara, deputado Rodrigo Maia (DEM-RJ), teve o discurso lido no Plen\u00e1rio. Para ele, a campanha pode incentivar a participa\u00e7\u00e3o p\u00fablica no processo de elabora\u00e7\u00e3o das leis: \u201cFalar de pol\u00edticas p\u00fablicas com o cidad\u00e3o comum \u00e9 sempre v\u00e1lido e uma atividade que estimulamos constantemente na C\u00e2mara\u201d, disse.<\/p>\n<figure id=\"attachment_208809\" aria-describedby=\"caption-attachment-208809\" style=\"width: 300px\" class=\"wp-caption alignleft\"><a href=\"https:\/\/www.cnbb.org.br\/sessao-solene-homenageia-cf-2019-na-camara-dos-deputados\/sessao-cf-cd-najaraaraujo-3\/\" rel=\"attachment wp-att-208809\"><img decoding=\"async\" loading=\"lazy\" class=\"size-medium wp-image-208809\" src=\"https:\/\/www.cnbb.org.br\/wp-content\/uploads\/2020\/03\/Sess\u00e3o-CF-CD-NajaraAraujo-3-300x200.jpg\" alt=\"\" width=\"300\" height=\"200\" \/><\/a><figcaption id=\"caption-attachment-208809\" class=\"wp-caption-text\"><em>Foto: Najara Araujo\/C\u00e2mara dos Deputados<\/em><\/figcaption><\/figure>\n<p style=\"text-align: justify\">O deputado Diego Garcia ressaltou que a campanha visa despertar o senso de justi\u00e7a social nos cidad\u00e3os. \u201cAo se debater qualquer projeto de lei ou pol\u00edtica p\u00fablica, uma das perguntas que sempre fazemos \u00e9: qual \u00e9 o impacto econ\u00f4mico dessa medida? No entanto, precisamos mudar o paradigma e perguntar: \u2018qual o impacto dessa pol\u00edtica para as fam\u00edlias?\u2019\u201d, destacou.<\/p>\n<p style=\"text-align: justify\">Para o deputado Vicentinho (PT-SP), \u00e9 necess\u00e1rio ser coerente com a campanha durante a legislatura. \u201cQue n\u00e3o s\u00f3 divulguemos a campanha, mas fa\u00e7amos do nosso voto, da nossa a\u00e7\u00e3o, algo de concreto de acordo com os ensinamentos colocados aqui\u201d, afirmou.<\/p>\n<p style=\"text-align: justify\">O deputado Jos\u00e9 Ricardo (PT-AM) destacou que o tema da campanha e o incentivo da participa\u00e7\u00e3o dos cidad\u00e3os \u00e9 oportuno para o ano atual. \u201cO momento \u00e9 oportuno porque estamos vendo um desmonte das pol\u00edticas p\u00fablicas que foram implantadas, conquistadas, a duras penas, com muita luta e com mortes\u201d, destacou.<\/p>\n<h5 style=\"text-align: justify\"><em>Com informa\u00e7\u00f5es da Ag\u00eancia C\u00e2mara Not\u00edcias<br \/>\nFotos: Najara Araujo<\/em><\/h5>\n","protected":false},"excerpt":{"rendered":"<p>A Campanha da Fraternidade 2019 foi homenageada pela C\u00e2mara dos Deputados, na manh\u00e3 de ter\u00e7a-feira, 12, em sess\u00e3o solene. A Confer\u00eancia Nacional dos Bispos do Brasil (CNBB) foi representada pelo bispo auxiliar de Bras\u00edlia (DF) dom Valdir Mamede e pelo assessor pol\u00edtico da entidade, padre Paulo Renato de Campos. O arcebispo de Bras\u00edlia e presidente &hellip;<\/p>\n<p class=\"read-more\"> <a class=\"\" href=\"https:\/\/www.cnbb.org.br\/sessao-solene-homenageia-cf-2019-na-camara-dos-deputados\/\"> <span class=\"screen-reader-text\">Sess\u00e3o solene homenageia CF 2019 na C\u00e2mara dos Deputados<\/span> Leia mais &raquo;<\/a><\/p>\n","protected":false},"author":83,"featured_media":33593,"comment_status":"closed","ping_status":"open","sticky":false,"template":"","format":"standard","meta":{"site-sidebar-layout":"default","site-content-layout":"default","ast-global-header-display":"","ast-banner-title-visibility":"","ast-main-header-display":"","ast-hfb-above-header-display":"","ast-hfb-below-header-display":"","ast-hfb-mobile-header-display":"","site-post-title":"","ast-breadcrumbs-content":"","ast-featured-img":"","footer-sml-layout":"","theme-transparent-header-meta":"","adv-header-id-meta":"","stick-header-meta":"","header-above-stick-meta":"","header-main-stick-meta":"","header-below-stick-meta":""},"categories":[759,760],"tags":[2147],"acf":[],"_links":{"self":[{"href":"https:\/\/www.cnbb.org.br\/cnbb-app\/wp\/v2\/posts\/33592"}],"collection":[{"href":"https:\/\/www.cnbb.org.br\/cnbb-app\/wp\/v2\/posts"}],"about":[{"href":"https:\/\/www.cnbb.org.br\/cnbb-app\/wp\/v2\/types\/post"}],"author":[{"embeddable":true,"href":"https:\/\/www.cnbb.org.br\/cnbb-app\/wp\/v2\/users\/83"}],"replies":[{"embeddable":true,"href":"https:\/\/www.cnbb.org.br\/cnbb-app\/wp\/v2\/comments?post=33592"}],"version-history":[{"count":0,"href":"https:\/\/www.cnbb.org.br\/cnbb-app\/wp\/v2\/posts\/33592\/revisions"}],"wp:featuredmedia":[{"embeddable":true,"href":"https:\/\/www.cnbb.org.br\/cnbb-app\/wp\/v2\/media\/33593"}],"wp:attachment":[{"href":"https:\/\/www.cnbb.org.br\/cnbb-app\/wp\/v2\/media?parent=33592"}],"wp:term":[{"taxonomy":"category","embeddable":true,"href":"https:\/\/www.cnbb.org.br\/cnbb-app\/wp\/v2\/categories?post=33592"},{"taxonomy":"post_tag","embeddable":true,"href":"https:\/\/www.cnbb.org.br\/cnbb-app\/wp\/v2\/tags?post=33592"}],"curies":[{"name":"wp","href":"https:\/\/api.w.org\/{rel}","templated":true}]}}