{"id":33602,"date":"2019-03-14T00:00:00","date_gmt":"2019-03-14T03:00:00","guid":{"rendered":"https:\/\/www.cnbb.org.br\/por-um-consumo-responsavel-justo-e-consciente\/"},"modified":"2019-03-14T00:00:00","modified_gmt":"2019-03-14T03:00:00","slug":"por-um-consumo-responsavel-justo-e-consciente","status":"publish","type":"post","link":"https:\/\/www.cnbb.org.br\/por-um-consumo-responsavel-justo-e-consciente\/","title":{"rendered":"Por um consumo respons\u00e1vel, justo e consciente"},"content":{"rendered":"<p style=\"text-align: right\"><strong>Dom Roberto Francisco Ferreria Paz<\/strong><br \/>\n<strong>Bispo de Campos (RJ)<\/strong><\/p>\n<p>&nbsp;<\/p>\n<p style=\"text-align: justify\">No dia, 15 de mar\u00e7o de 1962, o presidente norte-americano, John Kennedy, fez uma importante declara\u00e7\u00e3o ao Congresso, consagrando internacionalmente os direitos dos consumidores. Percebia-se, naquela mensagem, a defesa do cidad\u00e3o consumidor de adquirir, de forma segura, com informa\u00e7\u00f5es precisas, e sem manipula\u00e7\u00e3o, os produtos ou mercadorias desejadas.<\/p>\n<p style=\"text-align: justify\">De l\u00e1 para c\u00e1, foram-se constituindo c\u00f3digos de prote\u00e7\u00e3o, inst\u00e2ncias jur\u00eddicas, como o PROCOM no Brasil, que d\u00e3o firmeza e apoio ao consumidor lesado. Os produtos foram obrigados a fornecer informa\u00e7\u00e3o de efeitos colaterais prejudiciais sobre a sa\u00fade f\u00edsica e mental, a durabilidade, prazo de validade e at\u00e9 as condi\u00e7\u00f5es de fabrica\u00e7\u00e3o e proced\u00eancia que possam contrastar com a \u00e9tica social e ambiental.<\/p>\n<p style=\"text-align: justify\">Surgiram ONGs, que avaliam os produtos, concedendo selos de qualidade, de autenticidade e de certifica\u00e7\u00e3o ambiental. Tudo isto \u00e9 digno de ser celebrado, pois representa a emerg\u00eancia de um consumidor mais seleto, inteligente e consciente, que assume a sua responsabilidade social, c\u00edvica e planet\u00e1ria, tornando o consumo um ato p\u00fablico que edifica sociedades adultas e convergentes.<\/p>\n<p style=\"text-align: justify\">untamente com estes avan\u00e7os, desde Vance Packard, profeta da den\u00fancia da propaganda subliminar, e da manipula\u00e7\u00e3o midi\u00e1tica, percebemos grupos e movimentos militantes que combatem a ind\u00fastria do consumo f\u00fatil e superficial. Na Quaresma, o Papa Francisco pede que a espiritualidade crist\u00e3 nos ajude a deixarmos de ser \u201cdevoradores\u201d e coniventes com o consumo predat\u00f3rio, que vai devastando a Casa Comum, e tornando a pr\u00f3pria vida um objeto de consumo, para sermos amigos e cuidadores da Terra, praticantes de um consumo sustent\u00e1vel e equilibrado. Deus seja louvado!<\/p>\n<p>&nbsp;<\/p>\n","protected":false},"excerpt":{"rendered":"<p>Dom Roberto Francisco Ferreria Paz Bispo de Campos (RJ) &nbsp; No dia, 15 de mar\u00e7o de 1962, o presidente norte-americano, John Kennedy, fez uma importante declara\u00e7\u00e3o ao Congresso, consagrando internacionalmente os direitos dos consumidores. Percebia-se, naquela mensagem, a defesa do cidad\u00e3o consumidor de adquirir, de forma segura, com informa\u00e7\u00f5es precisas, e sem manipula\u00e7\u00e3o, os produtos &hellip;<\/p>\n<p class=\"read-more\"> <a class=\"\" href=\"https:\/\/www.cnbb.org.br\/por-um-consumo-responsavel-justo-e-consciente\/\"> <span class=\"screen-reader-text\">Por um consumo respons\u00e1vel, justo e consciente<\/span> Leia mais &raquo;<\/a><\/p>\n","protected":false},"author":23,"featured_media":0,"comment_status":"closed","ping_status":"open","sticky":false,"template":"","format":"standard","meta":{"site-sidebar-layout":"default","site-content-layout":"default","ast-global-header-display":"","ast-banner-title-visibility":"","ast-main-header-display":"","ast-hfb-above-header-display":"","ast-hfb-below-header-display":"","ast-hfb-mobile-header-display":"","site-post-title":"","ast-breadcrumbs-content":"","ast-featured-img":"","footer-sml-layout":"","theme-transparent-header-meta":"","adv-header-id-meta":"","stick-header-meta":"","header-above-stick-meta":"","header-main-stick-meta":"","header-below-stick-meta":""},"categories":[758],"tags":[],"acf":[],"_links":{"self":[{"href":"https:\/\/www.cnbb.org.br\/cnbb-app\/wp\/v2\/posts\/33602"}],"collection":[{"href":"https:\/\/www.cnbb.org.br\/cnbb-app\/wp\/v2\/posts"}],"about":[{"href":"https:\/\/www.cnbb.org.br\/cnbb-app\/wp\/v2\/types\/post"}],"author":[{"embeddable":true,"href":"https:\/\/www.cnbb.org.br\/cnbb-app\/wp\/v2\/users\/23"}],"replies":[{"embeddable":true,"href":"https:\/\/www.cnbb.org.br\/cnbb-app\/wp\/v2\/comments?post=33602"}],"version-history":[{"count":0,"href":"https:\/\/www.cnbb.org.br\/cnbb-app\/wp\/v2\/posts\/33602\/revisions"}],"wp:attachment":[{"href":"https:\/\/www.cnbb.org.br\/cnbb-app\/wp\/v2\/media?parent=33602"}],"wp:term":[{"taxonomy":"category","embeddable":true,"href":"https:\/\/www.cnbb.org.br\/cnbb-app\/wp\/v2\/categories?post=33602"},{"taxonomy":"post_tag","embeddable":true,"href":"https:\/\/www.cnbb.org.br\/cnbb-app\/wp\/v2\/tags?post=33602"}],"curies":[{"name":"wp","href":"https:\/\/api.w.org\/{rel}","templated":true}]}}