{"id":33611,"date":"2019-03-14T00:00:00","date_gmt":"2019-03-14T03:00:00","guid":{"rendered":"https:\/\/www.cnbb.org.br\/para-superarmos-os-abismos-sociais\/"},"modified":"2019-03-14T00:00:00","modified_gmt":"2019-03-14T03:00:00","slug":"para-superarmos-os-abismos-sociais","status":"publish","type":"post","link":"https:\/\/www.cnbb.org.br\/para-superarmos-os-abismos-sociais\/","title":{"rendered":"Para superarmos os abismos sociais"},"content":{"rendered":"<p style=\"text-align: right\"><strong>Dom Jos\u00e9 Gislon<\/strong><br \/>\n<strong>Bispo de Erexim<\/strong><\/p>\n<p>&nbsp;<\/p>\n<p style=\"text-align: justify\">Estimados Diocesanos! A Quaresma \u00e9 uma grande oportunidade na nossa caminhada de f\u00e9, de crist\u00e3os comprometidos com o Evangelho, para olharmos a realidade ao nosso redor, n\u00e3o a partir das nossas ambi\u00e7\u00f5es de poder, mas a partir do olhar do cora\u00e7\u00e3o, da compaix\u00e3o, da justi\u00e7a e do direito.<\/p>\n<p style=\"text-align: justify\">N\u00e3o devemos ser crist\u00e3os que insistem em fazer dicotomia entre f\u00e9 e vida. A f\u00e9 celebrada somente no templo \u00e9 uma f\u00e9 muito pequena. A f\u00e9 deve ser celebrada, mas tamb\u00e9m testemunhada nas nossas a\u00e7\u00f5es do dia a dia. A Campanha da Fraternidade deste ano, com o tema: Fraternidade e Pol\u00edticas P\u00fablicas, tem como objetivo geral: \u201cEstimular a participa\u00e7\u00e3o em Pol\u00edticas P\u00fablicas, dos crist\u00e3os cat\u00f3licos, \u00e0 luz da Palavra de Deus e da Doutrina Social da Igreja, para fortalecer a cidadania e o bem, como sinais de fraternidade\u201d.<\/p>\n<p style=\"text-align: justify\">Podemos ser tentados a pensar que com tantos meios de comunica\u00e7\u00e3o social dispon\u00edveis, as pessoas j\u00e1 podem estar informadas o suficiente sobre seus direitos de cidad\u00e3os, sobre as Pol\u00edticas Publicas, etc.. Mas a Campanha da Fraternidade quer ir al\u00e9m do apenas informar, ela quer conscientizar as pessoas sobre a import\u00e2ncia de abra\u00e7armos juntos \u201ccomo comunidade de f\u00e9\u201d, as nossas responsabilidades de cidad\u00e3os e crist\u00e3os na elabora\u00e7\u00e3o e na execu\u00e7\u00e3o das Pol\u00edticas P\u00fablicas.<\/p>\n<p style=\"text-align: justify\">O pecado da nossa omiss\u00e3o e da indiferen\u00e7a certamente contribui para o sofrimento dos mais necessitados na nossa sociedade. Ser crist\u00e3o comprometido com o Evangelho \u00e9 ajudar a construir uma fraternidade de irm\u00e3os, onde todos tenham dignidade de vida, segundo o projeto de Deus.<\/p>\n<p style=\"text-align: justify\">Vivemos no mundo da economia globalizada; precisamos aprender a globalizar a esperan\u00e7a, a solidariedade pela busca do bem comum, atrav\u00e9s de Pol\u00edticas P\u00fablicas eficientes e continuadas, que respondam \u00e0s necessidades prim\u00e1rias do nosso povo, para superarmos os grandes abismos sociais da nossa realidade brasileira.<\/p>\n<p>&nbsp;<\/p>\n<p>&nbsp;<\/p>\n","protected":false},"excerpt":{"rendered":"<p>Dom Jos\u00e9 Gislon Bispo de Erexim &nbsp; Estimados Diocesanos! A Quaresma \u00e9 uma grande oportunidade na nossa caminhada de f\u00e9, de crist\u00e3os comprometidos com o Evangelho, para olharmos a realidade ao nosso redor, n\u00e3o a partir das nossas ambi\u00e7\u00f5es de poder, mas a partir do olhar do cora\u00e7\u00e3o, da compaix\u00e3o, da justi\u00e7a e do direito. &hellip;<\/p>\n<p class=\"read-more\"> <a class=\"\" href=\"https:\/\/www.cnbb.org.br\/para-superarmos-os-abismos-sociais\/\"> <span class=\"screen-reader-text\">Para superarmos os abismos sociais<\/span> Leia mais &raquo;<\/a><\/p>\n","protected":false},"author":20,"featured_media":0,"comment_status":"closed","ping_status":"open","sticky":false,"template":"","format":"standard","meta":{"site-sidebar-layout":"default","site-content-layout":"default","ast-global-header-display":"","ast-banner-title-visibility":"","ast-main-header-display":"","ast-hfb-above-header-display":"","ast-hfb-below-header-display":"","ast-hfb-mobile-header-display":"","site-post-title":"","ast-breadcrumbs-content":"","ast-featured-img":"","footer-sml-layout":"","theme-transparent-header-meta":"","adv-header-id-meta":"","stick-header-meta":"","header-above-stick-meta":"","header-main-stick-meta":"","header-below-stick-meta":""},"categories":[758],"tags":[],"acf":[],"_links":{"self":[{"href":"https:\/\/www.cnbb.org.br\/cnbb-app\/wp\/v2\/posts\/33611"}],"collection":[{"href":"https:\/\/www.cnbb.org.br\/cnbb-app\/wp\/v2\/posts"}],"about":[{"href":"https:\/\/www.cnbb.org.br\/cnbb-app\/wp\/v2\/types\/post"}],"author":[{"embeddable":true,"href":"https:\/\/www.cnbb.org.br\/cnbb-app\/wp\/v2\/users\/20"}],"replies":[{"embeddable":true,"href":"https:\/\/www.cnbb.org.br\/cnbb-app\/wp\/v2\/comments?post=33611"}],"version-history":[{"count":0,"href":"https:\/\/www.cnbb.org.br\/cnbb-app\/wp\/v2\/posts\/33611\/revisions"}],"wp:attachment":[{"href":"https:\/\/www.cnbb.org.br\/cnbb-app\/wp\/v2\/media?parent=33611"}],"wp:term":[{"taxonomy":"category","embeddable":true,"href":"https:\/\/www.cnbb.org.br\/cnbb-app\/wp\/v2\/categories?post=33611"},{"taxonomy":"post_tag","embeddable":true,"href":"https:\/\/www.cnbb.org.br\/cnbb-app\/wp\/v2\/tags?post=33611"}],"curies":[{"name":"wp","href":"https:\/\/api.w.org\/{rel}","templated":true}]}}