{"id":33632,"date":"2019-03-18T00:00:00","date_gmt":"2019-03-18T03:00:00","guid":{"rendered":"https:\/\/www.cnbb.org.br\/economos-das-arqui-dioceses-do-parana-participam-de-encontro-formativo\/"},"modified":"2019-03-18T00:00:00","modified_gmt":"2019-03-18T03:00:00","slug":"economos-das-arqui-dioceses-do-parana-participam-de-encontro-formativo","status":"publish","type":"post","link":"https:\/\/www.cnbb.org.br\/economos-das-arqui-dioceses-do-parana-participam-de-encontro-formativo\/","title":{"rendered":"Ec\u00f4nomos das arqui\/dioceses do Paran\u00e1 participam de encontro formativo"},"content":{"rendered":"<p style=\"text-align: justify\">Padres ec\u00f4nomos e leigos que trabalham no \u00e2mbito financeiro e administrativo das 18 arqui\/dioceses e das duas eparquias ucranianas do Paran\u00e1 reuniram-se nos dias 12 e 13 de mar\u00e7o, no Centro S\u00e3o Jo\u00e3o Diego, em Guarapuava (PR), para um encontro de forma\u00e7\u00e3o. Assessorado pelo advogado Artur Bittencourt Junior, que presta servi\u00e7o \u00e0 diocese de Guarapuava (PR), o encontro abordou temas como a atualiza\u00e7\u00e3o das leis trabalhistas, do E-Social, recursos humanos, quest\u00f5es jur\u00eddicas, estruturais e pastorais das arqui\/dioceses e direcionamentos da CNBB.<\/p>\n<p style=\"text-align: justify\">Esse encontro de forma\u00e7\u00e3o para os ec\u00f4nomos \u00e9 promovido, anualmente, pelo regional Sul 2 da CNBB e visa ser uma ocasi\u00e3o de estudo e atualiza\u00e7\u00e3o para aqueles que trabalham diretamente na administra\u00e7\u00e3o das arqui\/dioceses paranaenses. Com a promo\u00e7\u00e3o desse encontro, o regional busca fortalecer a comunh\u00e3o tamb\u00e9m na gest\u00e3o eclesial, administrativa e empresarial a fim de caminhar segundo aquilo que \u00e9 orientado pela CNBB em \u00e2mbito nacional.<\/p>\n<p style=\"text-align: justify\"><a href=\"https:\/\/cnbbs2.org.br\/2019\/03\/encontro-dos-economos-das-arqui-dioceses-do-regional-sul-2-da-cnbb\/\" target=\"_blank\" rel=\"noopener\">Leia a not\u00edcia na \u00edntegra.<\/a><\/p>\n","protected":false},"excerpt":{"rendered":"<p>Participantes abordaram temas como a atualiza\u00e7\u00e3o das leis trabalhistas, do E-Social, recursos humanos, quest\u00f5es jur\u00eddicas, estruturais e pastorais das arqui\/dioceses e direcionamentos da CNBB<\/p>\n","protected":false},"author":83,"featured_media":856,"comment_status":"closed","ping_status":"open","sticky":false,"template":"","format":"standard","meta":{"site-sidebar-layout":"default","site-content-layout":"default","ast-global-header-display":"","ast-banner-title-visibility":"","ast-main-header-display":"","ast-hfb-above-header-display":"","ast-hfb-below-header-display":"","ast-hfb-mobile-header-display":"","site-post-title":"","ast-breadcrumbs-content":"","ast-featured-img":"","footer-sml-layout":"","theme-transparent-header-meta":"","adv-header-id-meta":"","stick-header-meta":"","header-above-stick-meta":"","header-main-stick-meta":"","header-below-stick-meta":""},"categories":[769,781],"tags":[],"acf":[],"_links":{"self":[{"href":"https:\/\/www.cnbb.org.br\/cnbb-app\/wp\/v2\/posts\/33632"}],"collection":[{"href":"https:\/\/www.cnbb.org.br\/cnbb-app\/wp\/v2\/posts"}],"about":[{"href":"https:\/\/www.cnbb.org.br\/cnbb-app\/wp\/v2\/types\/post"}],"author":[{"embeddable":true,"href":"https:\/\/www.cnbb.org.br\/cnbb-app\/wp\/v2\/users\/83"}],"replies":[{"embeddable":true,"href":"https:\/\/www.cnbb.org.br\/cnbb-app\/wp\/v2\/comments?post=33632"}],"version-history":[{"count":0,"href":"https:\/\/www.cnbb.org.br\/cnbb-app\/wp\/v2\/posts\/33632\/revisions"}],"wp:featuredmedia":[{"embeddable":true,"href":"https:\/\/www.cnbb.org.br\/cnbb-app\/wp\/v2\/media\/856"}],"wp:attachment":[{"href":"https:\/\/www.cnbb.org.br\/cnbb-app\/wp\/v2\/media?parent=33632"}],"wp:term":[{"taxonomy":"category","embeddable":true,"href":"https:\/\/www.cnbb.org.br\/cnbb-app\/wp\/v2\/categories?post=33632"},{"taxonomy":"post_tag","embeddable":true,"href":"https:\/\/www.cnbb.org.br\/cnbb-app\/wp\/v2\/tags?post=33632"}],"curies":[{"name":"wp","href":"https:\/\/api.w.org\/{rel}","templated":true}]}}