{"id":33633,"date":"2019-03-18T00:00:00","date_gmt":"2019-03-18T03:00:00","guid":{"rendered":"https:\/\/www.cnbb.org.br\/as-politicas-publicas-e-os-padres-da-igreja\/"},"modified":"2019-03-18T00:00:00","modified_gmt":"2019-03-18T03:00:00","slug":"as-politicas-publicas-e-os-padres-da-igreja","status":"publish","type":"post","link":"https:\/\/www.cnbb.org.br\/as-politicas-publicas-e-os-padres-da-igreja\/","title":{"rendered":"As pol\u00edticas p\u00fablicas e os padres da Igreja"},"content":{"rendered":"<p style=\"text-align: right\"><strong>Dom Vital Corbellini<\/strong><br \/>\n<strong>Bispo de Marab\u00e1 (PA)<\/strong><\/p>\n<p>&nbsp;<\/p>\n<p style=\"text-align: justify\">A CF 2019 est\u00e1 sendo muito bem aceita em todos os setores de nossas comunidades e da sociedade pois, fala das pol\u00edticas p\u00fablicas. \u00c9 um tema importante para a vida de todas as pessoas no per\u00edodo da Quaresma que nos prepara \u00e0 P\u00e1scoa do Senhor, ajudando a todas as pessoas num processo de convers\u00e3o pessoal e comunit\u00e1ria. Versando sobre as pol\u00edticas p\u00fablicas estimula a todas as pessoas para que se engajem nos conselhos, na busca do bem comum, na comunidade e na sociedade \u00e0 luz da Palavra de Deus e da Doutrina Social da Igreja, para que todos tenham vida digna, assim como o Senhor deseja de todos os seus filhos e filhas. Tratam-se de a\u00e7\u00f5es governamentais em vista do bem para todos como a sa\u00fade, a educa\u00e7\u00e3o, a previd\u00eancia, as estradas, a vida das pessoas do campo e da cidade.<\/p>\n<p style=\"text-align: justify\">Ora um destaque especial est\u00e1 sendo dado aos padres da Igreja, os primeiros escritores crist\u00e3os na elabora\u00e7\u00e3o da doutrina teol\u00f3gica, trinit\u00e1ria, cristol\u00f3gica, mariana entre outras doutrinas formuladas por eles. De fato, como diz o texto, os padres da Igreja se preocuparam no cuidado com os pobres, doentes, pois tudo isso era express\u00e3o do seguimento de Jesus. Eles tamb\u00e9m conheceram de perto a opress\u00e3o dos poderosos, a usura impositiva, o frio tocando os ossos dos pobres, nas noites frias e manh\u00e3s de inverno.<\/p>\n<p style=\"text-align: justify\">S\u00e3o Jo\u00e3o Cris\u00f3stomo, Bispo no s\u00e9culo IV, s\u00e9culo V percebeu a trag\u00e9dia humana, de modo que nem por baixos sal\u00e1rios eram contratados as pessoas no inverno. Ele uniu a honra de Cristo dada na liturgia e a honra dada a Cristo no pobre que deveriam andar juntas que era bom sempre lembrar que sob o olhar de um pobre h\u00e1 tamb\u00e9m um altar, pois n\u00e3o se podia deixar de comungar do corpo de Cristo na eucaristia e perceb\u00ea-lo de fome na porta das igrejas. Encontramos \u00f3timas referencias na Homilia 50, sobre Mateus de S\u00e3o Jo\u00e3o Cris\u00f3stomo se a gente quer honrar o corpo de Cristo, n\u00e3o deve ser desprezado quando nu; n\u00e3o se pode honr\u00e1-lo dentro da igreja com vestes de seda e seja abandonado fora no frio e na nudez, com afli\u00e7\u00e3o. Pois \u00e9 o mesmo Senhor que disse: Isto \u00e9 o meu Corpo e que falou: estava com fome e me destes de comer (cfr. Mt 26,26; 25,35). Vemos a necessidade de que a f\u00e9 v\u00e1 junto com a vida e se fa\u00e7a obras de caridade.<\/p>\n<p style=\"text-align: justify\">S\u00e3o Greg\u00f3rio de Nazianzeno falava aos governantes para que praticassem sempre o bem e nada que fosse indigno o impulsionasse no seu cargo. Ele afirmava t\u00e3o bem desses argumentos, que para ganhar a bondade do Pai, n\u00e3o ocorrem discursos complicados ou bonitos, mas a vida, a o amor de verdade a Deus, ao pr\u00f3ximo como a si mesmo.<\/p>\n<p style=\"text-align: justify\">Santo Ireneu afirmava que o poder dos governantes era a pratica do bem, do amor com as pessoas. Decorria disso a necessidade de cuidar da cria\u00e7\u00e3o. O Verbo de Deus revela o Deus criador pelo mundo, pela criatura plasmada, o art\u00edfice que a plasmou; e pelo Filho, o Pai que o gerou. Ele real\u00e7ava a import\u00e2ncia da eucaristia para viver bem em vista da ressurrei\u00e7\u00e3o. O p\u00e3o que v\u00ea da terra, quando recebe a invoca\u00e7\u00e3o de Deus, j\u00e1 n\u00e3o \u00e9 mais p\u00e3o comum, mas a eucaristia, feita dos elementos terreno e celeste. Desta forma os nossos corpos ao receberem a eucaristia j\u00e1 n\u00e3o s\u00e3o corrupt\u00edveis, mas possuem a esperan\u00e7a da ressurrei\u00e7\u00e3o.<\/p>\n<p style=\"text-align: justify\">Santo Ambr\u00f3sio tinha presente \u00e0s coisas de que tudo deve ser \u00fatil para a comunidade e assim para ser ben\u00e9fico a todos. O culto agrad\u00e1vel a Deus \u00e9 a justi\u00e7a dada para com os pobres, miser\u00e1veis, o direito em rela\u00e7\u00e3o aos oprimidos. O fiel n\u00e3o pode prestar culto ao Senhor e ignorar o irm\u00e3o que est\u00e1 na necessidade e Deus n\u00e3o poder\u00e1 ouvir a ora\u00e7\u00e3o daquele que n\u00e3o escuta o grito do pobre. Pela pr\u00e1tica do bem, Cristo refulgir\u00e1 em n\u00f3s. \u00c9 o fulgor eterno das mentes que o Pai enviou \u00e0 terra para que em seu rosto resplandecente contemplemos as realidades eternas e celestes, n\u00f3s que antes est\u00e1vamos presos na escurid\u00e3o. No entanto pelo amor demonstrado aos irm\u00e3os mais necessitados encontramos a face do Senhor presente neles.<\/p>\n<p style=\"text-align: justify\">Santo Agostinho real\u00e7a a import\u00e2ncia de seguir a Jesus, na sua pr\u00f3pria voca\u00e7\u00e3o. \u00c9 preciso renunciar a si mesmo, n\u00e3o se vangloriar, tomar a cruz de cada dia e estar ligado ao amor de Cristo para assim suportar as injurias, as persegui\u00e7\u00f5es por causa de Cristo Jesus. \u00c9 preciso amar aquele n\u00e3o ilude, nem engana; \u00e9 verdade tudo aquilo que diz e promete. \u00c9 preciso a perseveran\u00e7a, tomar a cruz de cada dia e seguir a Cristo, hoje e sempre, para assim ter um dia a vida eterna, como dom e gra\u00e7a de Deus.<\/p>\n<p style=\"text-align: justify\">S\u00e3o v\u00e1lidas as considera\u00e7\u00f5es dos padres da Igreja no sentido da rela\u00e7\u00e3o entre eucaristia e exig\u00eancia de justi\u00e7a social para perceber a dimens\u00e3o da \u00e9tica e da caridade na liturgia e a partilha com os pobres, pontos inerentes na eucaristia, presen\u00e7a de Cristo Jesus para a vida eterna. Os Padres da Igreja s\u00e3o objetivos, na rela\u00e7\u00e3o f\u00e9 e vida, de modo que \u00e9 preciso levar uma vida conforme o evangelho de Cristo Jesus e \u00e0 sua Igreja. As alus\u00f5es em rela\u00e7\u00e3o \u00e0s pol\u00edticas p\u00fablicas, como a educa\u00e7\u00e3o, sa\u00fade, fam\u00edlia, comunidade, tem o seu fundamento sobre a palavra de Cristo Jesus, das Escrituras Sagradas e tamb\u00e9m dos Padres da Igreja,<\/p>\n<p>&nbsp;<\/p>\n","protected":false},"excerpt":{"rendered":"<p>Dom Vital Corbellini Bispo de Marab\u00e1 (PA) &nbsp; A CF 2019 est\u00e1 sendo muito bem aceita em todos os setores de nossas comunidades e da sociedade pois, fala das pol\u00edticas p\u00fablicas. \u00c9 um tema importante para a vida de todas as pessoas no per\u00edodo da Quaresma que nos prepara \u00e0 P\u00e1scoa do Senhor, ajudando a &hellip;<\/p>\n<p class=\"read-more\"> <a class=\"\" href=\"https:\/\/www.cnbb.org.br\/as-politicas-publicas-e-os-padres-da-igreja\/\"> <span class=\"screen-reader-text\">As pol\u00edticas p\u00fablicas e os padres da Igreja<\/span> Leia mais &raquo;<\/a><\/p>\n","protected":false},"author":16,"featured_media":0,"comment_status":"closed","ping_status":"open","sticky":false,"template":"","format":"standard","meta":{"site-sidebar-layout":"default","site-content-layout":"default","ast-global-header-display":"","ast-banner-title-visibility":"","ast-main-header-display":"","ast-hfb-above-header-display":"","ast-hfb-below-header-display":"","ast-hfb-mobile-header-display":"","site-post-title":"","ast-breadcrumbs-content":"","ast-featured-img":"","footer-sml-layout":"","theme-transparent-header-meta":"","adv-header-id-meta":"","stick-header-meta":"","header-above-stick-meta":"","header-main-stick-meta":"","header-below-stick-meta":""},"categories":[758],"tags":[],"acf":[],"_links":{"self":[{"href":"https:\/\/www.cnbb.org.br\/cnbb-app\/wp\/v2\/posts\/33633"}],"collection":[{"href":"https:\/\/www.cnbb.org.br\/cnbb-app\/wp\/v2\/posts"}],"about":[{"href":"https:\/\/www.cnbb.org.br\/cnbb-app\/wp\/v2\/types\/post"}],"author":[{"embeddable":true,"href":"https:\/\/www.cnbb.org.br\/cnbb-app\/wp\/v2\/users\/16"}],"replies":[{"embeddable":true,"href":"https:\/\/www.cnbb.org.br\/cnbb-app\/wp\/v2\/comments?post=33633"}],"version-history":[{"count":0,"href":"https:\/\/www.cnbb.org.br\/cnbb-app\/wp\/v2\/posts\/33633\/revisions"}],"wp:attachment":[{"href":"https:\/\/www.cnbb.org.br\/cnbb-app\/wp\/v2\/media?parent=33633"}],"wp:term":[{"taxonomy":"category","embeddable":true,"href":"https:\/\/www.cnbb.org.br\/cnbb-app\/wp\/v2\/categories?post=33633"},{"taxonomy":"post_tag","embeddable":true,"href":"https:\/\/www.cnbb.org.br\/cnbb-app\/wp\/v2\/tags?post=33633"}],"curies":[{"name":"wp","href":"https:\/\/api.w.org\/{rel}","templated":true}]}}