{"id":33637,"date":"2019-03-25T00:00:00","date_gmt":"2019-03-25T03:00:00","guid":{"rendered":"https:\/\/www.cnbb.org.br\/comunicadores-dos-regionais-da-amazonia-participam-de-formacao-em-brasilia\/"},"modified":"2020-03-11T20:35:39","modified_gmt":"2020-03-11T23:35:39","slug":"comunicadores-dos-regionais-da-amazonia-participam-de-formacao-em-brasilia","status":"publish","type":"post","link":"https:\/\/www.cnbb.org.br\/comunicadores-dos-regionais-da-amazonia-participam-de-formacao-em-brasilia\/","title":{"rendered":"Comunicadores dos regionais da Amaz\u00f4nia participam de forma\u00e7\u00e3o em Bras\u00edlia"},"content":{"rendered":"<p style=\"text-align: justify\">Comunicadores dos seis regionais da Confer\u00eancia Nacional dos Bispos do Brasil (CNBB) localizados na Amaz\u00f4nia Legal estar\u00e3o em Bras\u00edlia (DF) para participar do Encontro de Forma\u00e7\u00e3o de Comunicadores da Rede Eclesial Pan-Amaz\u00f4nica (Repam-Brasil), entre os dias 22 e 24 de mar\u00e7o.<\/p>\n<p style=\"text-align: justify\">Na ocasi\u00e3o, conhecer\u00e3o o plano de comunica\u00e7\u00e3o institucional\/organizacional da REPAM, constru\u00eddo pelo Grupo de Trabalho designado para articular as a\u00e7\u00f5es no campo da comunica\u00e7\u00e3o. \u201cA ideia \u00e9 contribuir com os processos de comunica\u00e7\u00e3o institucionais da REPAM e tamb\u00e9m dos comit\u00eas locais e das redes das quais a gente faz parte na Amaz\u00f4nia como um todo\u201d, explicou o consultor de comunica\u00e7\u00e3o da REPAM-Brasil, Paulo Henrique Martins.<\/p>\n<p style=\"text-align: justify\">As forma\u00e7\u00f5es foram pensadas para atender \u00e0 proposta de comunica\u00e7\u00e3o presente no Plano elaborado pelo GT de Comunica\u00e7\u00e3o da REPAM. Os valores estabelecidos dizem respeito a uma comunica\u00e7\u00e3o voltada para provocar, estimular e apoiar o processo de transforma\u00e7\u00e3o social nas comunidades amaz\u00f4nicas a partir do protagonismo dos lutadores sociais; uma comunica\u00e7\u00e3o amaz\u00f4nica a partir das comunidades e com modelo colaborativo, transversal, participativo e em rede, voltada para os anseios das comunidades.<\/p>\n<p style=\"text-align: justify\">Haver\u00e1 aprofundamento sobre Comunica\u00e7\u00e3o amaz\u00f4nica e Comunica\u00e7\u00e3o popular, al\u00e9m de um circuito de oficinas de redes sociais, texto, r\u00e1dio e foto e v\u00eddeo. Tamb\u00e9m ser\u00e3o apresentados cases de iniciativas, como o coletivo de comunica\u00e7\u00e3o da rede Justi\u00e7a nos Trilhos, do Maranh\u00e3o; a TV da diocese de Ju\u00edna, no Mato Grosso; e a revista da arquidiocese de Manaus, \u201cArquidiocese em Not\u00edcias\u201d, e da Pastoral da Juventude do Acre, \u201cA voz da juventude\u201d.<\/p>\n<figure id=\"attachment_209044\" aria-describedby=\"caption-attachment-209044\" style=\"width: 300px\" class=\"wp-caption alignright\"><a href=\"https:\/\/www.cnbb.org.br\/comunicadores-dos-regionais-da-amazonia-participam-de-formacao-em-brasilia\/gt-comunicacao-3\/\" rel=\"attachment wp-att-209044\"><img decoding=\"async\" loading=\"lazy\" class=\"size-medium wp-image-209044\" src=\"https:\/\/www.cnbb.org.br\/wp-content\/uploads\/2020\/03\/GT-Comunicacao-3-300x200.jpg\" alt=\"\" width=\"300\" height=\"200\" \/><\/a><figcaption id=\"caption-attachment-209044\" class=\"wp-caption-text\"><em>Irm\u00e3 Irene Lopes | Foto: REPAM-Brasil\/Luiz Lopes Jr.<\/em><\/figcaption><\/figure>\n<p style=\"text-align: justify\">\u201cEsse trabalho vem sendo desenvolvido j\u00e1 h\u00e1 bastante tempo, porque \u00e9 uma necessidade da Igreja na Amaz\u00f4nia de se articular enquanto comunica\u00e7\u00e3o. E n\u00f3s sabemos que pelas dist\u00e2ncias e pela dificuldade de internet ou outros meios de comunica\u00e7\u00e3o, isso se torna muitas vezes at\u00e9 invi\u00e1vel para o nosso trabalho evangelizador\u201d, analisa irm\u00e3 Irene Lopes dos Santos, diretora executiva da REPAM-Brasil e assessora da Comiss\u00e3o Episcopal Especial para a Amaz\u00f4nia da CNBB.<\/p>\n<p style=\"text-align: justify\">De acordo com a religiosa, o trabalho de articula\u00e7\u00e3o na Rede deve ajudar a somar for\u00e7as com o que j\u00e1 existe na Amaz\u00f4nia, \u201cmas tamb\u00e9m pensar de que forma que as pessoas que est\u00e3o l\u00e1 podem ser mais empoderadas naquilo que elas fazem e realizam no processo de comunica\u00e7\u00e3o de suas Igrejas locais\u201d. Neste sentido, os participantes tamb\u00e9m ter\u00e3o momentos de pensar a articula\u00e7\u00e3o, o relacionamento e a incid\u00eancia dentro do Plano trienal da REPAM. Cada regional ter\u00e1 um plano de a\u00e7\u00e3o e uma agenda de forma\u00e7\u00e3o em \u00e2mbito local promovida pela Rede.<\/p>\n<p style=\"text-align: justify\">Como uma pr\u00e1tica sempre valorizada nos encontros eclesiais e em sintonia com o S\u00ednodo Especial para a Amaz\u00f4nia, os comunicadores poder\u00e3o partilhar experi\u00eancias em diferentes momentos do evento.<\/p>\n","protected":false},"excerpt":{"rendered":"<p>Encontro promovido pela Rede Eclesial Pan-Amaz\u00f4nica visa formar multiplicadores para fortalecer comunica\u00e7\u00e3o popular e favorecer articula\u00e7\u00e3o<\/p>\n","protected":false},"author":83,"featured_media":33638,"comment_status":"closed","ping_status":"open","sticky":false,"template":"","format":"standard","meta":{"site-sidebar-layout":"default","site-content-layout":"default","ast-global-header-display":"","ast-banner-title-visibility":"","ast-main-header-display":"","ast-hfb-above-header-display":"","ast-hfb-below-header-display":"","ast-hfb-mobile-header-display":"","site-post-title":"","ast-breadcrumbs-content":"","ast-featured-img":"","footer-sml-layout":"","theme-transparent-header-meta":"","adv-header-id-meta":"","stick-header-meta":"","header-above-stick-meta":"","header-main-stick-meta":"","header-below-stick-meta":""},"categories":[925,799],"tags":[],"acf":[],"_links":{"self":[{"href":"https:\/\/www.cnbb.org.br\/cnbb-app\/wp\/v2\/posts\/33637"}],"collection":[{"href":"https:\/\/www.cnbb.org.br\/cnbb-app\/wp\/v2\/posts"}],"about":[{"href":"https:\/\/www.cnbb.org.br\/cnbb-app\/wp\/v2\/types\/post"}],"author":[{"embeddable":true,"href":"https:\/\/www.cnbb.org.br\/cnbb-app\/wp\/v2\/users\/83"}],"replies":[{"embeddable":true,"href":"https:\/\/www.cnbb.org.br\/cnbb-app\/wp\/v2\/comments?post=33637"}],"version-history":[{"count":0,"href":"https:\/\/www.cnbb.org.br\/cnbb-app\/wp\/v2\/posts\/33637\/revisions"}],"wp:featuredmedia":[{"embeddable":true,"href":"https:\/\/www.cnbb.org.br\/cnbb-app\/wp\/v2\/media\/33638"}],"wp:attachment":[{"href":"https:\/\/www.cnbb.org.br\/cnbb-app\/wp\/v2\/media?parent=33637"}],"wp:term":[{"taxonomy":"category","embeddable":true,"href":"https:\/\/www.cnbb.org.br\/cnbb-app\/wp\/v2\/categories?post=33637"},{"taxonomy":"post_tag","embeddable":true,"href":"https:\/\/www.cnbb.org.br\/cnbb-app\/wp\/v2\/tags?post=33637"}],"curies":[{"name":"wp","href":"https:\/\/api.w.org\/{rel}","templated":true}]}}