{"id":33689,"date":"2019-03-25T00:00:00","date_gmt":"2019-03-25T03:00:00","guid":{"rendered":"https:\/\/www.cnbb.org.br\/regionais-sul-1-e-norte-1-da-cnbb-celebram-25-anos-de-projeto-missionario\/"},"modified":"2019-03-25T00:00:00","modified_gmt":"2019-03-25T03:00:00","slug":"regionais-sul-1-e-norte-1-da-cnbb-celebram-25-anos-de-projeto-missionario","status":"publish","type":"post","link":"https:\/\/www.cnbb.org.br\/regionais-sul-1-e-norte-1-da-cnbb-celebram-25-anos-de-projeto-missionario\/","title":{"rendered":"Regionais Sul 1 e Norte 1 da CNBB celebram 25 anos de projeto Mission\u00e1rio"},"content":{"rendered":"<p style=\"text-align: justify\">Na manh\u00e3 do dia 24\/3, na catedral arquidiocesana de Manaus (MA), o arcebispo metropolitano de Manaus, dom Sergio Castriani, celebrou a missa jubilar em a\u00e7\u00e3o de gra\u00e7as aos 25 anos do Projeto Mission\u00e1rio entre os Regionais Sul 1 e Norte 1 da CNBB.<\/p>\n<p style=\"text-align: justify\">Em entrevista\u00a0<em>ao Regional Sul 1, o bispo de Roraima, dom M\u00e1rio Ant\u00f4nio,<\/em>\u00a0salientou que este Projeto de comunh\u00e3o e solidariedade na Miss\u00e3o do Regional Sul 1 com o Regional Norte 1 tem marcado muito a Miss\u00e3o e a caminhada das comunidades, tanto na Amaz\u00f4nia quanto em Roraima. \u201cEstamos agradecidos aos 25 anos deste Projeto aqui nas nossas arquidioceses, dioceses e prelazias. \u00c9 de fato um momento bonito de poder dizer que \u00e9 uma p\u00e1gina viva da Miss\u00e3o do\u00a0<em>Ide<\/em>,\u00a0<em>Anunciai<\/em>\u00a0! \u00c9 de fato momento de agradecer a Deus e agradecer a todos os mission\u00e1rios que com sua dedica\u00e7\u00e3o e empenho tem nos ajudado e acompanhado na Forma\u00e7\u00e3o e anima\u00e7\u00e3o de nossas comunidades\u201d, concluiu.<\/p>\n<p>Saiba mais:\u00a0http:\/\/<a href=\"https:\/\/www.cnbbsul1.org.br\/regionais-sul-1-e-norte-1-da-cnbb-celebram-acao-de-gracas-pelos-25-anos-do-projeto-missionario\/\" target=\"_blank\" rel=\"noopener\">www.cnbbsul1.org.br<\/a><\/p>\n","protected":false},"excerpt":{"rendered":"<p>Celebra\u00e7\u00e3o Jubilar de A\u00e7\u00e3o de Gra\u00e7as aconteceu dia dia 24\/3, na catedral arquidiocesana de Manaus (MA), presidida por dom Sergio Castriani<\/p>\n","protected":false},"author":83,"featured_media":914,"comment_status":"closed","ping_status":"open","sticky":false,"template":"","format":"standard","meta":{"site-sidebar-layout":"default","site-content-layout":"default","ast-global-header-display":"","ast-banner-title-visibility":"","ast-main-header-display":"","ast-hfb-above-header-display":"","ast-hfb-below-header-display":"","ast-hfb-mobile-header-display":"","site-post-title":"","ast-breadcrumbs-content":"","ast-featured-img":"","footer-sml-layout":"","theme-transparent-header-meta":"","adv-header-id-meta":"","stick-header-meta":"","header-above-stick-meta":"","header-main-stick-meta":"","header-below-stick-meta":""},"categories":[769,772],"tags":[],"acf":[],"_links":{"self":[{"href":"https:\/\/www.cnbb.org.br\/cnbb-app\/wp\/v2\/posts\/33689"}],"collection":[{"href":"https:\/\/www.cnbb.org.br\/cnbb-app\/wp\/v2\/posts"}],"about":[{"href":"https:\/\/www.cnbb.org.br\/cnbb-app\/wp\/v2\/types\/post"}],"author":[{"embeddable":true,"href":"https:\/\/www.cnbb.org.br\/cnbb-app\/wp\/v2\/users\/83"}],"replies":[{"embeddable":true,"href":"https:\/\/www.cnbb.org.br\/cnbb-app\/wp\/v2\/comments?post=33689"}],"version-history":[{"count":0,"href":"https:\/\/www.cnbb.org.br\/cnbb-app\/wp\/v2\/posts\/33689\/revisions"}],"wp:featuredmedia":[{"embeddable":true,"href":"https:\/\/www.cnbb.org.br\/cnbb-app\/wp\/v2\/media\/914"}],"wp:attachment":[{"href":"https:\/\/www.cnbb.org.br\/cnbb-app\/wp\/v2\/media?parent=33689"}],"wp:term":[{"taxonomy":"category","embeddable":true,"href":"https:\/\/www.cnbb.org.br\/cnbb-app\/wp\/v2\/categories?post=33689"},{"taxonomy":"post_tag","embeddable":true,"href":"https:\/\/www.cnbb.org.br\/cnbb-app\/wp\/v2\/tags?post=33689"}],"curies":[{"name":"wp","href":"https:\/\/api.w.org\/{rel}","templated":true}]}}