{"id":33691,"date":"2019-03-26T00:00:00","date_gmt":"2019-03-26T03:00:00","guid":{"rendered":"https:\/\/www.cnbb.org.br\/presidente-da-cnbb-reforca-importancia-do-conselho-permanente-na-conducao-da-entidade\/"},"modified":"2019-03-26T00:00:00","modified_gmt":"2019-03-26T03:00:00","slug":"presidente-da-cnbb-reforca-importancia-do-conselho-permanente-na-conducao-da-entidade","status":"publish","type":"post","link":"https:\/\/www.cnbb.org.br\/presidente-da-cnbb-reforca-importancia-do-conselho-permanente-na-conducao-da-entidade\/","title":{"rendered":"Presidente da CNBB refor\u00e7a import\u00e2ncia do Conselho Permanente na condu\u00e7\u00e3o da entidade"},"content":{"rendered":"<figure id=\"attachment_215209\" aria-describedby=\"caption-attachment-215209\" style=\"width: 300px\" class=\"wp-caption alignright\"><a href=\"https:\/\/www.cnbb.org.br\/presidente-da-cnbb-reforca-importancia-do-conselho-permanente-na-conducao-da-entidade\/cardeal-2\/\" rel=\"attachment wp-att-215209\"><img decoding=\"async\" loading=\"lazy\" class=\"wp-image-215209 size-medium\" src=\"https:\/\/www.cnbb.org.br\/wp-content\/uploads\/2020\/03\/cardeal.jpg\" alt=\"\" width=\"300\" height=\"187\" \/><\/a><figcaption id=\"caption-attachment-215209\" class=\"wp-caption-text\">Cardeal Sergio da Rocha, presidente da CNBB. Foto: Assessoria de Imprensa CNBB\/Daniel Flores<\/figcaption><\/figure>\n<p style=\"text-align: justify\">Na abertura da 98\u00aa Reuni\u00e3o do Conselho Permanente da Confer\u00eancia Nacional dos Bispos do Brasil (CNBB), na manh\u00e3 deste dia 26\/3, o arcebispo de Bras\u00edlia e presidente da entidade, cardeal Sergio da Rocha enalteceu a import\u00e2ncia do \u00f3rg\u00e3o, depois da Assembleia Geral dos bispos, como principal instrumento que contribui na condu\u00e7\u00e3o das decis\u00f5es e encaminhamentos da CNBB.<\/p>\n<p style=\"text-align: justify\">O\u00a0\u00f3rg\u00e3o, segundo o Estatuto e Regimento da entidade, \u00e9 respons\u00e1vel pela orienta\u00e7\u00e3o e acompanhamento da CNBB e dos organismos a ela vinculados. O Conselho Permanente, constitu\u00eddo pela presid\u00eancia, presidentes das comiss\u00f5es episcopais e membros eleitos dos 18 conselhos episcopais regionais, tamb\u00e9m tem car\u00e1ter eletivo e deliberativo.<\/p>\n<p style=\"text-align: justify\">O arcebispo lembrou que esta \u00e9 a \u00faltima reuni\u00e3o do Conselho com a atual composi\u00e7\u00e3o antes da 57\u00aa Assembleia Geral dos Bispos (1\u00ba a 10\/5) quando parte significativa do grupo dever\u00e1 mudar.<\/p>\n<p style=\"text-align: justify\"><strong>Comunh\u00e3o e participa\u00e7\u00e3o<\/strong> &#8211; O cardeal ressaltou o papel dos presidentes do 18 regionais que integram o Conselho Permanente. \u201cEles participam do governo da confer\u00eancia contribuindo como elo, trazendo a realidade brasileira e de seus regionais e levando as decis\u00f5es tomadas na reuni\u00e3o\u201d, disse.<\/p>\n<p style=\"text-align: justify\">A import\u00e2ncia dos presidentes da Comiss\u00f5es Episcopais Pastorais da CNBB tamb\u00e9m foi refor\u00e7ada pelo presidente da CNBB. Para dom Sergio quando se elege um presidente para uma comiss\u00e3o em uma Assembleia Geral, o elege tamb\u00e9m para ajudar a presid\u00eancia na condu\u00e7\u00e3o da CNBB, sobretudo estes que t\u00eam um car\u00e1ter de participa\u00e7\u00e3o cont\u00ednua e permanente. \u201cImportante lembrarmos disto na elei\u00e7\u00e3o dos presidentes das Comiss\u00f5es\u201d, enfatizou.<\/p>\n<p style=\"text-align: justify\">Organismos da Igreja, assessores e eventuais convidados da CNBB, segundo o cardeal, tamb\u00e9m prestam valiosa colabora\u00e7\u00e3o nas decis\u00f5es, encaminhamentos e nos pronunciamentos da entidade. \u201cProcuramos valorizar o m\u00e1ximo a uni\u00e3o, a participa\u00e7\u00e3o e a comunh\u00e3o nas reuni\u00f5es do Conselho Permanente, principal instrumento de decis\u00e3o depois da pr\u00f3pria Assembleia Geral e vamos continuar nosso trabalho\u201d, disse.<\/p>\n<p style=\"text-align: justify\">O cardeal lembrou que os membros do Conselho Permanente se encontram periodicamente n\u00e3o apenas para celebrar um encontro fraterno, mas para buscar cumprir o objetivo da Igreja no Brasil proposto pela Diretrizes Gerais da A\u00e7\u00e3o Evangelizadora da Igreja (DGAE). \u201cQue Deus nos ajude no final deste quadri\u00eanio a nunca perder este horizonte de vista\u201d, disse.<\/p>\n<p style=\"text-align: justify\">Neste sentido, o bispo releu o objetivo geral das DGAE da Igreja no Brasil 2015-2019, destacando que ele deve ser repetir sempre para n\u00e3o deixar esquecer qual \u00e9 miss\u00e3o a ser buscada: \u201cEvangelizar, a partir de Jesus Cristo e na for\u00e7a do Esp\u00edrito Santo, como Igreja disc\u00edpula, mission\u00e1ria e prof\u00e9tica, alimentada pela Palavra de Deus e pela Eucaristia, \u00e0 luz da evang\u00e9lica op\u00e7\u00e3o preferencial pelos pobres, para que todos tenham vida, rumo ao Reino definitivo\u201d.<\/p>\n","protected":false},"excerpt":{"rendered":"<p>Cardeal Sergio enalteceu a participa\u00e7\u00e3o dos presidentes dos regionais, das Comiss\u00f5es Episcopais Pastorais e assessores no governo da Confer\u00eancia. &#8220;Os membros do Conselho se re\u00fanem n\u00e3o apenas para um encontro fraterno, mas para buscar cumprir o objetivo da Igreja no Brasil&#8221;, disse<\/p>\n","protected":false},"author":83,"featured_media":11762,"comment_status":"closed","ping_status":"open","sticky":false,"template":"","format":"standard","meta":{"site-sidebar-layout":"default","site-content-layout":"default","ast-global-header-display":"","ast-banner-title-visibility":"","ast-main-header-display":"","ast-hfb-above-header-display":"","ast-hfb-below-header-display":"","ast-hfb-mobile-header-display":"","site-post-title":"","ast-breadcrumbs-content":"","ast-featured-img":"","footer-sml-layout":"","theme-transparent-header-meta":"","adv-header-id-meta":"","stick-header-meta":"","header-above-stick-meta":"","header-main-stick-meta":"","header-below-stick-meta":""},"categories":[834,744],"tags":[],"acf":[],"_links":{"self":[{"href":"https:\/\/www.cnbb.org.br\/cnbb-app\/wp\/v2\/posts\/33691"}],"collection":[{"href":"https:\/\/www.cnbb.org.br\/cnbb-app\/wp\/v2\/posts"}],"about":[{"href":"https:\/\/www.cnbb.org.br\/cnbb-app\/wp\/v2\/types\/post"}],"author":[{"embeddable":true,"href":"https:\/\/www.cnbb.org.br\/cnbb-app\/wp\/v2\/users\/83"}],"replies":[{"embeddable":true,"href":"https:\/\/www.cnbb.org.br\/cnbb-app\/wp\/v2\/comments?post=33691"}],"version-history":[{"count":0,"href":"https:\/\/www.cnbb.org.br\/cnbb-app\/wp\/v2\/posts\/33691\/revisions"}],"wp:featuredmedia":[{"embeddable":true,"href":"https:\/\/www.cnbb.org.br\/cnbb-app\/wp\/v2\/media\/11762"}],"wp:attachment":[{"href":"https:\/\/www.cnbb.org.br\/cnbb-app\/wp\/v2\/media?parent=33691"}],"wp:term":[{"taxonomy":"category","embeddable":true,"href":"https:\/\/www.cnbb.org.br\/cnbb-app\/wp\/v2\/categories?post=33691"},{"taxonomy":"post_tag","embeddable":true,"href":"https:\/\/www.cnbb.org.br\/cnbb-app\/wp\/v2\/tags?post=33691"}],"curies":[{"name":"wp","href":"https:\/\/api.w.org\/{rel}","templated":true}]}}