{"id":33692,"date":"2019-03-26T00:00:00","date_gmt":"2019-03-26T03:00:00","guid":{"rendered":"https:\/\/www.cnbb.org.br\/quaresma-e-o-tema-da-conversao-e-da-fe-i\/"},"modified":"2019-03-26T00:00:00","modified_gmt":"2019-03-26T03:00:00","slug":"quaresma-e-o-tema-da-conversao-e-da-fe-i","status":"publish","type":"post","link":"https:\/\/www.cnbb.org.br\/quaresma-e-o-tema-da-conversao-e-da-fe-i\/","title":{"rendered":"Quaresma e o tema da convers\u00e3o e da f\u00e9 &#8211; I"},"content":{"rendered":"<p style=\"text-align: right\"><strong><em>Dom Alo\u00edsio Alberto Dilli<br \/>\n<\/em><em>Bispo de Santa Cruz do Sul<\/em><\/strong><\/p>\n<p>&nbsp;<\/p>\n<p style=\"text-align: justify\">Caros diocesanos. Vivemos a quaresma, tempo de prepara\u00e7\u00e3o para a P\u00e1scoa, solenidade maior do nosso Ano Lit\u00fargico. J\u00e1 celebramos a Quarta-Feira de Cinzas, que destaca o aspecto penitencial deste tempo, e iniciamos a Campanha da Fraternidade para tornar-nos mais sens\u00edveis ao nosso pr\u00f3ximo, sobretudo, aos irm\u00e3os mais necessitados.<\/p>\n<p style=\"text-align: justify\">A quaresma \u00e9 um tempo em que a Palavra de Deus \u00e9 ricamente distribu\u00edda. O <strong><em>Ano A<\/em><\/strong>, celebrado em 2017, apresentou as leituras com car\u00e1ter catecumenal, inseridas no processo de Inicia\u00e7\u00e3o \u00e0 Vida Crist\u00e3, desde os primeiros s\u00e9culos do cristianismo. Em 2018, a liturgia viveu o <strong><em>Ano B<\/em><\/strong> em suas celebra\u00e7\u00f5es e o tema destacado na prepara\u00e7\u00e3o \u00e0 P\u00e1scoa foi a <em>Alian\u00e7a<\/em>, sobretudo nas leituras da Palavra de Deus. Em 2019, celebramos o <strong><em>Ano C<\/em><\/strong> e a liturgia tem como tema quaresmal a <em>Convers\u00e3o<\/em> e a <em>F\u00e9<\/em>. Vejamos como esta reflex\u00e3o \u00e9 realizada nos diversos domingos da quaresma deste ano:<\/p>\n<ul style=\"text-align: justify\">\n<li><strong><em>Primeiro Domingo da Quaresma<\/em><\/strong>: A liturgia da Palavra convida \u00e0 f\u00e9 e \u00e0 convers\u00e3o, tendo como fundamento e ponto de partida o an\u00fancio da interven\u00e7\u00e3o divina na hist\u00f3ria da salva\u00e7\u00e3o. A leitura do Deuteron\u00f4mio (Dt 26, 4-10) \u00e9 como um grande credo hist\u00f3rico do AT: Israel aceita o Senhor e o louva por todas as interven\u00e7\u00f5es salv\u00edficas na sua hist\u00f3ria. A iniciativa \u00e9 sempre divina e Israel aceita, vive e celebra esta realidade no culto e se alegra na partilha dos dons com os irm\u00e3os.<\/li>\n<\/ul>\n<p style=\"text-align: justify\">A segunda leitura (Rm 10, 8-13) convida para a profiss\u00e3o de f\u00e9 em Jesus Cristo, no qual se completa a promessa e se encontra a salva\u00e7\u00e3o de todos os povos. No centro da profiss\u00e3o cristol\u00f3gica est\u00e1 a Nova P\u00e1scoa \u2013 a morte e a ressurrei\u00e7\u00e3o do Senhor.<\/p>\n<p style=\"text-align: justify\">No Evangelho do primeiro domingo da quaresma (Lc 4, 1-13), Jesus \u00e9 conduzido pelo Esp\u00edrito ao deserto e ali \u00e9 tentado pelo dem\u00f4nio. Pleno do Esp\u00edrito Santo (Batismo) Jesus vence o tentador, tornando-se o \u2018<em>primeiro convertido<\/em>\u2019, que coloca acima de tudo a fidelidade \u00e0 Palavra do Pai, no qual tem toda confian\u00e7a.<\/p>\n<ul style=\"text-align: justify\">\n<li><strong><em>Segundo Domingo da Quaresma<\/em><\/strong>: Neste domingo sobressai fortemente o tema da convers\u00e3o e da f\u00e9, t\u00edpico do <em>Ano C<\/em>. Na primeira leitura (Gn 15, 5-12.17-18) Deus faz alian\u00e7a com Abra\u00e3o, prometendo-lhe numerosa descend\u00eancia e o dom da terra promissora, mediante sua resposta de f\u00e9 no poder e fidelidade de Deus. A leitura revela que a f\u00e9 da pessoa humana \u00e9 indispens\u00e1vel para que se cumpra a salva\u00e7\u00e3o de Deus.<\/li>\n<\/ul>\n<p style=\"text-align: justify\">A segunda leitura (Fl 3, 17-4,1) \u00e9 mais ligada ao Evangelho deste domingo: o bin\u00f4mio cruz-ressurrei\u00e7\u00e3o do Evangelho \u00e9 aplicado aqui por S\u00e3o Paulo ao crist\u00e3o, chamado a escutar a Palavra e a participar, de corpo transfigurado, da gl\u00f3ria de Cristo. Para tal deve passar pela cruz. Segundo Paulo a f\u00e9 crist\u00e3 \u00e9 fundada sobre a cruz.<\/p>\n<p style=\"text-align: justify\">No Evangelho (Lc 9, 28b-36) Jesus entra em ora\u00e7\u00e3o, como em tantos momentos decisivos de sua vida. Na transfigura\u00e7\u00e3o, \u00e9 importante a voz do Pai: \u201c<em>Escutai-o!<\/em>\u201d: Para n\u00f3s tem o sentido de acolher a Palavra e tornar-se disc\u00edpulo do Mestre e participar de sua sorte (mist\u00e9rio pascal).<\/p>\n<p style=\"text-align: justify\">Na pr\u00f3xima semana continuaremos a reflex\u00e3o sobre as leituras da Palavra de Deus, neste rico tempo da quaresma, que nos aproxima de Deus, dos irm\u00e3os e das irm\u00e3s.<\/p>\n<p style=\"text-align: justify\">\n<p style=\"text-align: justify\">\n<p style=\"text-align: justify\">\n","protected":false},"excerpt":{"rendered":"<p>Dom Alo\u00edsio Alberto Dilli Bispo de Santa Cruz do Sul &nbsp; Caros diocesanos. Vivemos a quaresma, tempo de prepara\u00e7\u00e3o para a P\u00e1scoa, solenidade maior do nosso Ano Lit\u00fargico. J\u00e1 celebramos a Quarta-Feira de Cinzas, que destaca o aspecto penitencial deste tempo, e iniciamos a Campanha da Fraternidade para tornar-nos mais sens\u00edveis ao nosso pr\u00f3ximo, sobretudo, &hellip;<\/p>\n<p class=\"read-more\"> <a class=\"\" href=\"https:\/\/www.cnbb.org.br\/quaresma-e-o-tema-da-conversao-e-da-fe-i\/\"> <span class=\"screen-reader-text\">Quaresma e o tema da convers\u00e3o e da f\u00e9 &#8211; I<\/span> Leia mais &raquo;<\/a><\/p>\n","protected":false},"author":33,"featured_media":0,"comment_status":"closed","ping_status":"open","sticky":false,"template":"","format":"standard","meta":{"site-sidebar-layout":"default","site-content-layout":"default","ast-global-header-display":"","ast-banner-title-visibility":"","ast-main-header-display":"","ast-hfb-above-header-display":"","ast-hfb-below-header-display":"","ast-hfb-mobile-header-display":"","site-post-title":"","ast-breadcrumbs-content":"","ast-featured-img":"","footer-sml-layout":"","theme-transparent-header-meta":"","adv-header-id-meta":"","stick-header-meta":"","header-above-stick-meta":"","header-main-stick-meta":"","header-below-stick-meta":""},"categories":[758],"tags":[],"acf":[],"_links":{"self":[{"href":"https:\/\/www.cnbb.org.br\/cnbb-app\/wp\/v2\/posts\/33692"}],"collection":[{"href":"https:\/\/www.cnbb.org.br\/cnbb-app\/wp\/v2\/posts"}],"about":[{"href":"https:\/\/www.cnbb.org.br\/cnbb-app\/wp\/v2\/types\/post"}],"author":[{"embeddable":true,"href":"https:\/\/www.cnbb.org.br\/cnbb-app\/wp\/v2\/users\/33"}],"replies":[{"embeddable":true,"href":"https:\/\/www.cnbb.org.br\/cnbb-app\/wp\/v2\/comments?post=33692"}],"version-history":[{"count":0,"href":"https:\/\/www.cnbb.org.br\/cnbb-app\/wp\/v2\/posts\/33692\/revisions"}],"wp:attachment":[{"href":"https:\/\/www.cnbb.org.br\/cnbb-app\/wp\/v2\/media?parent=33692"}],"wp:term":[{"taxonomy":"category","embeddable":true,"href":"https:\/\/www.cnbb.org.br\/cnbb-app\/wp\/v2\/categories?post=33692"},{"taxonomy":"post_tag","embeddable":true,"href":"https:\/\/www.cnbb.org.br\/cnbb-app\/wp\/v2\/tags?post=33692"}],"curies":[{"name":"wp","href":"https:\/\/api.w.org\/{rel}","templated":true}]}}