{"id":33722,"date":"2019-03-28T00:00:00","date_gmt":"2019-03-28T03:00:00","guid":{"rendered":"https:\/\/www.cnbb.org.br\/regional-acolhe-mais-um-missionario-que-retorna-da-missao-catolica-sao-paulo-vi-na-guine-bissau\/"},"modified":"2019-03-28T00:00:00","modified_gmt":"2019-03-28T03:00:00","slug":"regional-acolhe-mais-um-missionario-que-retorna-da-missao-catolica-sao-paulo-vi-na-guine-bissau","status":"publish","type":"post","link":"https:\/\/www.cnbb.org.br\/regional-acolhe-mais-um-missionario-que-retorna-da-missao-catolica-sao-paulo-vi-na-guine-bissau\/","title":{"rendered":"Regional acolhe mais um mission\u00e1rio que retorna da miss\u00e3o na Guin\u00e9 Bissau"},"content":{"rendered":"<p style=\"text-align: justify\">Chegou ao Brasil no domingo, dia 24 de mar\u00e7o, o frei Bernardo Luz, religiosos da Fraternidade Cora\u00e7\u00e3o Chagado de Jesus), que atuou por 10 meses na Miss\u00e3o Cat\u00f3lica S\u00e3o Paulo VI, mantida pelo regional Sul 2 da Confer\u00eancia Nacional dos Bispos do Brasil (CNBB) na Guin\u00e9-Bissau, \u00c1frica. Familiares, membros da sua Fraternidade e o coordenador do Conselho Mission\u00e1rio Regional (Comire), Odaril Jos\u00e9 da Rosa, o recepcionaram, com muita alegria e gratid\u00e3o, no aeroporto de Maring\u00e1 (PR). \u201cPara n\u00f3s \u00e9 gratificante receber um mission\u00e1rio quando retorna da miss\u00e3o\u201d, afirmou Odaril.<\/p>\n<p style=\"text-align: justify\">Nos meses em que permaneceu em miss\u00e3o, frei Bernardo realizou, de maneira especial, um trabalho com os jovens guineenses e ajudou a fundar o grupo de jovens JUQUE (Juventude de Quebo). \u201cEu j\u00e1 trabalhava h\u00e1 muito tempo com os jovens aqui, principalmente na diocese de Umuarama (PR), mas l\u00e1 pude enxergar um rosto novo de Cristo no jovem Africano. Reconhecer o rosto de Cristo naquela juventude da \u00c1frica foi demais\u201d, partilhou frei Bernardo.<\/p>\n<p><a href=\"https:\/\/cnbbs2.org.br\/2019\/03\/frei-bernardo-retorna-da-missao-na-africa\/\" target=\"_blank\" rel=\"noopener\">Confira a not\u00edcia na \u00edntegra.<\/a><\/p>\n","protected":false},"excerpt":{"rendered":"<p>Frei Bernardo Luz atuou na iniciativa mission\u00e1ria por dez meses e p\u00f4de realizar um trabalho com os jovens guineenses, ajudando a fundar grupo juvenil<\/p>\n","protected":false},"author":83,"featured_media":938,"comment_status":"closed","ping_status":"open","sticky":false,"template":"","format":"standard","meta":{"site-sidebar-layout":"default","site-content-layout":"default","ast-global-header-display":"","ast-banner-title-visibility":"","ast-main-header-display":"","ast-hfb-above-header-display":"","ast-hfb-below-header-display":"","ast-hfb-mobile-header-display":"","site-post-title":"","ast-breadcrumbs-content":"","ast-featured-img":"","footer-sml-layout":"","theme-transparent-header-meta":"","adv-header-id-meta":"","stick-header-meta":"","header-above-stick-meta":"","header-main-stick-meta":"","header-below-stick-meta":""},"categories":[769,781],"tags":[],"acf":[],"_links":{"self":[{"href":"https:\/\/www.cnbb.org.br\/cnbb-app\/wp\/v2\/posts\/33722"}],"collection":[{"href":"https:\/\/www.cnbb.org.br\/cnbb-app\/wp\/v2\/posts"}],"about":[{"href":"https:\/\/www.cnbb.org.br\/cnbb-app\/wp\/v2\/types\/post"}],"author":[{"embeddable":true,"href":"https:\/\/www.cnbb.org.br\/cnbb-app\/wp\/v2\/users\/83"}],"replies":[{"embeddable":true,"href":"https:\/\/www.cnbb.org.br\/cnbb-app\/wp\/v2\/comments?post=33722"}],"version-history":[{"count":0,"href":"https:\/\/www.cnbb.org.br\/cnbb-app\/wp\/v2\/posts\/33722\/revisions"}],"wp:featuredmedia":[{"embeddable":true,"href":"https:\/\/www.cnbb.org.br\/cnbb-app\/wp\/v2\/media\/938"}],"wp:attachment":[{"href":"https:\/\/www.cnbb.org.br\/cnbb-app\/wp\/v2\/media?parent=33722"}],"wp:term":[{"taxonomy":"category","embeddable":true,"href":"https:\/\/www.cnbb.org.br\/cnbb-app\/wp\/v2\/categories?post=33722"},{"taxonomy":"post_tag","embeddable":true,"href":"https:\/\/www.cnbb.org.br\/cnbb-app\/wp\/v2\/tags?post=33722"}],"curies":[{"name":"wp","href":"https:\/\/api.w.org\/{rel}","templated":true}]}}