{"id":33742,"date":"2019-03-26T00:00:00","date_gmt":"2019-03-26T03:00:00","guid":{"rendered":"https:\/\/www.cnbb.org.br\/pascoms-participam-de-encontro-da-repam-para-comunicadores-da-amazonia\/"},"modified":"2019-03-26T00:00:00","modified_gmt":"2019-03-26T03:00:00","slug":"pascoms-participam-de-encontro-da-repam-para-comunicadores-da-amazonia","status":"publish","type":"post","link":"https:\/\/www.cnbb.org.br\/pascoms-participam-de-encontro-da-repam-para-comunicadores-da-amazonia\/","title":{"rendered":"Pascoms participam de Encontro da Repam para comunicadores da Amaz\u00f4nia"},"content":{"rendered":"<div style=\"text-align: justify\">Quatro comunicadores do regional Norte 1 participaram do Encontro de Forma\u00e7\u00e3o da Rede Eclesial Pan-Amaz\u00f4nica\/ Repam-Brasil para Comunicadores da Amaz\u00f4nia, que contou com 29 representantes dos seis regionais da Confer\u00eancia Nacional dos Bispos do Brasil (CNBB) localizados na Amaz\u00f4nia Legal. O evento aconteceu no Centro Cultural Mission\u00e1rio (CCM), em Bras\u00edlia, entre os dias 22 e 24 de mar\u00e7o.<\/div>\n<div style=\"text-align: justify\"><\/div>\n<div style=\"text-align: justify\">\n<p>O objetivo do encontro foi apresentar aos comunicadores convidados o plano de comunica\u00e7\u00e3o institucional\/organizacional da Repam, constru\u00eddo pelo Grupo de Trabalho de articula\u00e7\u00e3o para as a\u00e7\u00f5es na \u00e1rea da comunica\u00e7\u00e3o, realizada entre os dias 8 e 10 de fevereiro, e formar uma rede de comunicadores que contribua com os processos de comunica\u00e7\u00e3o institucionais da Repam e tamb\u00e9m dos comit\u00eas locais, atuando na promo\u00e7\u00e3o da vida e da pr\u00e1tica de uma ecologia integral, atrav\u00e9s de uma comunica\u00e7\u00e3o voltada para provocar, estimular e apoiar o processo de transforma\u00e7\u00e3o social nas comunidades amaz\u00f4nicas e uma comunica\u00e7\u00e3o amaz\u00f4nica a partir das comunidades,\u00a0\u00a0com modelo colaborativo, transversal, participativo e em rede, voltada para os anseios das comunidades.<\/p>\n<p>Confira a <a href=\"http:\/\/cnbbnorte1.blogspot.com\/2019\/03\/pascons-do-regional-norte-1-participam.html\" target=\"_blank\" rel=\"noopener\">not\u00edcia na \u00edntegra<\/a>.<\/p>\n<\/div>\n","protected":false},"excerpt":{"rendered":"<p>Evento aconteceu no Centro Cultural Mission\u00e1rio, em Bras\u00edlia, entre os dias 22 e 24 de mar\u00e7o. Quatro comunicadores do regional Norte 1 participaram<\/p>\n","protected":false},"author":83,"featured_media":960,"comment_status":"closed","ping_status":"open","sticky":false,"template":"","format":"standard","meta":{"site-sidebar-layout":"default","site-content-layout":"default","ast-global-header-display":"","ast-banner-title-visibility":"","ast-main-header-display":"","ast-hfb-above-header-display":"","ast-hfb-below-header-display":"","ast-hfb-mobile-header-display":"","site-post-title":"","ast-breadcrumbs-content":"","ast-featured-img":"","footer-sml-layout":"","theme-transparent-header-meta":"","adv-header-id-meta":"","stick-header-meta":"","header-above-stick-meta":"","header-main-stick-meta":"","header-below-stick-meta":""},"categories":[836,769],"tags":[],"acf":[],"_links":{"self":[{"href":"https:\/\/www.cnbb.org.br\/cnbb-app\/wp\/v2\/posts\/33742"}],"collection":[{"href":"https:\/\/www.cnbb.org.br\/cnbb-app\/wp\/v2\/posts"}],"about":[{"href":"https:\/\/www.cnbb.org.br\/cnbb-app\/wp\/v2\/types\/post"}],"author":[{"embeddable":true,"href":"https:\/\/www.cnbb.org.br\/cnbb-app\/wp\/v2\/users\/83"}],"replies":[{"embeddable":true,"href":"https:\/\/www.cnbb.org.br\/cnbb-app\/wp\/v2\/comments?post=33742"}],"version-history":[{"count":0,"href":"https:\/\/www.cnbb.org.br\/cnbb-app\/wp\/v2\/posts\/33742\/revisions"}],"wp:featuredmedia":[{"embeddable":true,"href":"https:\/\/www.cnbb.org.br\/cnbb-app\/wp\/v2\/media\/960"}],"wp:attachment":[{"href":"https:\/\/www.cnbb.org.br\/cnbb-app\/wp\/v2\/media?parent=33742"}],"wp:term":[{"taxonomy":"category","embeddable":true,"href":"https:\/\/www.cnbb.org.br\/cnbb-app\/wp\/v2\/categories?post=33742"},{"taxonomy":"post_tag","embeddable":true,"href":"https:\/\/www.cnbb.org.br\/cnbb-app\/wp\/v2\/tags?post=33742"}],"curies":[{"name":"wp","href":"https:\/\/api.w.org\/{rel}","templated":true}]}}