{"id":337520,"date":"2021-07-05T10:05:37","date_gmt":"2021-07-05T13:05:37","guid":{"rendered":"https:\/\/www.cnbb.org.br\/?p=337520"},"modified":"2021-07-26T14:46:08","modified_gmt":"2021-07-26T17:46:08","slug":"regional-leste-2-da-cnbb-esta-com-inscricoes-abertas-para-o-retiro-online-de-presbiteros-com-o-cardeal-jose-tolentino","status":"publish","type":"post","link":"https:\/\/www.cnbb.org.br\/regional-leste-2-da-cnbb-esta-com-inscricoes-abertas-para-o-retiro-online-de-presbiteros-com-o-cardeal-jose-tolentino\/","title":{"rendered":"Regional Leste 2 da CNBB est\u00e1 com inscri\u00e7\u00f5es abertas para o Retiro Online de Presb\u00edteros com o cardeal Jos\u00e9 Tolentino"},"content":{"rendered":"<p style=\"text-align: justify;\">Para auxiliar e aprofundar a caminhada de f\u00e9 dos sacerdotes no atual e desafiador per\u00edodo de pandemia, o Regional Leste 2 da Confer\u00eancia Nacional dos Bispos do Brasil (CNBB), por meio de sua Comiss\u00e3o Episcopal para a Comunica\u00e7\u00e3o e Cultura e com o apoio da arquidiocese de Juiz de Fora (MG), promover\u00e1, de 2 a 6 de agosto, o Retiro On-line de Presb\u00edteros.<\/p>\n<p style=\"text-align: justify;\">O evento ser\u00e1 conduzido pelo cardeal Jos\u00e9 Tolentino de Mendon\u00e7a. O cardeal\u00a0 abordar\u00e1 o tema \u201cA vida e a espiritualidade do presb\u00edtero em tempos de pandemia e p\u00f3s-pandemia\u201d. A programa\u00e7\u00e3o do retiro contar\u00e1 com medita\u00e7\u00f5es e reflex\u00f5es propostas pelo Cardeal, missas di\u00e1rias e ora\u00e7\u00f5es em conjunto.<\/p>\n<p style=\"text-align: justify;\">As vagas s\u00e3o limitadas e a participa\u00e7\u00e3o \u00e9 aberta aos padres de todo o Brasil. Os interessados ou aqueles que forem indicados pelos (arce) bispos de cada Igreja Particular devem realizar inscri\u00e7\u00e3o. Para isso, \u00e9 recomendado que leia atentamente todas as orienta\u00e7\u00f5es abaixo:<\/p>\n<p><strong>Investimento:<\/strong><\/p>\n<p style=\"text-align: justify;\">R$ 100,00 (Cem reais), at\u00e9 o dia 30 de junho.<br \/>\nR$ 150,00 (Cento e cinquenta reais), at\u00e9 14 de julho.<br \/>\nR$ 180,00 (Cento e oitenta reais) para inscri\u00e7\u00f5es realizadas de 15 a 28 de julho.<\/p>\n<p>O pagamento ser\u00e1 realizado por meio de boleto banc\u00e1rio e cart\u00e3o de cr\u00e9dito. O boleto ter\u00e1 vencimento em 1 (um) dia \u00fatil ap\u00f3s o envio;\u00a0O boleto \u00e9 disponibilizado pelo sistema da CiaTicket, parceira do Regional neste evento. Ser\u00e1 concedido 10% de desconto para cada (arqui)diocese que inscrever acima de 50 presb\u00edteros.<\/p>\n<p style=\"text-align: justify;\">Em caso de desist\u00eancia, o participante poder\u00e1 solicitar o reembolso de 70% do valor pago da inscri\u00e7\u00e3o. A solicita\u00e7\u00e3o de devolu\u00e7\u00e3o do valor pago poder\u00e1 ser feita pelo e-mail contabilidade@cnbbleste2.org.br.<\/p>\n<p style=\"text-align: justify;\"><strong>Recibos:<br \/>\n<\/strong>O recibo do pagamento da taxa de inscri\u00e7\u00e3o \u00e9 enviado automaticamente para o participante no endere\u00e7o de e-mail e whatsapp informado logo ap\u00f3s a compensa\u00e7\u00e3o banc\u00e1ria. Aqueles que desejarem o recibo em nome de Pessoa Jur\u00eddica, Entidades e Institui\u00e7\u00f5es dever\u00e3o informar o CNPJ e raz\u00e3o social no momento da realiza\u00e7\u00e3o da inscri\u00e7\u00e3o.<\/p>\n<p><strong>Informa\u00e7\u00f5es:<br \/>\n<\/strong>&#8211; Todos receber\u00e3o da CiaTicket um e-mail e uma mensagem no WhatsApp com a confirma\u00e7\u00e3o de inscri\u00e7\u00e3o para o evento.<br \/>\n&#8211; A inscri\u00e7\u00e3o ser\u00e1 confirmada somente mediante a autoriza\u00e7\u00e3o da operadora de cart\u00e3o de cr\u00e9dito ou pagamento do boleto at\u00e9 a data do vencimento. Caso contr\u00e1rio, ela ser\u00e1 automaticamente cancelada, sendo necess\u00e1rio solicitar uma segunda via do boleto para pagamento.<br \/>\n&#8211; Posteriormente ser\u00e1 divulgado um guia do participante com informa\u00e7\u00f5es de acesso \u00e0 plataforma, emiss\u00e3o de certificados e programa\u00e7\u00e3o do evento para que a participa\u00e7\u00e3o seja facilitada e a mais proveitosa poss\u00edvel.<br \/>\n&#8211; Encontro em prepara\u00e7\u00e3o ao evento: Informamos que no dia 20 de julho de 2021 teremos um encontro virtual \u00e0s 21h, para apresentar a metodologia, pauta e din\u00e2mica do evento, com uma pequena fala do Cardeal Tolentino. Os inscritos confirmados receber\u00e3o as informa\u00e7\u00f5es por e-mail e pelo n\u00famero de WhatsApp.<\/p>\n<p><strong>Outras informa\u00e7\u00f5es:<\/strong><\/p>\n<p>Padre Roberto Marcelino de Oliveira<br \/>\nSecret\u00e1rio Executivo do regional Leste 2<br \/>\nTelefone de contato: (31)98799-0157 clique aqui para falar por WhatsApp<br \/>\nEndere\u00e7o de e-mail: secgeral@cnbbleste2.org.br<\/p>\n","protected":false},"excerpt":{"rendered":"<p>Com orienta\u00e7\u00e3o espiritual do cardeal Jos\u00e9 Tolentino de Mendon\u00e7a, o retiro abordar\u00e1 o tema \u201cA vida e a espiritualidade do presb\u00edtero em tempos de pandemia e p\u00f3s-pandemia\u201d. A programa\u00e7\u00e3o, aberta a padres de todo o Brasil, contar\u00e1 com medita\u00e7\u00f5es e reflex\u00f5es propostas pelo cardeal, missas di\u00e1rias e ora\u00e7\u00f5es em conjunto<\/p>\n","protected":false},"author":83,"featured_media":337528,"comment_status":"open","ping_status":"open","sticky":false,"template":"","format":"standard","meta":{"site-sidebar-layout":"default","site-content-layout":"default","ast-global-header-display":"","ast-banner-title-visibility":"","ast-main-header-display":"","ast-hfb-above-header-display":"","ast-hfb-below-header-display":"","ast-hfb-mobile-header-display":"","site-post-title":"","ast-breadcrumbs-content":"","ast-featured-img":"","footer-sml-layout":"","theme-transparent-header-meta":"default","adv-header-id-meta":"","stick-header-meta":"","header-above-stick-meta":"","header-main-stick-meta":"","header-below-stick-meta":""},"categories":[50,778],"tags":[3751,2339],"acf":[],"_links":{"self":[{"href":"https:\/\/www.cnbb.org.br\/cnbb-app\/wp\/v2\/posts\/337520"}],"collection":[{"href":"https:\/\/www.cnbb.org.br\/cnbb-app\/wp\/v2\/posts"}],"about":[{"href":"https:\/\/www.cnbb.org.br\/cnbb-app\/wp\/v2\/types\/post"}],"author":[{"embeddable":true,"href":"https:\/\/www.cnbb.org.br\/cnbb-app\/wp\/v2\/users\/83"}],"replies":[{"embeddable":true,"href":"https:\/\/www.cnbb.org.br\/cnbb-app\/wp\/v2\/comments?post=337520"}],"version-history":[{"count":0,"href":"https:\/\/www.cnbb.org.br\/cnbb-app\/wp\/v2\/posts\/337520\/revisions"}],"wp:featuredmedia":[{"embeddable":true,"href":"https:\/\/www.cnbb.org.br\/cnbb-app\/wp\/v2\/media\/337528"}],"wp:attachment":[{"href":"https:\/\/www.cnbb.org.br\/cnbb-app\/wp\/v2\/media?parent=337520"}],"wp:term":[{"taxonomy":"category","embeddable":true,"href":"https:\/\/www.cnbb.org.br\/cnbb-app\/wp\/v2\/categories?post=337520"},{"taxonomy":"post_tag","embeddable":true,"href":"https:\/\/www.cnbb.org.br\/cnbb-app\/wp\/v2\/tags?post=337520"}],"curies":[{"name":"wp","href":"https:\/\/api.w.org\/{rel}","templated":true}]}}