{"id":337549,"date":"2021-07-05T10:51:50","date_gmt":"2021-07-05T13:51:50","guid":{"rendered":"https:\/\/www.cnbb.org.br\/?p=337549"},"modified":"2021-07-05T10:51:50","modified_gmt":"2021-07-05T13:51:50","slug":"comissao-para-a-acao-social-realizara-formacao-on-line-sobre-a-6a-semana-social-brasileira","status":"publish","type":"post","link":"https:\/\/www.cnbb.org.br\/comissao-para-a-acao-social-realizara-formacao-on-line-sobre-a-6a-semana-social-brasileira\/","title":{"rendered":"Comiss\u00e3o para a A\u00e7\u00e3o Social realizar\u00e1 forma\u00e7\u00e3o on-line sobre a 6\u00aa Semana Social Brasileira"},"content":{"rendered":"<p>Para continuar a caminhada de reflex\u00f5es sobre a inspira\u00e7\u00e3o dos tr\u00eas \u201cT\u201d: Terra, Teto e Trabalho, a Comiss\u00e3o Episcopal para a A\u00e7\u00e3o Social Transformadora do Regional Leste 2 promove o Mutir\u00e3o da 6\u00aa Semana Social Brasileira (SSB). A transmiss\u00e3o ao vivo ser\u00e1 no dia 6 de julho, das 19h30 \u00e0s 21h, e abordar\u00e1 o tema &#8220;Trabalho em tempos de pandemia&#8221;.<\/p>\n<p><img decoding=\"async\" loading=\"lazy\" class=\"alignleft\" src=\"https:\/\/attachments.office.net\/owa\/imprensa%40cnbb.org.br\/service.svc\/s\/GetAttachmentThumbnail?id=AAMkADM3NTUzMTc1LWFjNjctNGY3ZC04Yjg3LWE2NTFhODQxYzVjNQBGAAAAAAB%2FuwGbpEsoT4nyUq3P36b7BwBFgckwLf1iSpMLAObajtjiAAAAAAEMAABFgckwLf1iSpMLAObajtjiAAE8vGNOAAABEgAQADdWA2cDM%2BtFvelibjrlI6Y%3D&amp;thumbnailType=2&amp;token=eyJhbGciOiJSUzI1NiIsImtpZCI6IjMwODE3OUNFNUY0QjUyRTc4QjJEQjg5NjZCQUY0RUNDMzcyN0FFRUUiLCJ0eXAiOiJKV1QiLCJ4NXQiOiJNSUY1emw5TFV1ZUxMYmlXYTY5T3pEY25ydTQifQ.eyJvcmlnaW4iOiJodHRwczovL291dGxvb2sub2ZmaWNlLmNvbSIsInVjIjoiMjNhNTkyNTFhMjg5NGUyNmE5MzFkOWUyMGY1YTVjZTYiLCJzaWduaW5fc3RhdGUiOiJbXCJrbXNpXCJdIiwidmVyIjoiRXhjaGFuZ2UuQ2FsbGJhY2suVjEiLCJhcHBjdHhzZW5kZXIiOiJPd2FEb3dubG9hZEA2ODZmNWEwNi04NDVlLTQ3NWYtYWQ5MS1kNWJkM2M2ZjYzYzEiLCJpc3NyaW5nIjoiV1ciLCJhcHBjdHgiOiJ7XCJtc2V4Y2hwcm90XCI6XCJvd2FcIixcInB1aWRcIjpcIjExNTM4MDExMTY2MDk3MDA2NDNcIixcInNjb3BlXCI6XCJPd2FEb3dubG9hZFwiLFwib2lkXCI6XCI1YTUwMTc3ZS1lODYwLTQwNDctYTI2Zi01OTJiMDg1NjI1ZGRcIixcInByaW1hcnlzaWRcIjpcIlMtMS01LTIxLTMzMDEyODQxNzAtNjExMzQ5OTMwLTM2NTk2MzQxMTQtMjM4MzIzNTBcIn0iLCJuYmYiOjE2MjU0OTEzNTksImV4cCI6MTYyNTQ5MTk1OSwiaXNzIjoiMDAwMDAwMDItMDAwMC0wZmYxLWNlMDAtMDAwMDAwMDAwMDAwQDY4NmY1YTA2LTg0NWUtNDc1Zi1hZDkxLWQ1YmQzYzZmNjNjMSIsImF1ZCI6IjAwMDAwMDAyLTAwMDAtMGZmMS1jZTAwLTAwMDAwMDAwMDAwMC9hdHRhY2htZW50cy5vZmZpY2UubmV0QDY4NmY1YTA2LTg0NWUtNDc1Zi1hZDkxLWQ1YmQzYzZmNjNjMSIsImhhcHAiOiJvd2EifQ.eWlbYEeHfwetY15DSlt5o81AfruLX_cay9WkSgYUNpAYEZNFZjSoWjzKpFYIWFEmdqBHLN2VTrVjQUXVR_tJlTmbOm8fi1aRVv2aK8LUIMbj5Nc6xENrQl-hP2XSBDatOKJJRm0R8AEhej5oq3kOLq-2V4lagRgviyF-8ZPUp1jsLKtY1ZZ9GYJ2R7DHZyRhnDSKHPVk5ExVDk5rhPIyND0TdQZtb74u8k5XDbnVv3Vi-u5txcWRmDwrN7sJreqhoAeWQYe-0MSEARCtRb4lqK2euOhyrizswgZ0qVahN_C3YaFw-6C4exH2azjU-toyvMQNjMEKmwFqN-blpuPPUg&amp;X-OWA-CANARY=rGF0fs1ZXUav1S0kfbue-5AYwxG4P9kYCFZbx0pelrL8rgNmoYxrvldo-4cebwrV_mZgQ9dLTDU.&amp;owa=outlook.office.com&amp;scriptVer=20210628001.07&amp;animation=true\" alt=\"Visualiza\u00e7\u00e3o da imagem\" width=\"368\" height=\"368\" \/><\/p>\n<p>Segundo o bispo de Guanh\u00e3es (MG) e referencial da Comiss\u00e3o, dom Otac\u00edlio Ferreira de Lacerda, os encontros virtuais, as forma\u00e7\u00f5es e o fortalecimento da espiritualidade dos agentes das Pastorais Sociais s\u00e3o os principais instrumentos de trabalho durante este per\u00edodo de distanciamento social. \u201cToda a Igreja do Brasil est\u00e1 envolvida no Mutir\u00e3o da 6\u00aa SSB, \u00e9 uma iniciativa da Comiss\u00e3o em n\u00edvel nacional, regional e diocesano\u201d, afirmou.<\/p>\n<p>\u201cNessa live, vamos abordar a quest\u00e3o do emprego, desemprego, poss\u00edveis alternativas, a espiritualidade e o fortalecimento da m\u00edstica dos agentes de Pastoral, que est\u00e3o comprometidos com a vida em todos os seus \u00e2mbitos\u201d, complementou o bispo.<\/p>\n<p>Com a assessoria do bispo da diocese de Jales (SP), dom Jos\u00e9 Reginaldo Andrietta; da assessora jur\u00eddica da Caritas Regional MG, Carla Maria Magalhaes; e media\u00e7\u00e3o de dom Otac\u00edlio, o Mutir\u00e3o poder\u00e1 ser acompanhado pela <a title=\"https:\/\/www.facebook.com\/cnbbleste2\/videos\/511634260071427\" href=\"https:\/\/www.facebook.com\/cnbbleste2\/videos\/511634260071427\" target=\"_blank\" rel=\"noopener noreferrer\" data-auth=\"NotApplicable\" data-linkindex=\"0\">p\u00e1gina do Facebook<\/a>\u00a0e\u00a0<a title=\"https:\/\/youtu.be\/FHBPbzMTppc\" href=\"https:\/\/youtu.be\/FHBPbzMTppc\" data-rel=\"lightbox-video-0\" target=\"_blank\" rel=\"noopener noreferrer\" data-auth=\"NotApplicable\" data-linkindex=\"1\">canal do YouTube<\/a>\u00a0da CNBB Leste 2.<\/p>\n","protected":false},"excerpt":{"rendered":"<p>Para continuar a caminhada de reflex\u00f5es sobre a inspira\u00e7\u00e3o dos tr\u00eas \u201cT\u201d: Terra, Teto e Trabalho, a Comiss\u00e3o Episcopal para a A\u00e7\u00e3o Social Transformadora do Regional Leste 2 promove o Mutir\u00e3o da 6\u00aa Semana Social Brasileira (SSB). A transmiss\u00e3o ao vivo ser\u00e1 no dia 6 de julho, das 19h30 \u00e0s 21h, e abordar\u00e1 o tema &hellip;<\/p>\n<p class=\"read-more\"> <a class=\"\" href=\"https:\/\/www.cnbb.org.br\/comissao-para-a-acao-social-realizara-formacao-on-line-sobre-a-6a-semana-social-brasileira\/\"> <span class=\"screen-reader-text\">Comiss\u00e3o para a A\u00e7\u00e3o Social realizar\u00e1 forma\u00e7\u00e3o on-line sobre a 6\u00aa Semana Social Brasileira<\/span> Leia mais &raquo;<\/a><\/p>\n","protected":false},"author":83,"featured_media":337569,"comment_status":"open","ping_status":"open","sticky":false,"template":"","format":"standard","meta":{"site-sidebar-layout":"default","site-content-layout":"default","ast-global-header-display":"","ast-banner-title-visibility":"","ast-main-header-display":"","ast-hfb-above-header-display":"","ast-hfb-below-header-display":"","ast-hfb-mobile-header-display":"","site-post-title":"","ast-breadcrumbs-content":"","ast-featured-img":"","footer-sml-layout":"","theme-transparent-header-meta":"default","adv-header-id-meta":"","stick-header-meta":"","header-above-stick-meta":"","header-main-stick-meta":"","header-below-stick-meta":""},"categories":[778],"tags":[],"acf":[],"_links":{"self":[{"href":"https:\/\/www.cnbb.org.br\/cnbb-app\/wp\/v2\/posts\/337549"}],"collection":[{"href":"https:\/\/www.cnbb.org.br\/cnbb-app\/wp\/v2\/posts"}],"about":[{"href":"https:\/\/www.cnbb.org.br\/cnbb-app\/wp\/v2\/types\/post"}],"author":[{"embeddable":true,"href":"https:\/\/www.cnbb.org.br\/cnbb-app\/wp\/v2\/users\/83"}],"replies":[{"embeddable":true,"href":"https:\/\/www.cnbb.org.br\/cnbb-app\/wp\/v2\/comments?post=337549"}],"version-history":[{"count":0,"href":"https:\/\/www.cnbb.org.br\/cnbb-app\/wp\/v2\/posts\/337549\/revisions"}],"wp:featuredmedia":[{"embeddable":true,"href":"https:\/\/www.cnbb.org.br\/cnbb-app\/wp\/v2\/media\/337569"}],"wp:attachment":[{"href":"https:\/\/www.cnbb.org.br\/cnbb-app\/wp\/v2\/media?parent=337549"}],"wp:term":[{"taxonomy":"category","embeddable":true,"href":"https:\/\/www.cnbb.org.br\/cnbb-app\/wp\/v2\/categories?post=337549"},{"taxonomy":"post_tag","embeddable":true,"href":"https:\/\/www.cnbb.org.br\/cnbb-app\/wp\/v2\/tags?post=337549"}],"curies":[{"name":"wp","href":"https:\/\/api.w.org\/{rel}","templated":true}]}}