{"id":33792,"date":"2019-04-08T00:00:00","date_gmt":"2019-04-08T03:00:00","guid":{"rendered":"https:\/\/www.cnbb.org.br\/dia-mundial-da-saude-e-a-luta-por-uma-saude-universal-para-todos-e-todas-em-todos-os-lugares\/"},"modified":"2020-03-11T17:09:33","modified_gmt":"2020-03-11T20:09:33","slug":"dia-mundial-da-saude-e-a-luta-por-uma-saude-universal-para-todos-e-todas-em-todos-os-lugares","status":"publish","type":"post","link":"https:\/\/www.cnbb.org.br\/dia-mundial-da-saude-e-a-luta-por-uma-saude-universal-para-todos-e-todas-em-todos-os-lugares\/","title":{"rendered":"Dia Mundial da Sa\u00fade e a luta por uma sa\u00fade universal para todos e todas"},"content":{"rendered":"<p style=\"text-align: justify\"><strong>&#8220;Sa\u00fade universal: para todas e todos, em todos os lugares&#8221;<\/strong> foi o tema escolhido pela Organiza\u00e7\u00e3o Mundial da Sa\u00fade (OMS) para celebrar o Dia Mundial da Sa\u00fade comemorado neste 7 de abril.<\/p>\n<p style=\"text-align: justify\">De acordo com a OMS, a sa\u00fade universal requer o envolvimento de todos os setores da sociedade para combater a pobreza, a injusti\u00e7a social, as lacunas educacionais e as condi\u00e7\u00f5es prec\u00e1rias de vida, entre outros fatores que influenciam a sa\u00fade das pessoas.<\/p>\n<p style=\"text-align: justify\">Aqui no Brasil, a sa\u00fade p\u00fablica vem enfrentando muitos desafios, sofrendo com uma falta de tudo o que acarreta um atendimento prec\u00e1rio e bem na contra\u00e7\u00e3o do que prop\u00f5e o conceito de sa\u00fade universal da OMS que \u00e9 garantir que todas as pessoas tenham acesso, sem discrimina\u00e7\u00e3o, a servi\u00e7os integrais de qualidade, sem enfrentar dificuldades financeiras.<\/p>\n<p style=\"text-align: justify\">Al\u00e9m disso, a proposta da OMS visa garantir que todos estejam cobertos, mas que todos tenham acesso a cuidados quando precisarem, onde quer que estejam, o que n\u00e3o acontece na maioria das vezes na rede p\u00fablica do pa\u00eds.<\/p>\n<figure id=\"attachment_217896\" aria-describedby=\"caption-attachment-217896\" style=\"width: 288px\" class=\"wp-caption alignright\"><a href=\"https:\/\/www.cnbb.org.br\/dia-mundial-da-saude-e-a-luta-por-uma-saude-universal-para-todos-e-todas-em-todos-os-lugares\/dom-roberto-ferreria\/\" rel=\"attachment wp-att-217896\"><img decoding=\"async\" loading=\"lazy\" class=\"wp-image-217896 \" src=\"https:\/\/www.cnbb.org.br\/wp-content\/uploads\/2020\/03\/Dom-Roberto-Ferreria-300x200.jpg\" alt=\"\" width=\"288\" height=\"192\" \/><\/a><figcaption id=\"caption-attachment-217896\" class=\"wp-caption-text\"><em>Dom Roberto Ferrer\u00eda Paz. Foto: CNBB<\/em><\/figcaption><\/figure>\n<p style=\"text-align: justify\">O Bispo de Campos (RJ) e referencial da Pastoral da Sa\u00fade da Confer\u00eancia Nacional dos Bispos do Brasil (CNBB), dom Roberto Ferrer\u00eda Paz, diz que o caos na sa\u00fade p\u00fablica no Brasil se deve ao descumprimento da Constitui\u00e7\u00e3o Federal que prev\u00ea a receita e financiamento determinado para garantir o direito da popula\u00e7\u00e3o \u00e0 sa\u00fade.<\/p>\n<p style=\"text-align: justify\"><strong><em>\u201cA desvincula\u00e7\u00e3o e o desatrelamento a esta norma maior leva ao SUS ao colapso operacional. As pol\u00edticas p\u00fablicas na sa\u00fade s\u00e3o fundamentais para reverter est\u00e1 tend\u00eancia neoliberal e privatizante. A solu\u00e7\u00e3o passa pela mobiliza\u00e7\u00e3o do povo em defesa do SUS como foi o movimento sanitarista e as for\u00e7as sociais que o conceberam e o implementaram\u201d.<\/em><\/strong><\/p>\n<p style=\"text-align: justify\">Neste caminho de garantia de uma sa\u00fade p\u00fablica de qualidade para todos est\u00e1 o trabalho desenvolvido pela Pastoral da Sa\u00fade Nacional que obedece tr\u00eas dimens\u00f5es: a da assist\u00eancia solid\u00e1ria com a pastoral hospitalar, depois a dimens\u00e3o de comunidade, propiciando campanhas e uma medicina mais preventiva. Um terceiro ponto \u00e9 a luta pelas pol\u00edticas p\u00fablicas de sa\u00fade.<\/p>\n<p style=\"text-align: justify\">O coordenador nacional da Pastoral da Sa\u00fade, Alex Mota, explica que a pastoral vem sensibilizando coordenadores e agentes, para que os mesmos se tornem multiplicadores na busca por melhorias que garantam atendimento digno.<\/p>\n<p style=\"text-align: justify\"><strong><em>\u201cO trabalho \u00e9 levar informa\u00e7\u00e3o para a popula\u00e7\u00e3o das comunidades nas quais eles atuam, sobre a necessidade de incentivar as pastorais, comunidades crist\u00e3s, associa\u00e7\u00f5es religiosas e movimentos eclesiais com a\u00e7\u00f5es que levem as resolu\u00e7\u00f5es de problemas sociais no processo de reformula\u00e7\u00e3o das Pol\u00edticas P\u00fablicas\u00a0numa a\u00e7\u00e3o conjunta em defesa do SUS\u201d, relata.<\/em><\/strong><\/p>\n<p style=\"text-align: justify\">O referencial da Pastoral, dom Roberto Ferrer\u00eda, ressalta ainda que diante da realidade da sa\u00fade no Brasil, <em><strong>\u201ca pastoral tem atuado de forma sistem\u00e1tica no apoio e a defesa do SUS, na forma\u00e7\u00e3o de agentes para o acompanhamento e participa\u00e7\u00e3o nos conselhos da sa\u00fade. Al\u00e9m de ser uma presen\u00e7a testemunhal e solid\u00e1ria junto aos doentes e trabalhadores da sa\u00fade e na luta pelo saneamento b\u00e1sico e humaniza\u00e7\u00e3o dos hospitais\u201d.<\/strong><\/em><\/p>\n<p style=\"text-align: justify\">O coordenador nacional da pastoral lembra tamb\u00e9m que entre as principais discuss\u00f5es sobre sa\u00fade p\u00fablica no Brasil est\u00e1 o subfinanciamento do SUS e as consequ\u00eancias da Emenda Constitucional (EC) 95, que congela os investimentos em sa\u00fade p\u00fablica, at\u00e9 2036. Segundo Alex Mota, essa emenda causar\u00e1 um preju\u00edzo estimado em R$ 400 bilh\u00f5es para o SUS.<\/p>\n<p style=\"text-align: justify\"><strong>\u201c<em>Seguimentos da sociedade civil vem se mobilizando no fortalecimento da cidadania para contribuir no Controle Social em Conselhos de Direitos. Dessa forma o\u00a0Conselho Nacional de Sa\u00fade tem se mobilizado para revogar essa decis\u00e3o e precisa contar com nosso apoio, e das entidades e movimentos sociais na amplia\u00e7\u00e3o do abaixo assinado contra a EC 95\u201d.<\/em> <\/strong><\/p>\n<p style=\"text-align: justify\">\u201cA sa\u00fade \u00e9 um dom de Deus, uma constru\u00e7\u00e3o social, ambiental e espiritual n\u00e3o na aus\u00eancia de doen\u00e7a, mas na plenitude e inteireza humana\u201d, finaliza dom Roberto Ferrer\u00eda Paz<\/p>\n","protected":false},"excerpt":{"rendered":"<p>Dom Roberto Ferrer\u00eda: \u201cA sa\u00fade \u00e9 um dom de Deus, uma constru\u00e7\u00e3o social n\u00e3o na aus\u00eancia de doen\u00e7a mas na plenitude e inteireza humana\u201d<\/p>\n","protected":false},"author":83,"featured_media":33793,"comment_status":"closed","ping_status":"open","sticky":false,"template":"","format":"standard","meta":{"site-sidebar-layout":"default","site-content-layout":"default","ast-global-header-display":"","ast-banner-title-visibility":"","ast-main-header-display":"","ast-hfb-above-header-display":"","ast-hfb-below-header-display":"","ast-hfb-mobile-header-display":"","site-post-title":"","ast-breadcrumbs-content":"","ast-featured-img":"","footer-sml-layout":"","theme-transparent-header-meta":"","adv-header-id-meta":"","stick-header-meta":"","header-above-stick-meta":"","header-main-stick-meta":"","header-below-stick-meta":""},"categories":[1],"tags":[],"acf":[],"_links":{"self":[{"href":"https:\/\/www.cnbb.org.br\/cnbb-app\/wp\/v2\/posts\/33792"}],"collection":[{"href":"https:\/\/www.cnbb.org.br\/cnbb-app\/wp\/v2\/posts"}],"about":[{"href":"https:\/\/www.cnbb.org.br\/cnbb-app\/wp\/v2\/types\/post"}],"author":[{"embeddable":true,"href":"https:\/\/www.cnbb.org.br\/cnbb-app\/wp\/v2\/users\/83"}],"replies":[{"embeddable":true,"href":"https:\/\/www.cnbb.org.br\/cnbb-app\/wp\/v2\/comments?post=33792"}],"version-history":[{"count":0,"href":"https:\/\/www.cnbb.org.br\/cnbb-app\/wp\/v2\/posts\/33792\/revisions"}],"wp:featuredmedia":[{"embeddable":true,"href":"https:\/\/www.cnbb.org.br\/cnbb-app\/wp\/v2\/media\/33793"}],"wp:attachment":[{"href":"https:\/\/www.cnbb.org.br\/cnbb-app\/wp\/v2\/media?parent=33792"}],"wp:term":[{"taxonomy":"category","embeddable":true,"href":"https:\/\/www.cnbb.org.br\/cnbb-app\/wp\/v2\/categories?post=33792"},{"taxonomy":"post_tag","embeddable":true,"href":"https:\/\/www.cnbb.org.br\/cnbb-app\/wp\/v2\/tags?post=33792"}],"curies":[{"name":"wp","href":"https:\/\/api.w.org\/{rel}","templated":true}]}}