{"id":33949,"date":"2019-04-18T00:00:00","date_gmt":"2019-04-18T03:00:00","guid":{"rendered":"https:\/\/www.cnbb.org.br\/instituicao-da-sagrada-eucaristia\/"},"modified":"2019-04-18T00:00:00","modified_gmt":"2019-04-18T03:00:00","slug":"instituicao-da-sagrada-eucaristia","status":"publish","type":"post","link":"https:\/\/www.cnbb.org.br\/instituicao-da-sagrada-eucaristia\/","title":{"rendered":"Institui\u00e7\u00e3o da Sagrada Eucaristia"},"content":{"rendered":"<p style=\"text-align: right\"><strong>Cardeal Orani Jo\u00e3o Tempesta<br \/>\n<\/strong><strong>Arcebispo Metropolitano de S\u00e3o Sebasti\u00e3o do Rio de Janeiro (RJ)<\/strong><\/p>\n<p style=\"text-align: justify\">O Tr\u00edduo Pascal \u00e9 aberto com a Missa da Ceia do Senhor. Nossa aten\u00e7\u00e3o neste dia sagrado de Quinta-Feira Santa est\u00e1 voltada para o altar do Senhor. O altar est\u00e1 no centro da casa sagrada, a nossa Catedral Metropolitana, casa de Deus, casa de irm\u00e3os e irm\u00e3s que se unem para a mais perfeita comunh\u00e3o.<\/p>\n<p style=\"text-align: justify\">\u00a0Somos o Povo de Deus, Igreja Santa, um povo que celebra a vida em comunh\u00e3o, com Deus e com os seus irm\u00e3os, mediados por sua Igreja, que a todos congrega em um \u00fanico esp\u00edrito, o Esp\u00edrito de Deus.<\/p>\n<p style=\"text-align: justify\">Nesta noite somos chamados a colocar no centro de nossa reflex\u00e3o o testamento de Cristo com quem o Senhor n\u00e3o deixa aos seus disc\u00edpulos uma heran\u00e7a material ou espiritual, mas a Si mesmo; Ele deixa Seu Corpo em sacrif\u00edcio e Seu Sangue derramado para a salva\u00e7\u00e3o do mundo.<\/p>\n<p style=\"text-align: justify\">A \u00daltima Ceia de Jesus, da qual fazemos mem\u00f3ria nesta liturgia sagrada, isto \u00e9 a sua morte na cruz, que meditaremos na Sexta-Feira Santa \u00e0 tarde, e a sua ressurrei\u00e7\u00e3o (iniciando com a grande e solene Vig\u00edlia Pascal), constituem os momentos de um mesmo mist\u00e9rio, o da P\u00e1scoa de Cristo, isto \u00e9, a sua passagem deste mundo para o mundo do Pai. Uma passagem dolorosa e alegre.<\/p>\n<p style=\"text-align: justify\">Quantas luzes, quantas vozes, quanta criatividade ao redor deste altar. Por\u00e9m, tamb\u00e9m somos advertidos por Jesus: se, portanto, trouxerdes a sua oferta ao altar e a\u00ed se lembrar de que seu irm\u00e3o tem algo contra voc\u00ea, deixe seu presente l\u00e1 diante do altar e v\u00e1 primeiro se reconciliar, (cf. Mt 5, 23 -24). Seria m\u00edstico, farisaico, vaidoso e enganoso, distrair-se desta responsabilidade. O altar \u00e9 o lugar do nosso encontro fraterno. Na mesa sagrada Jesus invariavelmente nos d\u00e1 um compromisso: Vem, e ver\u00e1s (cf. Jo 1, 39). Quem tem sede venha a mim e beba (cf. Jo 7, 37).<\/p>\n<p style=\"text-align: justify\">Em muitas ocasi\u00f5es Jesus quis significar este conv\u00edvio, como o sinal do Reino de Deus, que est\u00e1 pr\u00f3ximo. Conviv\u00eancia a partir da qual n\u00e3o exclui os pecadores para celebrar seu retorno ou para favorec\u00ea-lo.<\/p>\n<p style=\"text-align: justify\">Ao instituir o sacramento da Eucaristia, Jesus diz: \u201cEste \u00e9 o meu corpo que \u00e9 dado por v\u00f3s\u201d. \u201c\u00c9 como se ele estivesse dizendo: eu me coloco a seu servi\u00e7o. O ap\u00f3stolo Pedro se recusa a lavar os p\u00e9s e essa atitude de Cristo lhe d\u00e1 a oportunidade de explicar o verdadeiro significado de seu gesto incomum. Um gesto que vai muito al\u00e9m de uma raz\u00e3o de natureza humana ou um desejo de oferecer um exemplo, mas lembra a necessidade de ser &#8220;salvo&#8221;\u201d.<\/p>\n<p style=\"text-align: justify\">Jesus, em outras palavras, diz a S\u00e3o Pedro que ele n\u00e3o pode salvar a si mesmo por si mesmo, que ele n\u00e3o pode pensar em vencer o ego\u00edsmo e o pecado com sua pr\u00f3pria for\u00e7a, mas ele deve aceitar a salva\u00e7\u00e3o que o Senhor lhe deu por meio do sacrif\u00edcio.<\/p>\n<p style=\"text-align: justify\">Ao privilegiar este gesto, humilde e solene ao mesmo tempo realizado por Jesus, o evangelista nos revela o sentido profundo da Eucaristia e da cruz. N\u00f3s n\u00e3o celebramos a Eucaristia porque \u00e9 um belo ritual, mas para entrar na pr\u00f3pria l\u00f3gica do dom do amor de Cristo ao homem e para que o sacrif\u00edcio de Cristo invada toda a nossa vida.<\/p>\n<p style=\"text-align: justify\">Este \u00e9 o caso de Levi, que passou em um instante do banco de seus of\u00edcios para a mesa com Jesus, (cf Mc 2,13-15). Assim foi com Zaqueu e muitos outros: Jesus sentou-se \u00e0 mesa com os seus amigos.<\/p>\n<p style=\"text-align: justify\">H\u00e1 proximidade neste gesto, h\u00e1 intimidade, h\u00e1 amizade. H\u00e1 declara\u00e7\u00f5es in\u00e9ditas de amor; tome e coma; tome e beba. Ao redor da mesa, naquela noite, houve um come\u00e7o, olhares at\u00f4nitos, depois cheios de amor, como os nossos.<\/p>\n<p style=\"text-align: justify\">Se l\u00e1 estiv\u00e9ssemos naquela noite, certamente estar\u00edamos inebriados de tanto amor ao lado do amado, o nome est\u00e1 oculto; mas poderia ser cada um de n\u00f3s reunidos para celebrar esta santa ceia.<\/p>\n<p style=\"text-align: justify\">Do altar de m\u00e1rmore ao altar incandescente de amor, um altar de carne, vivo e palpitante. Ao redor do altar com aud\u00e1cia. O altar \u00e9, portanto, o lugar onde Jesus se entrega, faz uma refei\u00e7\u00e3o, Ele \u00e9 o cordeiro imolado.<\/p>\n<p style=\"text-align: justify\">Hoje tamb\u00e9m recordamos os crist\u00e3os primitivos, especialmente os m\u00e1rtires eles nos antecederam neste relacionamento de amor. As rel\u00edquias dos m\u00e1rtires est\u00e3o preservadas no m\u00e1rmore do altar; s\u00e3o crist\u00e3os que corresponderam a este amor, com amor e por isso deram suas vidas por Jesus.<\/p>\n<p style=\"text-align: justify\">Quem se senta \u00e0 mesa de Jesus aprende a fazer de sua vida um presente, uma obla\u00e7\u00e3o. Aprende a dar a vida no cotidiano. O altar \u00e9 uma mesa onde celebramos a imola\u00e7\u00e3o do Cordeiro: h\u00e1 aqueles que t\u00eam flores e luzes, aqueles que espalham toalhas de mesa, aqueles que espalham fragr\u00e2ncias e incenso. Sobre tudo, h\u00e1 aqueles que doam suas vidas, neste altar, todo os dias.<\/p>\n<p style=\"text-align: justify\">H\u00e1 ministros e h\u00e1 o sacerdote que age \u201cin persona Christi\u201d. Tamb\u00e9m h\u00e1 altares sem toalhas de mesa, sem flores, sem adornos e cobertos de p\u00f3. H\u00e1 altares em torno dos quais n\u00e3o h\u00e1 mais coroas, nem can\u00e7\u00f5es, nem luzes, altares sobre os quais o sacerdote n\u00e3o se levanta h\u00e1 anos. Sem a Eucaristia n\u00e3o h\u00e1 Igreja.<\/p>\n<p style=\"text-align: justify\">Estamos no ano sacerdotal arquidiocesano e somos chamados a agradecer a Deus pela beleza de ser sacerdote, de ter um chamado do sacerd\u00f3cio na fam\u00edlia, na comunidade, na Igreja. De ser testemunho cred\u00edvel do Cristo Ressuscitado e se exercer o seu minist\u00e9rio na mansid\u00e3o, na caridade, na miseric\u00f3rdia, gastando o seu minist\u00e9rio em favor de santificar o povo de Deus, sendo construtores de pontes e caminhando ao encontro dos que est\u00e3o afastados: sacerdotes que ajudam o povo santo de Deus a crescer na caridade, no amor e na miseric\u00f3rdia. Lembro, os padres de nosso presbit\u00e9rio, da sadia amizade presbiteral: sejamos homens que possamos louvar as virtudes daqueles que chegam ao nosso encontro e dos nossos pr\u00f3prios colegas. A boa fama das pessoas \u00e9 uma obriga\u00e7\u00e3o que cada padre deve zelar no seu minist\u00e9rio, porque como bom pai da comunidade, o presb\u00edtero \u00e9 aquele que primeiro acolhe. O padre \u00e9 aquele que cura as feridas do outro. A lealdade de uma a\u00e7\u00e3o apost\u00f3lica fortalece a caminhada sacerdotal. O padre \u00e9 aquele que vive a amizade samaritana para com todos.<\/p>\n<p style=\"text-align: justify\">Em volta da mesa est\u00e1 o futuro; a nossa aproxima\u00e7\u00e3o \u00e9 uma prefigura\u00e7\u00e3o da unidade dos filhos de Deus. Em uma forma estilizada, nosso destino \u00e9 antecipado; tornar-se a fam\u00edlia dos filhos de Deus. O altar, um vislumbre do futuro.<\/p>\n<p style=\"text-align: justify\">Ao redor do altar estamos como pecadores, mas no processo de convers\u00e3o. Com o fardo de nossos trabalhos e nossos relacionamentos nem sempre \u00e9 f\u00e1cil, mas buscamos estar reconciliados.<\/p>\n<p style=\"text-align: justify\">Na Quinta-feira Santa aparece um sinal mais vis\u00edvel e fascinante em um grau elevado de significa\u00e7\u00e3o e demonstra\u00e7\u00e3o radical do amor de Deus: o gesto do lava p\u00e9s. O Senhor quer que subamos ao altar purificados. N\u00e3o nos sintamos humilhados pelo convite para a confiss\u00e3o de nossas falhas. Seria mais humilhante nos declararmos irrespons\u00e1veis \u200b\u200bpelo pecado.<\/p>\n<p style=\"text-align: justify\">Altar, lugar do relacionamento amoroso e sincero com o Senhor; Ele quer que sejamos fi\u00e9is nesta comunh\u00e3o de irm\u00e3os que todos os dias, todos os domingos conforme nos pede a santa M\u00e3e Igreja.<\/p>\n<p style=\"text-align: justify\">Estamos em sua casa, ao redor do altar para celebrar a mais perfeita comunh\u00e3o sagrada, a mem\u00f3ria do Senhor. N\u00e3o por preceito, mas por amor. \u00c9 indispens\u00e1vel, ent\u00e3o, reconstruir a verdadeira rela\u00e7\u00e3o com Jesus. \u201cTodos os olhos estavam fixos nele\u201d. (cf Lc 4, 20), Tamb\u00e9m os sacerdotes, s\u00e3o chamados a manter o olhar fixo em Jesus; de modo especial, s\u00e3o sacerdotes porque, como bem sabemos, a vitalidade e fecundidade como pastores nascem e se fortalecem justamente na \u00edntima uni\u00e3o com Jesus Cristo.<\/p>\n<p style=\"text-align: justify\">Os sacerdotes, pastores do rebanho, s\u00e3o os trabalhadores da vinha, e devem primeiro deixar-se converter; para de fato fazerem a experi\u00eancia de Jesus Cristo e com Jesus Cristo, sempre com o olhar fixo Nele.<\/p>\n<p style=\"text-align: justify\">O testemunho sacerdotal faz com que o povo, tamb\u00e9m viva esta mesma experi\u00eancia de intimidade e encontro pessoal com o Senhor, (cf. Hb 12, 1-13). O profeta Isa\u00edas descreve algumas caracter\u00edsticas do ungido do Senhor indicando o estilo de vida.<\/p>\n<p style=\"text-align: justify\">Jesus atrai sobre si a figura do Messias, do ungido do Senhor e, diante de todos, declara, quase com um manifesto program\u00e1tico, sua voca\u00e7\u00e3o e miss\u00e3o no mundo. O Sacerdote \u00e9 chamado a dar a sua vida por Jesus atrav\u00e9s do seu minist\u00e9rio, um minist\u00e9rio da caridade.<\/p>\n<p style=\"text-align: justify\">Esta \u00e9 a liberdade, n\u00e3o um \u201csim\u201d formal, mas o sim generoso e sincero, um Sim \u00e0 vida, iluminado por aquele magnifico Sim de Maria, que hoje encoraja e revigora o Sim ministerial a servi\u00e7o do altar, para dar a vida em favor do Povo, por amor, como fez Jesus\u00a0 Cristo o eterno e grande sacerdote do Pai.<\/p>\n<p style=\"text-align: justify\">A Santa Missa \u201c<em>in Coena Domini<\/em>\u201d, isto \u00e9, no banquete sagrado da ceia, recorda aquela \u00daltima Ceia do Senhor com os seus disc\u00edpulos, na qual lhes deu o mandamento do amor, depois de terem lavado os p\u00e9s e institu\u00eddo os sacramentos da Eucaristia, e das Ordens Sagradas.<\/p>\n<p style=\"text-align: justify\">\u201cAos seus disc\u00edpulos, Jesus deixa uma ordem, um convite:&#8221; Fa\u00e7a isso em mem\u00f3ria de mim\u201d. A palavra \u201cmem\u00f3ria\u201d na Sagrada Escritura tem um significado muito particular. N\u00e3o significa apenas comemorar, mas fazer-se presente, atualizar.<\/p>\n<p style=\"text-align: justify\">A Eucaristia, portanto, n\u00e3o \u00e9 uma comemora\u00e7\u00e3o pura da Paix\u00e3o e da Morte de Jesus, mas \u00e9 uma atualiza\u00e7\u00e3o para n\u00f3s hoje, do sacrif\u00edcio de Cristo na Cruz &#8211; a Eucaristia alimenta a vida da Igreja na certeza inabal\u00e1vel de que ela n\u00e3o est\u00e1 sozinha nas tribula\u00e7\u00f5es e prova\u00e7\u00f5es.<\/p>\n<p style=\"text-align: justify\">Estamos conscientes de que apesar dos acontecimentos dram\u00e1ticos da hist\u00f3ria, a Igreja \u00e9 incessantemente apoiada e guiada pelo amor onipotente do seu Senhor.<\/p>\n<p style=\"text-align: justify\">Verdadeiramente na Eucaristia, Cristo fez a promessa que fez aos seus disc\u00edpulos de uma maneira incr\u00edvel e extraordin\u00e1ria, antes de retornar ao Pai: \u201cEis que estou contigo todos os dias at\u00e9 o fim do mundo\u201d.<\/p>\n<p style=\"text-align: justify\">A Eucaristia \u00e9 a presen\u00e7a de Deus em nosso meio. O texto do Evangelho termina com estas palavras: \u201cEu vos dei este exemplo, para que, como eu fiz, tamb\u00e9m v\u00f3s deveis fazer\u201d.<\/p>\n<p style=\"text-align: justify\">E assim, toda vez que celebramos a sagrada Eucaristia, a humanidade se reconcilia com Deus, a lei do amor \u00e9 escrita novamente no cora\u00e7\u00e3o do homem, a nova criatura \u00e9 regenerada.<\/p>\n<p style=\"text-align: justify\">Vivemos em comunh\u00e3o com Deus e com nossos irm\u00e3os, encontramos for\u00e7a na jornada, muitas vezes dif\u00edcil, por\u00e9m, devemos sempre lembrar que nos tornamos participantes da vida eterna, a alegria que dissolve a tristeza e floresce no cora\u00e7\u00e3o da Igreja.<\/p>\n<p style=\"text-align: justify\">Agradecemos ao Senhor por este imenso presente, aprendemos a desfrutar da sua presen\u00e7a entre n\u00f3s e a deixar-nos transformar pelo seu amor. Nossa Gratid\u00e3o aos irm\u00e3os e amados sacerdotes pelo SIM dado no cotidiano da vida e do minist\u00e9rio sagrado.<\/p>\n","protected":false},"excerpt":{"rendered":"<p>Cardeal Orani Jo\u00e3o Tempesta Arcebispo Metropolitano de S\u00e3o Sebasti\u00e3o do Rio de Janeiro (RJ) O Tr\u00edduo Pascal \u00e9 aberto com a Missa da Ceia do Senhor. Nossa aten\u00e7\u00e3o neste dia sagrado de Quinta-Feira Santa est\u00e1 voltada para o altar do Senhor. O altar est\u00e1 no centro da casa sagrada, a nossa Catedral Metropolitana, casa de &hellip;<\/p>\n<p class=\"read-more\"> <a class=\"\" href=\"https:\/\/www.cnbb.org.br\/instituicao-da-sagrada-eucaristia\/\"> <span class=\"screen-reader-text\">Institui\u00e7\u00e3o da Sagrada Eucaristia<\/span> Leia mais &raquo;<\/a><\/p>\n","protected":false},"author":31,"featured_media":0,"comment_status":"closed","ping_status":"open","sticky":false,"template":"","format":"standard","meta":{"site-sidebar-layout":"default","site-content-layout":"default","ast-global-header-display":"","ast-banner-title-visibility":"","ast-main-header-display":"","ast-hfb-above-header-display":"","ast-hfb-below-header-display":"","ast-hfb-mobile-header-display":"","site-post-title":"","ast-breadcrumbs-content":"","ast-featured-img":"","footer-sml-layout":"","theme-transparent-header-meta":"","adv-header-id-meta":"","stick-header-meta":"","header-above-stick-meta":"","header-main-stick-meta":"","header-below-stick-meta":""},"categories":[758],"tags":[],"acf":[],"_links":{"self":[{"href":"https:\/\/www.cnbb.org.br\/cnbb-app\/wp\/v2\/posts\/33949"}],"collection":[{"href":"https:\/\/www.cnbb.org.br\/cnbb-app\/wp\/v2\/posts"}],"about":[{"href":"https:\/\/www.cnbb.org.br\/cnbb-app\/wp\/v2\/types\/post"}],"author":[{"embeddable":true,"href":"https:\/\/www.cnbb.org.br\/cnbb-app\/wp\/v2\/users\/31"}],"replies":[{"embeddable":true,"href":"https:\/\/www.cnbb.org.br\/cnbb-app\/wp\/v2\/comments?post=33949"}],"version-history":[{"count":0,"href":"https:\/\/www.cnbb.org.br\/cnbb-app\/wp\/v2\/posts\/33949\/revisions"}],"wp:attachment":[{"href":"https:\/\/www.cnbb.org.br\/cnbb-app\/wp\/v2\/media?parent=33949"}],"wp:term":[{"taxonomy":"category","embeddable":true,"href":"https:\/\/www.cnbb.org.br\/cnbb-app\/wp\/v2\/categories?post=33949"},{"taxonomy":"post_tag","embeddable":true,"href":"https:\/\/www.cnbb.org.br\/cnbb-app\/wp\/v2\/tags?post=33949"}],"curies":[{"name":"wp","href":"https:\/\/api.w.org\/{rel}","templated":true}]}}