{"id":34005,"date":"2019-04-30T00:00:00","date_gmt":"2019-04-30T03:00:00","guid":{"rendered":"https:\/\/www.cnbb.org.br\/cnbb-divulga-mensagem-por-ocasiao-do-dia-do-trabalhador-e-da-trabalhadora-do-brasil\/"},"modified":"2020-10-23T17:05:38","modified_gmt":"2020-10-23T20:05:38","slug":"cnbb-divulga-mensagem-por-ocasiao-do-dia-do-trabalhador-e-da-trabalhadora-do-brasil","status":"publish","type":"post","link":"https:\/\/www.cnbb.org.br\/cnbb-divulga-mensagem-por-ocasiao-do-dia-do-trabalhador-e-da-trabalhadora-do-brasil\/","title":{"rendered":"1\u00ba de maio: Dia do trabalhador"},"content":{"rendered":"<p style=\"text-align: justify\">Por ocasi\u00e3o do 1\u00ba de maio &#8211; data em que se celebra o Dia do Trabalhador (a), a Confer\u00eancia Nacional dos Bispos do Brasil (CNBB) divulga mensagem aos trabalhadores e \u00e0s trabalhadoras brasileiros e se une eles manifestando-lhes estima, solidariedade e gratid\u00e3o.<\/p>\n<p style=\"text-align: justify\">A mensagem afirma a urg\u00eancia de assegurar o direito ao trabalho e reafirma &#8220;a dignidade dos trabalhadores e trabalhadoras, de modo a garantir seu justo sustento e de suas fam\u00edlias, combatendo o desemprego, o trabalho escravo, a precariza\u00e7\u00e3o das rela\u00e7\u00f5es de trabalho e a perda de direitos trabalhistas, dentre outros problemas que t\u00eam causado tanto sofrimento ao povo brasileiro&#8221;.<\/p>\n<p style=\"text-align: justify\">Ainda segundo o documento, a presid\u00eancia da CNBB manifesta, de modo especial, a preocupa\u00e7\u00e3o com o grave problema do desemprego. &#8220;A flexibiliza\u00e7\u00e3o de direitos dos trabalhadores, institucionalizada pela lei 13.467 de 2017, como solu\u00e7\u00e3o para superar\u00a0 a crise, mostrou-se ineficiente. Al\u00e9m de suscitar questionamentos \u00e9ticos, o desemprego aumentou e j\u00e1 s\u00e3o mais de treze milh\u00f5es de desempregados. O Estado n\u00e3o pode abrir m\u00e3o do seu papel de mediador das rela\u00e7\u00f5es trabalhistas, numa sociedade democr\u00e1tica&#8221;.<\/p>\n<p style=\"text-align: justify\">Eis a \u00edntegra da Mensagem:<\/p>\n<p>&nbsp;<\/p>\n<blockquote>\n<p style=\"text-align: center\"><strong>Mensagem por ocasi\u00e3o do 1\u00ba de maio: Dia do Trabalhador e da Trabalhadora<\/strong><\/p>\n<p style=\"text-align: right\"><em>\u201cDo trabalho de tuas m\u00e3os comer\u00e1s, ser\u00e1s feliz, tudo ir\u00e1 bem\u201d (Sl 128,2)<\/em><\/p>\n<p style=\"text-align: justify\">A Confer\u00eancia Nacional dos Bispos do Brasil \u2013 CNBB, atrav\u00e9s de sua Presid\u00eancia, iluminada pela Palavra de Deus e a Doutrina Social da Igreja, se une aos trabalhadores e \u00e0s trabalhadoras, da cidade e do campo, por ocasi\u00e3o do dia 1\u00ba de maio, manifestando-lhes estima, solidariedade e gratid\u00e3o.<\/p>\n<p style=\"text-align: justify\">O trabalho digno, para al\u00e9m de cumprir a necess\u00e1ria tarefa de prover as necessidades materiais, \u201cconstitui uma dimens\u00e3o fundamental da exist\u00eancia do ser humano sobre a terra\u201d (<em>Laborem Exercens<\/em>, 4) e de sua participa\u00e7\u00e3o na obra do Criador. Urge assegurar o direito ao trabalho e reafirmar a dignidade dos trabalhadores e trabalhadoras, de modo a garantir seu justo sustento e de suas fam\u00edlias, combatendo o desemprego, o trabalho escravo, a precariza\u00e7\u00e3o das rela\u00e7\u00f5es de trabalho e a perda de direitos trabalhistas, dentre outros problemas que t\u00eam causado tanto sofrimento ao povo brasileiro. Para tanto, \u00e9 indispens\u00e1vel a atua\u00e7\u00e3o dos Poderes P\u00fablicos, bem como a participa\u00e7\u00e3o da sociedade civil: empres\u00e1rios, sindicatos, igrejas, trabalhadores e trabalhadoras. Neste esfor\u00e7o, como ensina o Papa Francisco, \u201c\u00e9 preciso reconhecer um grande m\u00e9rito \u00e0queles empres\u00e1rios que, apesar de tudo, n\u00e3o deixaram de se comprometer, de investir e arriscar para garantir o emprego\u201d (Papa Francisco, 22 de setembro de 2013). Ao mesmo tempo, devemos reconhecer o valor dos sindicatos, express\u00e3o do perfil prof\u00e9tico da sociedade (Papa Francisco, 28 de junho de 2017).<\/p>\n<p style=\"text-align: justify\">Reafirmamos o princ\u00edpio orientador da Doutrina Social da Igreja sobre a primazia do trabalho e do bem comum sobre o lucro e o capital. Nos nossos dias, difunde-se o paradigma da utilidade econ\u00f4mica como princ\u00edpio das rela\u00e7\u00f5es sociais e, por isso, de trabalho, almejando a maior quantidade poss\u00edvel de lucro, imediatamente e a todo o custo, em detrimento da dignidade e dos direitos dos trabalhadores e das trabalhadoras.<\/p>\n<p style=\"text-align: justify\">Manifestamos, de modo especial, a nossa preocupa\u00e7\u00e3o com o grave problema do desemprego. A flexibiliza\u00e7\u00e3o de direitos dos trabalhadores, institucionalizada pela lei 13.467 de 2017, como solu\u00e7\u00e3o para superar\u00a0 a crise, mostrou-se ineficiente. Al\u00e9m de suscitar questionamentos \u00e9ticos, o desemprego aumentou e j\u00e1 s\u00e3o mais de treze milh\u00f5es de desempregados. O Estado n\u00e3o pode abrir m\u00e3o do seu papel de mediador das rela\u00e7\u00f5es trabalhistas, numa sociedade democr\u00e1tica.<\/p>\n<p style=\"text-align: justify\">A participa\u00e7\u00e3o dos trabalhadores e dos sindicatos, na discuss\u00e3o da Previd\u00eancia social, \u00e9 fundamental para a preserva\u00e7\u00e3o da dignidade dos trabalhadores e de sua justa e digna aposentadoria, especialmente dos que se encontram mais fragilizados na sociedade. Reconhecer a necessidade de avaliar o sistema n\u00e3o permite desistir da l\u00f3gica da solidariedade e da prote\u00e7\u00e3o social atrav\u00e9s da capitaliza\u00e7\u00e3o, como prop\u00f5e a PEC 06\/2019. Tamb\u00e9m n\u00e3o \u00e9 \u00e9tico desconstitucionalizar regras da Previd\u00eancia, inseridas na Constitui\u00e7\u00e3o de 1988.<\/p>\n<p style=\"text-align: justify\">Nosso olhar volta-se tamb\u00e9m para os jovens. Segundo o Papa Francisco, o desemprego juvenil \u00e9 a \u201cprimeira e mais grave\u201d forma de exclus\u00e3o e de marginaliza\u00e7\u00e3o dos jovens (<em>Christus Vivit<\/em>, 270). A impossibilidade de trabalho gera a perda do sentido da vida e, consequentemente, leva \u00e0 pobreza e \u00e0 marginaliza\u00e7\u00e3o.<\/p>\n<p style=\"text-align: justify\">Incentivamos os trabalhadores e trabalhadoras e as suas organiza\u00e7\u00f5es a colaborarem ativamente na constru\u00e7\u00e3o de uma economia justa e de uma sociedade democr\u00e1tica.<\/p>\n<p style=\"text-align: justify\">Trabalhadores e trabalhadoras, sobre cada um de voc\u00eas e de suas fam\u00edlias, suplicamos as b\u00ean\u00e7\u00e3os de Deus, pela intercess\u00e3o de S\u00e3o Jos\u00e9 Oper\u00e1rio e Nossa Senhora Aparecida, Padroeira do Brasil.<\/p>\n<p>&nbsp;<\/p>\n<p style=\"text-align: center\"><strong>Cardeal Sergio da Rocha<\/strong><br \/>\n<em>Arcebispo de Bras\u00edlia<br \/>\n<\/em><em>Presidente da CNBB<\/em><\/p>\n<p style=\"text-align: center\"><strong>Dom Murilo S.R. Krieger, SCJ<\/strong><br \/>\n<em>Arcebispo de S\u00e3o Salvador<br \/>\n<\/em><em>Vice-Presidente da CNBB<\/em><\/p>\n<p style=\"text-align: center\"><strong>Dom Leonardo U. Steiner, OFM<\/strong><br \/>\n<em>Bispo Auxiliar de Bras\u00edlia<br \/>\n<\/em><em>Secret\u00e1rio-Geral da CNBB<\/em><\/p>\n<p style=\"text-align: center\">Bras\u00edlia-DF, 1\u00ba de maio de 2019<\/p>\n<\/blockquote>\n","protected":false},"excerpt":{"rendered":"<p>CNBB divulga sua mensagem aos trabalhadores e trabalhadoras brasileiros<\/p>\n","protected":false},"author":83,"featured_media":1180,"comment_status":"closed","ping_status":"open","sticky":false,"template":"","format":"standard","meta":{"site-sidebar-layout":"default","site-content-layout":"default","ast-global-header-display":"","ast-banner-title-visibility":"","ast-main-header-display":"","ast-hfb-above-header-display":"","ast-hfb-below-header-display":"","ast-hfb-mobile-header-display":"","site-post-title":"","ast-breadcrumbs-content":"","ast-featured-img":"","footer-sml-layout":"","theme-transparent-header-meta":"","adv-header-id-meta":"","stick-header-meta":"","header-above-stick-meta":"","header-main-stick-meta":"","header-below-stick-meta":""},"categories":[783],"tags":[3035],"acf":[],"_links":{"self":[{"href":"https:\/\/www.cnbb.org.br\/cnbb-app\/wp\/v2\/posts\/34005"}],"collection":[{"href":"https:\/\/www.cnbb.org.br\/cnbb-app\/wp\/v2\/posts"}],"about":[{"href":"https:\/\/www.cnbb.org.br\/cnbb-app\/wp\/v2\/types\/post"}],"author":[{"embeddable":true,"href":"https:\/\/www.cnbb.org.br\/cnbb-app\/wp\/v2\/users\/83"}],"replies":[{"embeddable":true,"href":"https:\/\/www.cnbb.org.br\/cnbb-app\/wp\/v2\/comments?post=34005"}],"version-history":[{"count":0,"href":"https:\/\/www.cnbb.org.br\/cnbb-app\/wp\/v2\/posts\/34005\/revisions"}],"wp:featuredmedia":[{"embeddable":true,"href":"https:\/\/www.cnbb.org.br\/cnbb-app\/wp\/v2\/media\/1180"}],"wp:attachment":[{"href":"https:\/\/www.cnbb.org.br\/cnbb-app\/wp\/v2\/media?parent=34005"}],"wp:term":[{"taxonomy":"category","embeddable":true,"href":"https:\/\/www.cnbb.org.br\/cnbb-app\/wp\/v2\/categories?post=34005"},{"taxonomy":"post_tag","embeddable":true,"href":"https:\/\/www.cnbb.org.br\/cnbb-app\/wp\/v2\/tags?post=34005"}],"curies":[{"name":"wp","href":"https:\/\/api.w.org\/{rel}","templated":true}]}}