{"id":340881,"date":"2021-07-07T13:53:48","date_gmt":"2021-07-07T16:53:48","guid":{"rendered":"https:\/\/www.cnbb.org.br\/?p=340881"},"modified":"2021-07-07T16:12:59","modified_gmt":"2021-07-07T19:12:59","slug":"organismos-motivam-povo-de-deus-a-participar-do-momento-de-escuta-na-assembleia-eclesial-da-america-latina-e-caribe","status":"publish","type":"post","link":"https:\/\/www.cnbb.org.br\/organismos-motivam-povo-de-deus-a-participar-do-momento-de-escuta-na-assembleia-eclesial-da-america-latina-e-caribe\/","title":{"rendered":"Organismos motivam Povo de Deus a participar do momento de escuta na Assembleia Eclesial da Am\u00e9rica Latina e Caribe"},"content":{"rendered":"<p style=\"text-align: justify;\">A Confer\u00eancia Nacional dos Bispos do Brasil (CNBB) tem realizado articula\u00e7\u00f5es com representantes de todos os organismos e pastorais da Igreja no Brasil com a miss\u00e3o de animar o processo de escuta na Assembleia Eclesial da Am\u00e9rica Latina e Caribe, organizada pelo Conselho Episcopal Latino Americano (Celam). O objetivo dessa prepara\u00e7\u00e3o \u00e9 \u201cgerar diversos di\u00e1logos e atividades que ser\u00e3o o fio condutor de todo o processo de discernimento at\u00e9 e durante a Assembleia\u201d.<\/p>\n<p style=\"text-align: justify;\">A participa\u00e7\u00e3o de todo o povo de Deus foi incentivada pelo Papa Francisco em sua sauda\u00e7\u00e3o no lan\u00e7amento da Assembleia, em janeiro deste ano: \u201ca Igreja se d\u00e1 ao partir o p\u00e3o, a Igreja se d\u00e1 com todos sem exclus\u00e3o, e uma assembleia eclesial \u00e9 um sinal disso: de uma Igreja sem exclus\u00e3o\u201d.<\/p>\n<p style=\"text-align: justify;\">E \u00e9 neste contexto que o Conselho Nacional do Laicato do Brasil (CNLB) &#8211; organismo de articula\u00e7\u00e3o, organiza\u00e7\u00e3o e representa\u00e7\u00e3o dos crist\u00e3os leigos e leigas &#8211; tem motivado todo o laicato a participar desse momento de escuta.<\/p>\n<p style=\"text-align: justify;\">S\u00f4nia Gomes, presidente do CNLB, explicou que tem visitado v\u00e1rios locais do pa\u00eds, em v\u00e1rios grupos diferentes, para realizar as forma\u00e7\u00f5es. &#8220;O foco \u00e9 falar sobre a Assembleia e apontar os passos para que os crist\u00e3os leigos possam estar respondendo a esse processo de escuta e tamb\u00e9m sugerindo para que n\u00e3o fique somente no espa\u00e7o do Conselho de Leigos, mas que incentive as pastorais e os movimentos&#8221;.<\/p>\n<p style=\"text-align: justify;\">De acordo com ela, os processos que est\u00e3o sendo utilizados fazem parte de uma metodologia, da qual \u00e9 poss\u00edvel participar atrav\u00e9s de atividades comunit\u00e1rias, f\u00f3runs tem\u00e1ticos e contribui\u00e7\u00f5es individuais. <span style=\"font-size: 16px;\">&#8220;Cada grupo, cada regional visitado tem feito experi\u00eancias diversificadas&#8221;, disse. <\/span><\/p>\n<p style=\"text-align: justify;\"><span style=\"font-size: 16px;\">No caso individual, S\u00f4nia afirmou que o CNLB tem sugerido que cada pessoa responda individualmente.<\/span><\/p>\n<blockquote>\n<p style=\"text-align: justify;\">&#8220;O que temos sugerido tamb\u00e9m \u00e9 a resposta coletiva, em grupos, para que se possa incentivar tamb\u00e9m o pr\u00f3prio CNLB regional a responder, mas tamb\u00e9m que possa auxiliar as diversas outras pastorais, animando. H\u00e1 outros grupos em outros regionais que pegaram a plataforma e a transcreveram e est\u00e1 passando para as pessoas fazerem em grupos como f\u00f3runs tem\u00e1ticos&#8221;, disse.<\/p>\n<\/blockquote>\n<p style=\"text-align: justify;\">A outra experi\u00eancia contada por S\u00f4nia s\u00e3o as reflex\u00f5es feitas a partir de plataformas online de reuni\u00f5es. &#8220;Cada regional em que estamos indo tem metodologias interessantes para responder, mas o que est\u00e1 ficando mais bonito para mim nessa experi\u00eancia \u00e9 esse compromisso do batizado em estar assumindo esse processo de escuta&#8221;, disse.<\/p>\n<p style=\"text-align: justify;\">Um outro aspecto de import\u00e2ncia citado por S\u00f4nia \u00e9 a retomada do Documento de Aparecida. &#8220;Isso tem levado as pessoas a uma reflex\u00e3o do Documento, a uma retomada da leitura, que tamb\u00e9m \u00e9 uma proposta da Assembleia Eclesial&#8221;, contou.<\/p>\n<p style=\"text-align: justify;\">A agenda da S\u00f4nia tem ficado cheia. S\u00f3 nesta semana, ela estar\u00e1 em 8 lugares diferentes do pa\u00eds para acompanhar os pequenos grupos de reflex\u00e3o de dioceses e pastorais.<\/p>\n<blockquote>\n<p style=\"text-align: justify;\">&#8220;Entendemos esse momento como uma nova primavera para a Igreja na Am\u00e9rica Latina, mas especificamente para a Igreja no Brasil. Temos visto como um processo de sinodalidade para a Igreja; um processo de reconstru\u00e7\u00e3o para a Igreja; e essa oportunidade da Assembleia est\u00e1 nos levando a uma Igreja em Sa\u00edda&#8221;, disse.<\/p>\n<\/blockquote>\n<h3 style=\"text-align: justify;\"><strong>Algumas experi\u00eancias<\/strong><\/h3>\n<p style=\"text-align: justify;\">No dia 19 de junho houve a forma\u00e7\u00e3o com a Comiss\u00e3o do Laicato, do regional Norte 1 da CNBB, sobre a escuta da Assembleia Eclesial do Celam, com a assessoria de S\u00f4nia Gomes e dom Ionilton Lisboa.<\/p>\n<p><img decoding=\"async\" loading=\"lazy\" class=\"aligncenter wp-image-340984\" src=\"https:\/\/www.cnbb.org.br\/wp-content\/uploads\/2021\/07\/Norte-1.jpg\" alt=\"\" width=\"513\" height=\"268\" srcset=\"https:\/\/www.cnbb.org.br\/wp-content\/uploads\/2021\/07\/Norte-1.jpg 960w, https:\/\/www.cnbb.org.br\/wp-content\/uploads\/2021\/07\/Norte-1-300x157.jpg 300w, https:\/\/www.cnbb.org.br\/wp-content\/uploads\/2021\/07\/Norte-1-768x401.jpg 768w, https:\/\/www.cnbb.org.br\/wp-content\/uploads\/2021\/07\/Norte-1-500x261.jpg 500w\" sizes=\"(max-width: 513px) 100vw, 513px\" \/><\/p>\n<p style=\"text-align: justify;\">No dia 17 de junho, o CNLB do regional Nordeste 2 realizou a forma\u00e7\u00e3o sobre a prepara\u00e7\u00e3o da escuta para a Assembleia Eclesial do Celam, com a assessoria de S\u00f4nia Gomes, presidente do CNLB.<\/p>\n<div class=\"ast-oembed-container\" style=\"height: 100%;\">\n<div style=\"max-width: 1333px;\">\n<div style=\"left: 0; width: 100%; height: 0; position: relative; padding-bottom: 56.25%;\"><iframe title=\"Forma\u00e7\u00e3o CNLB REG NE2 - Assembleia Eclesial da Am\u00e9rica Latina e do Caribe\" src=\"https:\/\/www.youtube.com\/embed\/bPdbABeRNoo?rel=0\" style=\"border: 0; top: 0; left: 0; width: 100%; height: 100%; position: absolute;\" allowfullscreen scrolling=\"no\" allow=\"encrypted-media; accelerometer; clipboard-write; gyroscope; picture-in-picture\"><\/iframe><\/div>\n<\/div>\n<\/div>\n<p>&nbsp;<\/p>\n<p style=\"text-align: justify;\">A Comiss\u00e3o Diocesana para o Laicato do regional Nordeste 1 promoveu um encontro com crist\u00e3os leigos, referenciais de cada par\u00f3quia (indicados pelos p\u00e1rocos) que far\u00e3o parte do grupo de articula\u00e7\u00e3o, a fim de promover a representatividade, organiza\u00e7\u00e3o e o protagonismo laical na diocese. Teve como assessor Batista Silva, da diocese de Crato, trazendo a reflex\u00e3o sobre o significado e import\u00e2ncia do organismo (CNLB) na vida dos crist\u00e3os leigos. Finalizando o encontro com a b\u00ean\u00e7\u00e3o do padre Michael, referencial para o laicato na diocese.<\/p>\n<p><img decoding=\"async\" loading=\"lazy\" class=\"aligncenter wp-image-340990\" src=\"https:\/\/www.cnbb.org.br\/wp-content\/uploads\/2021\/07\/Tianguajpg.jpg\" alt=\"\" width=\"492\" height=\"276\" srcset=\"https:\/\/www.cnbb.org.br\/wp-content\/uploads\/2021\/07\/Tianguajpg.jpg 960w, https:\/\/www.cnbb.org.br\/wp-content\/uploads\/2021\/07\/Tianguajpg-300x168.jpg 300w, https:\/\/www.cnbb.org.br\/wp-content\/uploads\/2021\/07\/Tianguajpg-768x431.jpg 768w, https:\/\/www.cnbb.org.br\/wp-content\/uploads\/2021\/07\/Tianguajpg-500x281.jpg 500w\" sizes=\"(max-width: 492px) 100vw, 492px\" \/><\/p>\n<h3><strong>Confer\u00eancia dos Religiosos do Brasil (CRB)<\/strong><\/h3>\n<p style=\"text-align: justify;\">A Vida Religiosa Consagrada do Brasil tamb\u00e9m est\u00e1 fazendo sua parte no processo de escuta. Desde o dia 12 de junho, a Confer\u00eancia dos Religiosos do Brasil (CRB) tem realizado momentos formativos.<\/p>\n<p style=\"text-align: justify;\">Irm\u00e3 Maria In\u00eas Ribeiro, presidente da CRB, reiterou que Assembleia n\u00e3o \u00e9 apenas de bispos ou de uma elite, como o Santo Padre tamb\u00e9m menciona, mas de todo o Povo de Deus. &#8220;Da\u00ed o seu car\u00e1cter sinodal, que significa literalmente caminhar juntos: leigos, leigas, religiosos e religiosas, di\u00e1conos, seminaristas, sacerdotes, bispos e todas as pessoas de boa vontade que desejam fazer parte deste caminhar em comunidade&#8221;, disse.<\/p>\n<blockquote>\n<p style=\"text-align: justify;\">&#8220;Destaco, queridas Irm\u00e3s e queridos Irm\u00e3os, que \u00e9 de suma import\u00e2ncia a nossa participa\u00e7\u00e3o. Se almejamos uma Igreja Sinodal e caminhamos com nosso Pastor, o Papa Francisco, esta hora \u00e9 nossa! Entremos no Barco! Juntos\/as, ou n\u00e3o somos Igreja!&#8221;, exortou a irm\u00e3 Maria In\u00eas.<\/p>\n<\/blockquote>\n<h4 style=\"text-align: justify;\"><strong>Confira algumas das iniciativas j\u00e1 realizadas pela CRB:<\/strong><\/h4>\n<p style=\"text-align: justify;\">Dia 12 de junho, \u00e0s 20h, houve uma videoconfer\u00eancia com o tema <strong>&#8220;Fundamentos para a prepara\u00e7\u00e3o \u00e0 I Assembleia Eclesial Latino Americana&#8221;<\/strong>, com assessoria do padre Agenor Brighenti. A live foi aberta a toda a vida religiosa consagrada.<\/p>\n<p style=\"text-align: justify;\">Dia 14 de junho \u2013 Das 15 \u00e0s 16h30 &#8211; Houve um momento com superiores maiores: gerais e provinciais e conselheiros\/as.<\/p>\n<p style=\"text-align: justify;\">Dia 18 de junho &#8211; Das 15 \u00e0s 16h30 &#8211; Houve uma live com os formadores\/as e coordenadores\/as de comunidades.<\/p>\n<p style=\"text-align: justify;\">Dia 22 de junho &#8211; Das 20 \u00e0s 21h30 &#8211; Houve uma live com Novas Gera\u00e7\u00f5es da Vida Consagrada &#8211; religiosos\/as junioristas e professos\/as at\u00e9 10 anos de votos perp\u00e9tuos.<\/p>\n<p style=\"text-align: justify;\">Dia 26 de junho &#8211; Houve uma forma\u00e7\u00e3o permanente para todos\/as os religiosos\/as.<\/p>\n<p style=\"text-align: justify;\">Dia 28 de junho &#8211; Houve uma forma\u00e7\u00e3o com todos os\/as formandos\/as das etapas da filosofia (n\u00e3o professos), novi\u00e7os\/as, postulantes e aspirantes.<\/p>\n<h3><strong>CBJP<\/strong><\/h3>\n<p style=\"text-align: justify;\">A Comiss\u00e3o Brasileira Justi\u00e7a e Paz (CBJP), por meio do Observat\u00f3rio Racial Dom Jos\u00e9 Maria Pires, realizar\u00e1 nos dias 09 e 10 de julho deste 2021, o evento <strong>\u201cDesafios para a Igreja pensar as rela\u00e7\u00f5es raciais a partir do Brasil\u201d<\/strong>. Trata-se de um evento preparat\u00f3rio para o processo de escuta para a Assembleia Eclesial da Am\u00e9rica Latina e do Caribe.<\/p>\n<p style=\"text-align: justify;\">Constam na programa\u00e7\u00e3o videoconfer\u00eancias com dom Limacedo Ant\u00f4nio, bispo auxiliar de Olinda e Recife, no dia 9. E no dia 10 uma outra videoconfer\u00eancia com a S\u00f4nia Gomes, padre Manoel Godoy e padre Francisco Aquino Jr.<\/p>\n<p style=\"text-align: justify;\">As inscri\u00e7\u00f5es para participar da Escuta Eclesial com recorte \u00c9tnico Racial podem ser feitas (<a href=\"https:\/\/docs.google.com\/forms\/d\/e\/1FAIpQLSfyqM7afhbz8V-Gclci608PaSt4dpOq8LJagIho_eeCnOtBkQ\/viewform\" target=\"_blank\" rel=\"noopener\">AQUI<\/a>).<\/p>\n","protected":false},"excerpt":{"rendered":"<p>A Confer\u00eancia Nacional dos Bispos do Brasil (CNBB) tem realizado articula\u00e7\u00f5es com representantes de todos os organismos e pastorais da Igreja no Brasil com a miss\u00e3o de animar o processo de escuta na Assembleia Eclesial da Am\u00e9rica Latina e Caribe, organizada pelo Conselho Episcopal Latino Americano (Celam). O objetivo dessa prepara\u00e7\u00e3o \u00e9 \u201cgerar diversos di\u00e1logos &hellip;<\/p>\n<p class=\"read-more\"> <a class=\"\" href=\"https:\/\/www.cnbb.org.br\/organismos-motivam-povo-de-deus-a-participar-do-momento-de-escuta-na-assembleia-eclesial-da-america-latina-e-caribe\/\"> <span class=\"screen-reader-text\">Organismos motivam Povo de Deus a participar do momento de escuta na Assembleia Eclesial da Am\u00e9rica Latina e Caribe<\/span> Leia mais &raquo;<\/a><\/p>\n","protected":false},"author":83,"featured_media":234677,"comment_status":"open","ping_status":"open","sticky":false,"template":"","format":"standard","meta":{"site-sidebar-layout":"default","site-content-layout":"default","ast-global-header-display":"","ast-banner-title-visibility":"","ast-main-header-display":"","ast-hfb-above-header-display":"","ast-hfb-below-header-display":"","ast-hfb-mobile-header-display":"","site-post-title":"","ast-breadcrumbs-content":"","ast-featured-img":"","footer-sml-layout":"","theme-transparent-header-meta":"default","adv-header-id-meta":"","stick-header-meta":"","header-above-stick-meta":"","header-main-stick-meta":"","header-below-stick-meta":""},"categories":[835,1841],"tags":[3637,2387],"acf":[],"_links":{"self":[{"href":"https:\/\/www.cnbb.org.br\/cnbb-app\/wp\/v2\/posts\/340881"}],"collection":[{"href":"https:\/\/www.cnbb.org.br\/cnbb-app\/wp\/v2\/posts"}],"about":[{"href":"https:\/\/www.cnbb.org.br\/cnbb-app\/wp\/v2\/types\/post"}],"author":[{"embeddable":true,"href":"https:\/\/www.cnbb.org.br\/cnbb-app\/wp\/v2\/users\/83"}],"replies":[{"embeddable":true,"href":"https:\/\/www.cnbb.org.br\/cnbb-app\/wp\/v2\/comments?post=340881"}],"version-history":[{"count":0,"href":"https:\/\/www.cnbb.org.br\/cnbb-app\/wp\/v2\/posts\/340881\/revisions"}],"wp:featuredmedia":[{"embeddable":true,"href":"https:\/\/www.cnbb.org.br\/cnbb-app\/wp\/v2\/media\/234677"}],"wp:attachment":[{"href":"https:\/\/www.cnbb.org.br\/cnbb-app\/wp\/v2\/media?parent=340881"}],"wp:term":[{"taxonomy":"category","embeddable":true,"href":"https:\/\/www.cnbb.org.br\/cnbb-app\/wp\/v2\/categories?post=340881"},{"taxonomy":"post_tag","embeddable":true,"href":"https:\/\/www.cnbb.org.br\/cnbb-app\/wp\/v2\/tags?post=340881"}],"curies":[{"name":"wp","href":"https:\/\/api.w.org\/{rel}","templated":true}]}}