{"id":34128,"date":"2019-05-09T00:00:00","date_gmt":"2019-05-09T03:00:00","guid":{"rendered":"https:\/\/www.cnbb.org.br\/dom-ricardo-hoepers-foi-eleito-em-primeiro-escrutinio-para-a-comissao-para-a-vida-e-a-familia\/"},"modified":"2020-10-23T14:01:26","modified_gmt":"2020-10-23T17:01:26","slug":"dom-ricardo-hoepers-foi-eleito-em-primeiro-escrutinio-para-a-comissao-para-a-vida-e-a-familia","status":"publish","type":"post","link":"https:\/\/www.cnbb.org.br\/dom-ricardo-hoepers-foi-eleito-em-primeiro-escrutinio-para-a-comissao-para-a-vida-e-a-familia\/","title":{"rendered":"Dom Ricardo foi eleito em primeiro escrut\u00ednio para a Comiss\u00e3o para a Vida e a Fam\u00edlia"},"content":{"rendered":"<p style=\"text-align: justify\">Na manh\u00e3 desta quinta-feira, 9 de maio, dom Ricardo Hoepers foi eleito, em primeiro escrut\u00ednio, por maioria absoluta dos votos, como presidente da Comiss\u00e3o Episcopal Pastoral para a Vida e a Fam\u00edlia da Confer\u00eancia Nacional dos Bispos do Brasil. &#8220;Pela promo\u00e7\u00e3o e defesa da vida e da fam\u00edlia, eu digo sim!&#8221;, afirmou dom Ricardo ao aceitar a miss\u00e3o.<\/p>\n<p style=\"text-align: justify\">Bispo de Rio Grande (RS), dom Ricardo recebeu a Ordena\u00e7\u00e3o Episcopal pelas m\u00e3os do arcebispo de Curitiba (PR), dom Jos\u00e9 Antonio Peruzzo, no dia 14 de maio de 2016.<\/p>\n<p style=\"text-align: justify\">Nascido em 16 de dezembro de 1970, dom Ricardo ingressou no Semin\u00e1rio Arquidiocesano S\u00e3o Jos\u00e9, aos 15 anos e foi ordenado presb\u00edtero em 1999. Cursou Filosofia na Universidade Federal do Paran\u00e1 e Teologia no Studium Theologicum, da Faculdade Claretiana de Teologia, ambas em Curitiba.<\/p>\n<p style=\"text-align: justify\">Dom Hoepers fez mestrado e doutorado em Bio\u00e9tica e Teologia Moral na Academia Alfonsiana, em Roma. Atuou como professor na Faculdade Vicentina e, de 2002 a 2003, foi diretor da Faculdade de Filosofia da Arquidiocese de Curitiba; e coordenador geral do clero, de 2005 a 2008.<\/p>\n<p style=\"text-align: justify\">Tamb\u00e9m foi membro do Conselho Presbiteral e do Col\u00e9gio de Consultores, al\u00e9m de assistente eclesi\u00e1stico da Pastoral da Pessoa com Defici\u00eancia no Regional Sul 2 da Confer\u00eancia Nacional dos Bispos do Brasil (CNBB).<\/p>\n<p style=\"text-align: justify\">Em agosto do ano passado, dom Ricardo Hoepers representou a CNBB na audi\u00eancia p\u00fablica que debateu a descriminaliza\u00e7\u00e3o do aborto no Supremo Tribunal Federal. <a href=\"https:\/\/www.cnbb.org.br\/aborto-leia-as-integras-dos-discursos-da-cnbb-no-stf\/\">Leia o discurso de dom Ricardo.<\/a><\/p>\n","protected":false},"excerpt":{"rendered":"<p>&#8220;Pela promo\u00e7\u00e3o e defesa da vida e da fam\u00edlia, eu digo sim!&#8221;, afirmou o bispo de Rio Grande (RS), dom Ricardo Hoepers, ao aceitar a miss\u00e3o<\/p>\n","protected":false},"author":83,"featured_media":1314,"comment_status":"closed","ping_status":"open","sticky":false,"template":"","format":"standard","meta":{"site-sidebar-layout":"default","site-content-layout":"default","ast-global-header-display":"","ast-banner-title-visibility":"","ast-main-header-display":"","ast-hfb-above-header-display":"","ast-hfb-below-header-display":"","ast-hfb-mobile-header-display":"","site-post-title":"","ast-breadcrumbs-content":"","ast-featured-img":"","footer-sml-layout":"","theme-transparent-header-meta":"","adv-header-id-meta":"","stick-header-meta":"","header-above-stick-meta":"","header-main-stick-meta":"","header-below-stick-meta":""},"categories":[745],"tags":[1239],"acf":[],"_links":{"self":[{"href":"https:\/\/www.cnbb.org.br\/cnbb-app\/wp\/v2\/posts\/34128"}],"collection":[{"href":"https:\/\/www.cnbb.org.br\/cnbb-app\/wp\/v2\/posts"}],"about":[{"href":"https:\/\/www.cnbb.org.br\/cnbb-app\/wp\/v2\/types\/post"}],"author":[{"embeddable":true,"href":"https:\/\/www.cnbb.org.br\/cnbb-app\/wp\/v2\/users\/83"}],"replies":[{"embeddable":true,"href":"https:\/\/www.cnbb.org.br\/cnbb-app\/wp\/v2\/comments?post=34128"}],"version-history":[{"count":0,"href":"https:\/\/www.cnbb.org.br\/cnbb-app\/wp\/v2\/posts\/34128\/revisions"}],"wp:featuredmedia":[{"embeddable":true,"href":"https:\/\/www.cnbb.org.br\/cnbb-app\/wp\/v2\/media\/1314"}],"wp:attachment":[{"href":"https:\/\/www.cnbb.org.br\/cnbb-app\/wp\/v2\/media?parent=34128"}],"wp:term":[{"taxonomy":"category","embeddable":true,"href":"https:\/\/www.cnbb.org.br\/cnbb-app\/wp\/v2\/categories?post=34128"},{"taxonomy":"post_tag","embeddable":true,"href":"https:\/\/www.cnbb.org.br\/cnbb-app\/wp\/v2\/tags?post=34128"}],"curies":[{"name":"wp","href":"https:\/\/api.w.org\/{rel}","templated":true}]}}