{"id":34145,"date":"2019-05-08T00:00:00","date_gmt":"2019-05-08T03:00:00","guid":{"rendered":"https:\/\/www.cnbb.org.br\/cinco-presidentes-de-comissoes-pastorais-foram-eleitos-nesta-quarta-feira\/"},"modified":"2020-10-23T13:58:18","modified_gmt":"2020-10-23T16:58:18","slug":"cinco-presidentes-de-comissoes-pastorais-foram-eleitos-nesta-quarta-feira","status":"publish","type":"post","link":"https:\/\/www.cnbb.org.br\/cinco-presidentes-de-comissoes-pastorais-foram-eleitos-nesta-quarta-feira\/","title":{"rendered":"Cinco presidentes de comiss\u00f5es pastorais foram eleitos nesta quarta-feira"},"content":{"rendered":"<p style=\"text-align: justify\">Nesta quarta-feira, os bispos presentes na 57\u00aa Assembleia Geral da CNBB, que est\u00e1 sendo realizada em Aparecida (SP), elegeram mais cinco presidentes de Comiss\u00f5es Episcopais Pastorais: dom Jos\u00e9 Valdeci Santos Mendes para a A\u00e7\u00e3o Social Transformadora; dom Manoel Jo\u00e3o Francisco para o Ecumenismo e Di\u00e1logo Inter-religioso e dom Edmar Peron\u00a0 para a Liturgia. Dois bispos foram reeleitos: dom Jos\u00e9 Antonio Peruzzo na Comiss\u00e3o para a Anima\u00e7\u00e3o B\u00edblico-Catequ\u00e9tica e dom Pedro Carlos Cipollini para a Doutrina da F\u00e9.<\/p>\n<p><strong>Dados biogr\u00e1ficos<\/strong><\/p>\n<p style=\"text-align: justify\"><strong><a href=\"https:\/\/www.cnbb.org.br\/dom-valdeci-e-eleito-para-a-comissao-para-acao-social-transformadora-da-cnbb\/valdeci\/\" rel=\"attachment wp-att-219659\"><img decoding=\"async\" loading=\"lazy\" class=\"size-medium wp-image-219659 alignleft\" src=\"https:\/\/www.cnbb.org.br\/wp-content\/uploads\/2020\/02\/Valdeci.jpeg\" alt=\"\" width=\"300\" height=\"200\" \/><\/a>Dom Jos\u00e9 Valdeci Santos Mendes<\/strong> \u00e9 Bispo de Brejo (MA),\u00a0desde 28 de agosto de 2010. Maranhense de Coroat\u00e1 (MA), nasceu no dia 12 de setembro de 1961. Estudou Filosofia e Teologia no antigo CETEMA, hoje, Instituto de Ensino Superior do Maranh\u00e3o (Iesma). \u00c9 licenciado em Filosofia pela Universidade Estadual do Cear\u00e1 e tem especializa\u00e7\u00e3o em B\u00edblia pelo Instituto de Estudos Superiores da Companhia de Jesus, em Belo Horizonte (MG).<\/p>\n<p style=\"text-align: justify\">Ordenado padre pela diocese de Coroat\u00e1 em 11 de setembro de 1994, dom Jos\u00e9 Valdeci foi vig\u00e1rio paroquial e, posteriormente, p\u00e1roco de tr\u00eas par\u00f3quias da diocese entre 1994 e 2009. Em seu minist\u00e9rio sacerdotal, foi membro do Conselho Presbiteral e do Col\u00e9gio de Consultores da diocese de Coroat\u00e1, assessor diocesano da Pastoral Familiar, reitor do Semin\u00e1rio Maior Nossa Senhora da Piedade e coordenador diocesano de pastoral.<\/p>\n<p style=\"text-align: justify\">Dom Jos\u00e9 Valdeci foi nomeado pelo Papa Bento XVI em 5 de maio de 2010 e ordenado para o minist\u00e9rio episcopal em 21 de agosto do mesmo ano, na cidade de Arari (MA). Escolheu o lema: \u201cO Bom Pastor d\u00e1 sua vida pelas suas ovelhas\u201d (Jo 10,11). Desde 2015, dom Valdeci \u00e9 membro da Comiss\u00e3o Episcopal Pastoral para a A\u00e7\u00e3o Social Transformadora da CNBB. Tamb\u00e9m atua como presidente do Conselho Pastoral dos Pescadores.<\/p>\n<p style=\"text-align: justify\">Durante o processo de escuta do S\u00ednodo para a Amaz\u00f4nia, dom Jos\u00e9 Valdeci promoveu dois encontros voltados para popula\u00e7\u00f5es tradicionais da regi\u00e3o. Em uma primeira oportunidade, reuniu pescadores do Amap\u00e1, do Par\u00e1 e do Maranh\u00e3o para estudarem o documento preparat\u00f3rio e responder ao question\u00e1rio do S\u00ednodo. No in\u00edcio deste ano, incentivou grupos quilombolas do Maranh\u00e3o a tamb\u00e9m contribu\u00edrem para as reflex\u00f5es do S\u00ednodo, cujo tema \u00e9 \u201cNovos caminhos para a Igreja e para uma ecologia integral\u201d.<\/p>\n<p style=\"text-align: center\">*******<\/p>\n<p class=\"m_370374400940104163gmail-MsoNoSpacing\" style=\"text-align: justify\"><strong><a href=\"https:\/\/www.cnbb.org.br\/dom-manoel-e-o-novo-presidente-da-comissao-para-o-ecumenismo-e-o-dialogo-inter-religioso-da-cnbb\/dommanu\/\" rel=\"attachment wp-att-219643\"><img decoding=\"async\" loading=\"lazy\" class=\"size-medium wp-image-219643 alignright\" src=\"https:\/\/www.cnbb.org.br\/wp-content\/uploads\/2020\/02\/domManu.jpeg\" alt=\"\" width=\"300\" height=\"200\" \/><\/a>Dom Manoel Jo\u00e3o Francisco<\/strong>, desde 01 de junho de 2014\u00a0 \u00e9 bispo de Corn\u00e9lio Proc\u00f3pio (PR). Foi nomeado em 26 de mar\u00e7o de 2014 pelo papa Francisco para suceder dom Get\u00falio Teixeira Guimar\u00e3es, que se tornou em\u00e9rito. Dom Manoel \u00e9 natural de Machados, Itaja\u00ed (SC). Recebeu a ordena\u00e7\u00e3o presbiteral, em 8 de dezembro de 1973, em Navegantes (SC). Foi nomeado bispo de Chapec\u00f3 (SC) em 28 de outubro de 1998 e foi ordenado no 21 de fevereiro de 1999, mesmo dia em que tomou posse do governo diocesano.<\/p>\n<p class=\"m_370374400940104163gmail-MsoNoSpacing\" style=\"text-align: justify\">Entre 2003 e 2007, foi presidente da Comiss\u00e3o Episcopal Pastoral para a Liturgia da CNBB. Tamb\u00e9m atuou como referencial da Pastoral Ind\u00edgenista e da Liturgia no regional Sul 4 (Santa Catarina). Em 2011, foi eleito presidente do Conselho Nacional de Igrejas Crist\u00e3s (Conic). Dom Manoel \u00e9 membro da Comiss\u00e3o para os Textos Lit\u00fargicos da CNBB (Cetel) e da Comiss\u00e3o Bilateral Cat\u00f3lica Luterana.<\/p>\n<p style=\"text-align: center\">******<\/p>\n<p style=\"text-align: justify\"><strong><a href=\"https:\/\/www.cnbb.org.br\/dom-edmar-peron-e-eleito-presidente-da-comissao-episcopal-pastoral-para-a-liturgia-da-cnbb\/peron\/\" rel=\"attachment wp-att-219634\"><img decoding=\"async\" loading=\"lazy\" class=\"size-medium wp-image-219634 alignleft\" src=\"https:\/\/www.cnbb.org.br\/wp-content\/uploads\/2020\/02\/peron.jpeg\" alt=\"\" width=\"300\" height=\"200\" \/><\/a>Dom Edmar Peron <\/strong>\u00e9 bispo de Paranagu\u00e1 (PR). Nasceu em 4 de mar\u00e7o de 1965, em Maring\u00e1 (PR). Cursou Filosofia no Instituto de Filosofia, em Maring\u00e1, e Teologia no Semin\u00e1rio Paulo VI \u2013 Instituto Teol\u00f3gico Paulo VI, em Londrina.<\/p>\n<p style=\"text-align: justify\">Sua ordena\u00e7\u00e3o sacerdotal foi em 21 de janeiro de 1990. Desde ent\u00e3o serviu \u00e0 arquidiocese de Maring\u00e1 realizando trabalhos em diversas par\u00f3quias e assessorias, al\u00e9m de atuar na forma\u00e7\u00e3o dos seminaristas.<\/p>\n<p style=\"text-align: justify\">No ano de 2000, foi enviado a Roma, por dom Murilo Sebasti\u00e3o Ramos Krieger, para o Mestrado em Teologia Dogm\u00e1tica, especializa\u00e7\u00e3o em Teologia dos Sacramentos. Desde seu retorno, em 2002, foi professor de Teologia Dogm\u00e1tica e de Liturgia, inicialmente no Instituto Teol\u00f3gico Paulo VI e, posteriormente, na PUCPR \u2013 Campus Londrina. Durante seu sacerd\u00f3cio atuou como membro do Col\u00e9gio de Consultores e, em per\u00edodos alternados, tamb\u00e9m do Conselho Presbiteral da arquidiocese de Maring\u00e1.<\/p>\n<p style=\"text-align: justify\">Dedicou grande parte de seu trabalho pastoral, durante nove anos, \u00e0 Pastoral de Liturgia e Canto da arquidiocese de Maring\u00e1. Desde 2007 tem escrito para a Revista de Liturgia, em S\u00e3o Paulo. Dom Edmar tamb\u00e9m atuou como diretor espiritual do Semin\u00e1rio de Filosofia Nossa Senhora da Gl\u00f3ria (1991 a 1997) e reitor do Semin\u00e1rio de Teologia Sant\u00edssima Trindade, em Londrina (2007-2009).<\/p>\n<p style=\"text-align: justify\">No dia 30 de dezembro de 2009 foi nomeado pelo Papa Bento XVI bispo-auxiliar da arquidiocese de S\u00e3o Paulo, sendo-lhe conferida a sede titular de Mattiana. Foi ordenado bispo no dia 28 de fevereiro de 2010, em Maring\u00e1.\u00a0Tomou posse do of\u00edcio de bispo auxiliar de S\u00e3o Paulo no dia 14 de mar\u00e7o de 2010, sendo imediatamente nomeado Vig\u00e1rio Episcopal para a Regi\u00e3o Bel\u00e9m. Assumiu outros encargos em n\u00edvel arquidiocesano, dentre os quais, bispo referencial para a liturgia e a forma\u00e7\u00e3o dos futuros presb\u00edteros e vig\u00e1rio geral da arquidiocese.<\/p>\n<p style=\"text-align: justify\">Na CNBB, \u00e9 membro da Comiss\u00e3o Episcopal Pastoral para a Liturgia desde 25 de junho de 2011.<\/p>\n<p style=\"text-align: center\">*******<\/p>\n<div class=\"article-main-next-prev\">\n<div class=\"paragraph-row\">\n<div class=\"column6\">\n<p style=\"text-align: justify\"><strong><a href=\"https:\/\/www.cnbb.org.br\/dom-peruzzo-e-reeleito-para-presidir-a-comissao-episcopal-para-animacao-biblico-catequetica\/dsc04457\/\" rel=\"attachment wp-att-219606\"><img decoding=\"async\" loading=\"lazy\" class=\"size-medium wp-image-219606 alignright\" src=\"https:\/\/www.cnbb.org.br\/wp-content\/uploads\/2020\/02\/DSC04457-e1557327613727.jpg\" alt=\"\" width=\"300\" height=\"192\" \/><\/a>Dom Jos\u00e9 Ant\u00f4nio Peruzzo<\/strong> \u00e9 arcebispo de Curitiba (PR). Ele tem como lema episcopal \u201cFazei disc\u00edpulos\u2026 Ensinai\u201d. Nascido em 19 de abril de 1960, na cidade de Cascavel (PR), dom Peruzzo \u00e9 mestre em Ci\u00eancias B\u00edblicas pelo Pontif\u00edcio Instituto B\u00edblico e doutor em Teologia B\u00edblica pela Pontif\u00edcia Universidade S\u00e3o Tom\u00e1s de Aquino, ambas em Roma.<\/p>\n<p style=\"text-align: justify\">Recebeu a Ordena\u00e7\u00e3o Sacerdotal no dia 22 de dezembro de 1985, na Catedral Nossa Senhora Aparecida, em Cascavel. J\u00e1 em 24 de agosto de 2005 foi nomeado, pelo Papa Bento XVI, como bispo de Palmas-Francisco Beltr\u00e3o. A Ordena\u00e7\u00e3o Episcopal aconteceu no dia 23 de novembro do mesmo ano, na mesma catedral onde foi ordenado sacerdote.<\/p>\n<p style=\"text-align: justify\">Em 7 de janeiro de 2015 o Papa Francisco nomeou dom Peruzzo como arcebispo metropolitano de Curitiba. A posse aconteceu no dia 19 de mar\u00e7o do mesmo ano, na Catedral Bas\u00edlica Menor Nossa Senhora da Luz dos Pinhais.<\/p>\n<p>Dom Peruzzo \u00e9 presidente da Comiss\u00e3o Episcopal para a Anima\u00e7\u00e3o B\u00edblico-Catequ\u00e9tica desde 2015 e segue para seu segundo mandato. No \u00faltimo quadri\u00eanio, a Comiss\u00e3o esteve envolvida nas reflex\u00f5es e elabora\u00e7\u00e3o de documentos e materiais sobre a inicia\u00e7\u00e3o \u00e0 vida crist\u00e3.<\/p>\n<p style=\"text-align: center\">******<\/p>\n<p style=\"text-align: justify\"><strong><a href=\"https:\/\/www.cnbb.org.br\/dom-pedro-carlos-cipollini-e-reeleito-presidente-da-comissao-episcopal-para-a-doutrina-da-fe\/cipoolini\/\" rel=\"attachment wp-att-219611\"><img decoding=\"async\" loading=\"lazy\" class=\"size-medium wp-image-219611 alignleft\" src=\"https:\/\/www.cnbb.org.br\/wp-content\/uploads\/2020\/02\/cipoolini.jpeg\" alt=\"\" width=\"300\" height=\"200\" \/><\/a>Dom Pedro Carlos Cipollini <\/strong>\u00e9 bispo de Santo Andr\u00e9 (SP). Nascido no dia 04 de maio de 1952, na cidade paulista de Caconde, dom Cipollini cursou Filosofia nas Faculdades Associadas do Ipiranga, hoje Unifai, em S\u00e3o Paulo. Tamb\u00e9m estudou Pedagogia obtendo a licenciatura em Filosofia e Pedagogia. Fez o curso de Teologia, na Pontif\u00edcia Faculdade de Teologia Nossa Senhora da Assun\u00e7\u00e3o, da arquidiocese de S\u00e3o Paulo, obtendo o bacharelado em Teologia.<\/p>\n<p style=\"text-align: justify\">Foi ordenado di\u00e1cono na Catedral da Imaculada Concei\u00e7\u00e3o em Franca (SP), em 07 de setembro de 1977, e presb\u00edtero na mesma Catedral, no dia 25 de fevereiro de 1978, pelo bispo de Franca, dom Di\u00f3genes Silva Matthes, hoje em\u00e9rito. De 1984 a 1985, cursou p\u00f3s-gradua\u00e7\u00e3o em Teologia, na Faculdade Pontif\u00edcia Nossa Senhora da Assun\u00e7\u00e3o, em S\u00e3o Paulo, obtendo o Mestrado em Teologia, ap\u00f3s defender tese em Teologia Dogm\u00e1tica. Frequentou o Curso de Extens\u00e3o Universit\u00e1ria sobre o novo C\u00f3digo de Direito Can\u00f4nico, no Instituto de Teologia Salesiano Pio IX, em julho de 1983.<\/p>\n<p style=\"text-align: justify\">Cursou o doutorado em Teologia na It\u00e1lia, residindo em Roma, no Col\u00e9gio Pio Brasileiro de 1990 a 1992. Estudou na Universidade Gregoriana, onde defendeu tese de doutorado em Eclesiologia. Em 1996, fez parte da Comiss\u00e3o Central do \u201cProjeto de Evangeliza\u00e7\u00e3o Rumo ao Novo Mil\u00eanio\u201d.<\/p>\n<p style=\"text-align: justify\">Dom Cipollini foi nomeado bispo de Amparo (SP) pelo Papa Bento XVI, em 14 de julho de 2010, e ordenado bispo na catedral de Campinas no dia 12 de outubro de 2010. Sua posse aconteceu no dia 24 de outubro de 2010 na diocese de Amparo. Foi nomeado membro da Comiss\u00e3o Episcopal Pastoral para a Doutrina da F\u00e9 da CNBB para o mandato de 2011 a 2014.<\/p>\n<p style=\"text-align: justify\">Na Assembleia Geral da CNBB de 2015, foi eleito presidente da Comiss\u00e3o Episcopal Pastoral para a Doutrina da F\u00e9, para os anos de 2015 a 2019. No dia 27 de maio de 2015 foi eleito bispo de Santo Andr\u00e9 (SP) pelo Papa Francisco em substitui\u00e7\u00e3o a dom Nelson Westrupp, que teve sua ren\u00fancia aceita por limite de idade. O lema episcopal de dom Cipollini \u00e9 \u201cIN NOMINE IESU\u201d, que significa \u201cem nome de Jesus\u201d.<\/p>\n<\/div>\n<\/div>\n<\/div>\n","protected":false},"excerpt":{"rendered":"<p>Dom Jos\u00e9 Ant\u00f4nio Peruzzo foi reeleito para Anima\u00e7\u00e3o B\u00edblico-Catequ\u00e9tica. Dom Pedro Carlos Cipollini tamb\u00e9m foi reeleito para a Doutrina da F\u00e9. Dom Edmar Peron foi eleito para a Liturgia, dom Manoel Jo\u00e3o Francisco para o Ecumenismo e o Di\u00e1logo Inter-religioso e dom Valdeci Santos Mendes para a Comiss\u00e3o da A\u00e7\u00e3o Social Transformadora<\/p>\n","protected":false},"author":83,"featured_media":1341,"comment_status":"closed","ping_status":"open","sticky":false,"template":"","format":"standard","meta":{"site-sidebar-layout":"default","site-content-layout":"default","ast-global-header-display":"","ast-banner-title-visibility":"","ast-main-header-display":"","ast-hfb-above-header-display":"","ast-hfb-below-header-display":"","ast-hfb-mobile-header-display":"","site-post-title":"","ast-breadcrumbs-content":"","ast-featured-img":"","footer-sml-layout":"","theme-transparent-header-meta":"","adv-header-id-meta":"","stick-header-meta":"","header-above-stick-meta":"","header-main-stick-meta":"","header-below-stick-meta":""},"categories":[745],"tags":[1239],"acf":[],"_links":{"self":[{"href":"https:\/\/www.cnbb.org.br\/cnbb-app\/wp\/v2\/posts\/34145"}],"collection":[{"href":"https:\/\/www.cnbb.org.br\/cnbb-app\/wp\/v2\/posts"}],"about":[{"href":"https:\/\/www.cnbb.org.br\/cnbb-app\/wp\/v2\/types\/post"}],"author":[{"embeddable":true,"href":"https:\/\/www.cnbb.org.br\/cnbb-app\/wp\/v2\/users\/83"}],"replies":[{"embeddable":true,"href":"https:\/\/www.cnbb.org.br\/cnbb-app\/wp\/v2\/comments?post=34145"}],"version-history":[{"count":0,"href":"https:\/\/www.cnbb.org.br\/cnbb-app\/wp\/v2\/posts\/34145\/revisions"}],"wp:featuredmedia":[{"embeddable":true,"href":"https:\/\/www.cnbb.org.br\/cnbb-app\/wp\/v2\/media\/1341"}],"wp:attachment":[{"href":"https:\/\/www.cnbb.org.br\/cnbb-app\/wp\/v2\/media?parent=34145"}],"wp:term":[{"taxonomy":"category","embeddable":true,"href":"https:\/\/www.cnbb.org.br\/cnbb-app\/wp\/v2\/categories?post=34145"},{"taxonomy":"post_tag","embeddable":true,"href":"https:\/\/www.cnbb.org.br\/cnbb-app\/wp\/v2\/tags?post=34145"}],"curies":[{"name":"wp","href":"https:\/\/api.w.org\/{rel}","templated":true}]}}