{"id":34170,"date":"2019-05-10T00:00:00","date_gmt":"2019-05-10T03:00:00","guid":{"rendered":"https:\/\/www.cnbb.org.br\/bispos-dos-brasil-elegem-os-presidentes-das-comissoes-episcopais-pastorais-da-cnbb\/"},"modified":"2020-03-11T16:04:07","modified_gmt":"2020-03-11T19:04:07","slug":"bispos-dos-brasil-elegem-os-presidentes-das-comissoes-episcopais-pastorais-da-cnbb","status":"publish","type":"post","link":"https:\/\/www.cnbb.org.br\/bispos-dos-brasil-elegem-os-presidentes-das-comissoes-episcopais-pastorais-da-cnbb\/","title":{"rendered":"Bispos dos Brasil elegem os presidentes das Comiss\u00f5es Episcopais Pastorais da CNBB"},"content":{"rendered":"<p style=\"text-align: justify\">Por meio de elei\u00e7\u00e3o durante a 57\u00aa Assembleia Geral da Confer\u00eancia Nacional dos Bispos do Brasil (CNBB), os bispos escolheram os novos presidentes das Comiss\u00f5es Episcopais Pastorais que estar\u00e3o \u00e0 frente de cada uma delas durante o pr\u00f3ximo quadri\u00eanio (2019 \u2013 2023).<\/p>\n<p style=\"text-align: justify\"><em><strong>Dom Jo\u00e3o Francisco Salm<\/strong><\/em>, bispo de Tubar\u00e3o (SC) foi eleito presidente da Comiss\u00e3o Episcopal para os Minist\u00e9rios Ordenados e a Vida Consagrada. Em resposta sobre a miss\u00e3o a ele confiada, o bispo afirmou: \u201cDa minha parte, farei tudo que estiver ao meu alcance na comiss\u00e3o\u201d.<\/p>\n<p style=\"text-align: justify\">Para estar \u00e0 frente da Comiss\u00e3o Episcopal Pastoral para o Laicato, o escolhido foi dom <em><strong>Giovane Pereira de Melo<\/strong><\/em>, bispo de Tocantin\u00f3polis (TO). Por sua vez, o respons\u00e1vel pela Comiss\u00e3o Episcopal Pastoral para a A\u00e7\u00e3o Mission\u00e1ria e Coopera\u00e7\u00e3o Intereclesial ser\u00e1 <em><strong>dom Odelir Jos\u00e9 Magri<\/strong><\/em>, bispo de Chapec\u00f3 (SC).<\/p>\n<p style=\"text-align: justify\"><em><strong>Dom Jos\u00e9 Ant\u00f4nio Peruzzo<\/strong><\/em>, arcebispo de Curitiba (PR), foi reeleito para a Comiss\u00e3o Episcopal Pastoral para a Anima\u00e7\u00e3o B\u00edblico-Catequ\u00e9tica. Tamb\u00e9m reeleito, <em><strong>dom Pedro Carlos Cipollini<\/strong><\/em>, bispo de Santo Andr\u00e9 (SP), ficar\u00e1 mais quatro anos \u00e0 frente da Comiss\u00e3o Episcopal Pastoral para a Doutrina da F\u00e9.<\/p>\n<p style=\"text-align: justify\"><a href=\"https:\/\/www.cnbb.org.br\/bispos-dos-brasil-elegem-os-presidentes-das-comissoes-episcopais-pastorais-da-cnbb\/e2\/\" rel=\"attachment wp-att-219798\"><img decoding=\"async\" loading=\"lazy\" class=\"size-medium wp-image-219798 alignleft\" src=\"https:\/\/www.cnbb.org.br\/wp-content\/uploads\/2020\/03\/E2-300x191-1.jpg\" alt=\"\" width=\"300\" height=\"191\" \/><\/a>A Comiss\u00e3o Episcopal Pastoral para a Liturgia ser\u00e1 comandada por <em><strong>dom Edmar Peron<\/strong><\/em>, bispo de Paranagu\u00e1 (PR). J\u00e1 o eleito como presidente da Comiss\u00e3o Episcopal Pastoral para o Ecumenismo e o Di\u00e1logo Inter-Religioso foi <em><strong>dom Manoel Jo\u00e3o Francisco<\/strong><\/em>, bispo de Corn\u00e9lio Proc\u00f3pio (PR). O prelado foi escolhido na quarta-feira, 8 de maio.<\/p>\n<p style=\"text-align: justify\">Tamb\u00e9m no oitavo dia, foi eleito <em><strong>dom Jos\u00e9 Valdeci Santos Mendes<\/strong> <\/em>como presidente da Comiss\u00e3o Episcopal Pastoral para A\u00e7\u00e3o Social Transformadora da CNBB. Dom Valdeci \u00e9 bispo de Brejo (MA), e ao ser perguntado se aceitava, respondeu: \u201cNa confian\u00e7a dos irm\u00e3os, eu aceito o chamado de Deus para esta miss\u00e3o e digo sim\u201d.<\/p>\n<p style=\"text-align: justify\">O arcebispo de Montes Claros (MG), <em><strong>dom Jo\u00e3o Justino de Medeiros Silva<\/strong><\/em>, foi reeleito presidente da Comiss\u00e3o Episcopal Pastoral para Cultura e Educa\u00e7\u00e3o para o quadri\u00eanio 2019-2023. Eleito no primeiro escrut\u00ednio, dom Jo\u00e3o Justino, alcan\u00e7ou a maioria absoluta requerida de votos para o cargo. \u201cAgrade\u00e7o a confian\u00e7a dos senhores. Aceito o encargo do segundo mandato. Conto com a colabora\u00e7\u00e3o de todos. Vamos trabalhar juntos porque os desafios da educa\u00e7\u00e3o aumentam a cada dia. \u00c9 muito importante, o empenho de todos n\u00f3s, l\u00e1 nas bases apoiando as pastorais da educa\u00e7\u00e3o, da cultura e universit\u00e1ria\u201d, disse aos bispos.<\/p>\n<p style=\"text-align: justify\">O episcopado brasileiro elegeu <em><strong>dom Ricardo Hoepers<\/strong><\/em>, bispo de Rio Grande (RS), em primeiro escrut\u00ednio, por maioria absoluta dos votos, como presidente da Comiss\u00e3o Episcopal Pastoral para a Vida e a Fam\u00edlia. \u201cPela promo\u00e7\u00e3o e defesa da vida e da fam\u00edlia, eu digo sim!\u201d, afirmou dom Ricardo ao aceitar a miss\u00e3o.<\/p>\n<p style=\"text-align: justify\"><em><strong>Dom Nelson Francelino<\/strong><\/em>, bispo de Valen\u00e7a (RJ), foi eleito para a presid\u00eancia da Comiss\u00e3o Episcopal Pastoral para a Juventude para o pr\u00f3ximo quadri\u00eanio. \u201cEm continuidade com a hist\u00f3ria desta comiss\u00e3o, inicialmente presidida por dom Eduardo, com o desafio de implementar o Projeto Ide e o S\u00ednodo da Juventude, eu me sinto honrado com a escolha dos bispos. Eu digo sim\u201d, expressou dom Nelson ao aceitar o desafio.<\/p>\n<p style=\"text-align: justify\">Para presidir a Comiss\u00e3o Episcopal Pastoral para a Comunica\u00e7\u00e3o no pr\u00f3ximo quadri\u00eanio, foi eleito <em><strong>dom Joaquim Giovani Mol<\/strong><\/em>, bispo auxiliar da arquidiocese de Belo Horizonte (MG). \u201cMeu lema episcopal \u00e9 Deus \u00e9 amor. Ent\u00e3o, por que Deus \u00e9 amor, eu aceito\u201d, disse dom Mol ao aceitar presidir a comiss\u00e3o.<\/p>\n<h5><\/h5>\n<h5><em>Por padre Jos\u00e9 Ferreira e Sara Gomes<\/em><\/h5>\n","protected":false},"excerpt":{"rendered":"<p>Saiba quem s\u00e3o os presidentes das 12 Comiss\u00f5es Episcopais Pastorais da CNBB que integram o seu Conselho Episcopal Pastoral<\/p>\n","protected":false},"author":83,"featured_media":34171,"comment_status":"closed","ping_status":"open","sticky":false,"template":"","format":"standard","meta":{"site-sidebar-layout":"default","site-content-layout":"default","ast-global-header-display":"","ast-banner-title-visibility":"","ast-main-header-display":"","ast-hfb-above-header-display":"","ast-hfb-below-header-display":"","ast-hfb-mobile-header-display":"","site-post-title":"","ast-breadcrumbs-content":"","ast-featured-img":"","footer-sml-layout":"","theme-transparent-header-meta":"","adv-header-id-meta":"","stick-header-meta":"","header-above-stick-meta":"","header-main-stick-meta":"","header-below-stick-meta":""},"categories":[745],"tags":[1239],"acf":[],"_links":{"self":[{"href":"https:\/\/www.cnbb.org.br\/cnbb-app\/wp\/v2\/posts\/34170"}],"collection":[{"href":"https:\/\/www.cnbb.org.br\/cnbb-app\/wp\/v2\/posts"}],"about":[{"href":"https:\/\/www.cnbb.org.br\/cnbb-app\/wp\/v2\/types\/post"}],"author":[{"embeddable":true,"href":"https:\/\/www.cnbb.org.br\/cnbb-app\/wp\/v2\/users\/83"}],"replies":[{"embeddable":true,"href":"https:\/\/www.cnbb.org.br\/cnbb-app\/wp\/v2\/comments?post=34170"}],"version-history":[{"count":0,"href":"https:\/\/www.cnbb.org.br\/cnbb-app\/wp\/v2\/posts\/34170\/revisions"}],"wp:featuredmedia":[{"embeddable":true,"href":"https:\/\/www.cnbb.org.br\/cnbb-app\/wp\/v2\/media\/34171"}],"wp:attachment":[{"href":"https:\/\/www.cnbb.org.br\/cnbb-app\/wp\/v2\/media?parent=34170"}],"wp:term":[{"taxonomy":"category","embeddable":true,"href":"https:\/\/www.cnbb.org.br\/cnbb-app\/wp\/v2\/categories?post=34170"},{"taxonomy":"post_tag","embeddable":true,"href":"https:\/\/www.cnbb.org.br\/cnbb-app\/wp\/v2\/tags?post=34170"}],"curies":[{"name":"wp","href":"https:\/\/api.w.org\/{rel}","templated":true}]}}