{"id":34172,"date":"2019-05-10T00:00:00","date_gmt":"2019-05-10T03:00:00","guid":{"rendered":"https:\/\/www.cnbb.org.br\/durante-a-57a-assembleia-geral-os-regionais-da-cnbb-elegeram-novos-representantes\/"},"modified":"2020-03-11T16:04:08","modified_gmt":"2020-03-11T19:04:08","slug":"durante-a-57a-assembleia-geral-os-regionais-da-cnbb-elegeram-novos-representantes","status":"publish","type":"post","link":"https:\/\/www.cnbb.org.br\/durante-a-57a-assembleia-geral-os-regionais-da-cnbb-elegeram-novos-representantes\/","title":{"rendered":"Durante a 57\u00aa Assembleia Geral, os regionais da CNBB elegeram novos representantes"},"content":{"rendered":"<p style=\"text-align: justify\">Durante a 57\u00aa Assembleia Geral, al\u00e9m da elei\u00e7\u00e3o da nova presid\u00eancia e presidentes das Comiss\u00f5es Episcopais, os 18 Regionais da Confer\u00eancia Nacional dos Bispos do Brasil (CNBB), elegeram seus novos representantes. O Regionais tem a miss\u00e3o de fomentar uma s\u00f3lida comunh\u00e3o entre os bispos que a comp\u00f5em um determinado conjunto de dioceses e arquidioceses, na riqueza de sua diversidade, e promover sempre comunh\u00e3o e uma maior participa\u00e7\u00e3o na Confer\u00eancia.<\/p>\n<p><strong>Confira abaixo as novas presid\u00eancias regionais eleitas durante a Assembleia Geral:<\/strong><\/p>\n<p style=\"text-align: justify\"><strong>Norte 1 <\/strong><br \/>\n<strong>Presidente<\/strong> &#8211; Dom Edson Damian, Bispo de S\u00e3o Gabriel da Cachoeira (AM)<br \/>\n<strong>Vice-presidente<\/strong> &#8211; Dom Tadeu Canavarros, bispo auxiliar de Manaus (AM)<br \/>\n<strong>Secret\u00e1rio<\/strong> &#8211; Dom Zenildo Luiz Pereira da Silva, bispo da Prelazia de Borba (AM)<\/p>\n<p><strong>Norte 2<\/strong><br \/>\n<strong>Presidente<\/strong> \u2013 Dom Bernardo Johannes Bahlmann, bispo de \u00d3bidos (PA)<br \/>\n<strong>Vice-presidente<\/strong> \u2013 Dom Alberto Taveira Corr\u00eaa, arcebispo de Bel\u00e9m (PA)<br \/>\n<strong>Secret\u00e1rio<\/strong> \u2013 Dom Irineu Roman, bispo auxiliar de Bel\u00e9m (PA)<\/p>\n<p><strong>Norte 3<\/strong><br \/>\n<strong>Presidente<\/strong> \u2013 Dom Pedro Brito Guimaraes, arcebispo de Palmas (TO)<br \/>\n<strong>Vice-presidente<\/strong> \u2013 Dom Dominique Marie Jean Denis You, bispo de Concei\u00e7\u00e3o do Araguaia (PA)<br \/>\n<strong>Secret\u00e1rio<\/strong> \u2013 Dom Wellington de Queiroz Vieira, bispo de Prelazia de Cristal\u00e2ndia (TO)<\/p>\n<p><strong>Noroeste<\/strong><br \/>\n<strong>Presidente<\/strong> \u2013 Dom Joaquin Pertinez Fernandez \u2013 bispo de Cruzeiro do Sul (AC)<br \/>\n<strong>Vice-presidente<\/strong> \u2013 Dom Santiago Sanchez Sebastian \u2013 bispo da Prelazia de L\u00e1brea (AM)<br \/>\n<strong>Secret\u00e1rio<\/strong> \u2013 Dom Benedito Ara\u00fajo \u2013 bispo de Guajar\u00e1 Mirim (RO)<\/p>\n<p><strong>Nordeste 1<\/strong><br \/>\n<strong>Presidente<\/strong> \u2013 Dom Jos\u00e9 Luis de Vasconcelos, bispo de Sobral (CE)<br \/>\n<strong>Vice-presidente<\/strong> \u2013 Dom Andr\u00e9 Vital F\u00e9lix da Silva, bispo de Limoeiro do Norte (CE)<br \/>\n<strong>Secret\u00e1rio<\/strong> \u2013 Dom Valdemir Vicente de Andrade, bispo auxiliar de Fortaleza (CE)<\/p>\n<p><strong>Nordeste 2<\/strong><br \/>\n<strong>Presidente<\/strong> \u2013 Dom Paulo Jackson, bispo de Garanhuns (PE)<br \/>\n<strong>Vice-presidente<\/strong> \u2013 Dom Antonio Carlos Cruz Santos, bispo de Caic\u00f3 (RN)<br \/>\n<strong>Secret\u00e1rio<\/strong> \u2013 Dom Francisco Sales, bispo de Cajazeiras (BA)<\/p>\n<p><strong>Nordeste 3<\/strong><br \/>\n<strong>Presidente<\/strong> \u2013 Dom Jo\u00e3o Santos Cardoso, bispo de Bom Jesus da Lapa (BA)<br \/>\n<strong>Vice-presidente<\/strong> \u2013 Dom Carlos Alberto Breis Pereira, bispo de Juazeiro (BA)<br \/>\n<strong>Secret\u00e1rio<\/strong> \u2013 Dom Vitor Aguinaldo de Menezes, bispo de Propri\u00e1 (SE)<\/p>\n<p><strong>Nordeste 4<\/strong><br \/>\n<strong>Presidente<\/strong> &#8211; Dom Juarez Sousa, bispo de Parna\u00edba (PI)<br \/>\n<strong>Vice-presidente<\/strong> \u2013 Dom Francisco de Assis Gabriel. Bispo de Campo Maior (PI)<br \/>\n<strong>Secret\u00e1rio<\/strong> \u2013 Dom Marcos Antonio Tavoni, bispo de Bom Jesus (PI)<\/p>\n<p><strong>Nordeste 5<\/strong><br \/>\n<strong>Presidente<\/strong> \u2013 Dom Sebasti\u00e3o Bandeira, bispo de Croat\u00e1 (MA)<br \/>\n<strong>Vice-presidente<\/strong> \u2013 Dom Esmeraldo Farias Barreto, bispo auxiliar de S\u00e3o Lu\u00eds (MA)<br \/>\n<strong>Secret\u00e1rio<\/strong> \u2013 Dom Rubival Cabral Brito, bispo de Graja\u00fa (MA)<\/p>\n<p><strong>Centro-Oeste<\/strong><br \/>\n<strong>Presidente<\/strong> &#8211; Dom Waldemar Passini Dalbello, bispo de Luzi\u00e2nia (GO)<br \/>\n<strong>Vice-presidente<\/strong> &#8211; Dom Adair Jos\u00e9 Guimar\u00e3es, bispo nomeado para Formosa (GO)<br \/>\n<strong>Secret\u00e1rio<\/strong> \u2013 Dom Moacir Silva Arantes, bispo auxiliar de Bras\u00edlia (DF)<\/p>\n<p><strong>Leste 1<\/strong><br \/>\n<strong>Presidente<\/strong> \u2013 Dom Jos\u00e9 Francisco Rezende Dias. Arcebispo de Niter\u00f3i (RJ)<br \/>\n<strong>Vice-presidente<\/strong> \u2013 Dom Gilson Andrade da Silva, bispo coadjutor de Nova Igua\u00e7u (RJ)<br \/>\n<strong>Secret\u00e1rio<\/strong> \u2013 Dom Tarcisio Nascentes dos Santos, bispo de Duque de Caxias (RJ)<\/p>\n<p><strong>Oeste 1<\/strong><br \/>\n<strong>Presidente<\/strong> \u2013 Dom Dimas Lara Barbosa, arcebispo de Campo Crade (MS)<br \/>\n<strong>Vice-presidente<\/strong> \u2013 Dom Luiz Gon\u00e7alves Knupp, bispo de Tr\u00eas Lagoas (MS)<br \/>\n<strong>Secret\u00e1rio<\/strong> \u2013 Dom Janusz Marian Danecki, OFMConv, bispo auxiliar de Campo Grande (MS)<\/p>\n<p><strong>Oeste 2<\/strong><br \/>\n<strong>Presidente<\/strong> &#8211; Dom Canisio Klaus \u2013 bispo de Sinop (MT)<br \/>\n<strong>Vice-presidente<\/strong> &#8211; Dom Vital Chitolina \u2013 bispo de Diamantino (MT)<br \/>\n<strong>Secret\u00e1rio<\/strong> &#8211; Dom Derek John Christopher Byrne, bispo de Primavera do Leste\/Paranatinga(MT)<\/p>\n<p><strong>Sul 2 <\/strong><br \/>\n<strong>Presidente<\/strong> \u2013 Dom Geremias Steinmetz , arcebispo de Londrina (PR)<br \/>\n<strong>Vice-presidente<\/strong> \u2013 Dom Jos\u00e9 Ant\u00f4nio Peruzzo, arcebispo de Curitiba (PR)<br \/>\n<strong>Secret\u00e1rio<\/strong> &#8211; Dom Amilton Manoel da Silva, bispo Auxiliar de Curitiba (PR)<\/p>\n<p><strong>Sul 3<\/strong><br \/>\n<strong>Presidente<\/strong> &#8211; Dom Jos\u00e9 Gislon, bispo de Erexim (RS)<br \/>\n<strong>Vice-presidente<\/strong> &#8211; Dom Rodolfo Lu\u00eds Weber, arcebispo de Passo Fundo (RS)<br \/>\n<strong>Secret\u00e1rio<\/strong> &#8211; Dom Adilson Pedro Busin, bispo auxiliar de Porto Alegre (RS)<\/p>\n<p><strong>Sul 4<\/strong><br \/>\n<strong>Presidente<\/strong> \u2013 Dom Severino Clasen, bispo de Ca\u00e7ador (SC)<br \/>\n<strong>Vice-presidente<\/strong> \u2013 Dom Francisco Carlos Bach, bispo de Joinville (SC)<br \/>\n<strong>Secret\u00e1rio<\/strong> \u2013 Dom M\u00e1rio Marquez, bispo de Joa\u00e7aba<\/p>\n<p style=\"text-align: justify\">Os Regionais Sul 1 e Leste 2 ir\u00e3o realizar a elei\u00e7\u00e3o da nova presid\u00eancia no m\u00eas de junho com a realiza\u00e7\u00e3o da reuni\u00e3o do Conselho Episcopal Regional (CONSER). Conhe\u00e7a as divis\u00f5es territoriais dos Regionais da CNBB clicando aqui (https:\/\/www.cnbb.org.br\/regionais\/).<\/p>\n<p>Por Franklin Machado<\/p>\n<p>&nbsp;<\/p>\n","protected":false},"excerpt":{"rendered":"<p>O 18 regionais da Confer\u00eancia Nacional dos Bispos do Brasil tem a miss\u00e3o de fomentar uma s\u00f3lida comunh\u00e3o entre os bispos<\/p>\n","protected":false},"author":83,"featured_media":1370,"comment_status":"closed","ping_status":"open","sticky":false,"template":"","format":"standard","meta":{"site-sidebar-layout":"default","site-content-layout":"default","ast-global-header-display":"","ast-banner-title-visibility":"","ast-main-header-display":"","ast-hfb-above-header-display":"","ast-hfb-below-header-display":"","ast-hfb-mobile-header-display":"","site-post-title":"","ast-breadcrumbs-content":"","ast-featured-img":"","footer-sml-layout":"","theme-transparent-header-meta":"","adv-header-id-meta":"","stick-header-meta":"","header-above-stick-meta":"","header-main-stick-meta":"","header-below-stick-meta":""},"categories":[745],"tags":[],"acf":[],"_links":{"self":[{"href":"https:\/\/www.cnbb.org.br\/cnbb-app\/wp\/v2\/posts\/34172"}],"collection":[{"href":"https:\/\/www.cnbb.org.br\/cnbb-app\/wp\/v2\/posts"}],"about":[{"href":"https:\/\/www.cnbb.org.br\/cnbb-app\/wp\/v2\/types\/post"}],"author":[{"embeddable":true,"href":"https:\/\/www.cnbb.org.br\/cnbb-app\/wp\/v2\/users\/83"}],"replies":[{"embeddable":true,"href":"https:\/\/www.cnbb.org.br\/cnbb-app\/wp\/v2\/comments?post=34172"}],"version-history":[{"count":0,"href":"https:\/\/www.cnbb.org.br\/cnbb-app\/wp\/v2\/posts\/34172\/revisions"}],"wp:featuredmedia":[{"embeddable":true,"href":"https:\/\/www.cnbb.org.br\/cnbb-app\/wp\/v2\/media\/1370"}],"wp:attachment":[{"href":"https:\/\/www.cnbb.org.br\/cnbb-app\/wp\/v2\/media?parent=34172"}],"wp:term":[{"taxonomy":"category","embeddable":true,"href":"https:\/\/www.cnbb.org.br\/cnbb-app\/wp\/v2\/categories?post=34172"},{"taxonomy":"post_tag","embeddable":true,"href":"https:\/\/www.cnbb.org.br\/cnbb-app\/wp\/v2\/tags?post=34172"}],"curies":[{"name":"wp","href":"https:\/\/api.w.org\/{rel}","templated":true}]}}