{"id":342302,"date":"2021-07-08T12:35:55","date_gmt":"2021-07-08T15:35:55","guid":{"rendered":"https:\/\/www.cnbb.org.br\/?p=342302"},"modified":"2021-07-08T12:39:52","modified_gmt":"2021-07-08T15:39:52","slug":"edicoes-cnbb-lanca-biografia-do-jovem-beato-carlo-acutis-um-modelo-de-santidade-na-era-digital","status":"publish","type":"post","link":"https:\/\/www.cnbb.org.br\/edicoes-cnbb-lanca-biografia-do-jovem-beato-carlo-acutis-um-modelo-de-santidade-na-era-digital\/","title":{"rendered":"Edi\u00e7\u00f5es CNBB lan\u00e7a biografia do jovem beato Carlo Acutis, um modelo de santidade na era digital"},"content":{"rendered":"<p style=\"text-align: justify;\">Assinada por Nicola Gori, postulador da causa de canoniza\u00e7\u00e3o, a biografia rec\u00e9m-publicada pela Edi\u00e7\u00f5es CNBB \u2013 Da inform\u00e1tica ao C\u00e9u \u2013 apresenta a hist\u00f3ria de Carlo Acutis (1991-2006), um jovem comum, mas reconhecido mundialmente como modelo de santidade na era digital. Seu testemunho indica o essencial na resposta \u00e0 voca\u00e7\u00e3o: \u201co chamado pela busca da felicidade pela \u00edntima uni\u00e3o com Deus\u201d.<\/p>\n<p style=\"text-align: justify;\">Eucaristia, estudo, Ros\u00e1rio&#8230; E internet&#8230; Palavras aparentemente \u201cdesconexas\u201d entre si. Por\u00e9m, se bem observarmos a figura de Carlo Acutis \u2013 beatificado em 2020 pelo Papa Francisco \u2013, descobrimos um garoto que desvendou, praticamente sozinho, os segredos dos computadores para, a partir deles, anunciar o amor de Deus a todos.<\/p>\n<h3>Hino \u00e0 vida<\/h3>\n<p style=\"text-align: justify;\">Foram s\u00f3 15 anos de vida, mas suficientes para interpelar a f\u00e9 de muitos adultos. A santidade foi o refr\u00e3o do seu hino \u00e0 vida, a raz\u00e3o que o fazia ser \u201cdiferente\u201d na escola, nos passeios ou no futebol com os amigos. Carlo Acutis falava abertamente do seu \u201ckit de santidade\u201d: missa di\u00e1ria, comunh\u00e3o e Ros\u00e1rio, contato com a Sagrada Escritura, adora\u00e7\u00e3o eucar\u00edstica e a disponibilidade para fazer ren\u00fancias pelos outros.<\/p>\n<p style=\"text-align: justify;\">Sobre o Beato, o Papa Francisco afirmou em 11 de outubro de 2020: \u201cEle n\u00e3o se acomodou em uma imobilidade confort\u00e1vel, mas compreendeu as necessidades do seu tempo, porque viu o rosto de Cristo nos mais fr\u00e1geis. O seu testemunho mostra aos jovens de hoje que a verdadeira felicidade se encontra colocando Deus em primeiro lugar e servindo-o nos irm\u00e3os, especialmente nos \u00faltimos\u201d.<\/p>\n<p style=\"text-align: justify;\">Acolhendo o dom de ser consciente da vida de Deus recebida no Batismo, ele foi capaz de compreender a f\u00e9 n\u00e3o como a conquista de algo inating\u00edvel, mas sim como participa\u00e7\u00e3o no amor de Deus. Isso explica por que sua caridade para com os pobres e a boa rela\u00e7\u00e3o com os amigos e colegas n\u00e3o eram apenas boas a\u00e7\u00f5es, mas sim ocasi\u00f5es de manifestar \u2013 por meio de sua humanidade \u2013 a amizade que cultivava com Jesus.<\/p>\n<h3>Uma miss\u00e3o de amor nos espa\u00e7os digitais<\/h3>\n<p style=\"text-align: justify;\">Tamb\u00e9m o modo de lidar com as redes virtuais se tornou, para Carlo, ocasi\u00e3o de an\u00fancio do que considerava essencial: a Palavra de Deus e o P\u00e3o da Vida, sua \u201cestrada para o C\u00e9u\u201d. Ele compreendeu que, para alcan\u00e7ar as pessoas hoje, era necess\u00e1rio entrar nos imensos ambientes digitais, sempre ao lado de Jesus.<\/p>\n<p style=\"text-align: justify;\">Nesse sentido, o Papa Francisco, na Carta Enc\u00edclica Christus Vivit, escreve que Carlo \u201csabia muito bem que os mecanismos da comunica\u00e7\u00e3o, da publicidade e das redes sociais podem ser utilizados para nos tornar sujeitos adormecidos e dependentes do consumo\u201d, mas que o jovem Beato \u201csoube usar as novas t\u00e9cnicas da comunica\u00e7\u00e3o para transmitir o Evangelho e comunicar valores e beleza\u201d (ChV, n. 105-106). Essa \u00e9 uma de suas heran\u00e7as: o convite para um uso \u00e9tico e equilibrado das redes.<\/p>\n<h3>A beatifica\u00e7\u00e3o<\/h3>\n<p style=\"text-align: justify;\">Com a Beatifica\u00e7\u00e3o, Carlo tem muito a dizer ao mundo de hoje: em ess\u00eancia, a busca pela primazia de Deus na pr\u00f3pria vida e a capacidade de compreender que existe uma realidade que vai al\u00e9m do mundo terreno e que se projeta na eternidade. Tamb\u00e9m tem o m\u00e9rito de ter redescoberto, em nossa sociedade secularizada e enraizada no presente, que h\u00e1 outra dimens\u00e3o a ser olhada. Desse modo, a Igreja oferece, ao mundo inteiro, o exemplo de Carlo como testemunha de Cristo. Essencialmente, a sua exist\u00eancia ensina que a santidade n\u00e3o tem idade e que \u00e9 poss\u00edvel a todos, seja em qualquer cultura, ra\u00e7a ou l\u00edngua.<\/p>\n<p><strong>Saiba com adquirir a biografia aqui<\/strong>: <a href=\"https:\/\/www.edicoescnbb.com.br\/produto\/da-informatica-ao-ceu-biografia-do-beato-carlo-acutis-71616\" target=\"_blank\" rel=\"noopener\">www.edicoescnbb.com.br<\/a><\/p>\n","protected":false},"excerpt":{"rendered":"<p>Beatificado pelo Papa Francisco em 2020, Carlo, que viveu 15 anos, tem muito a dizer ao mundo de hoje: em ess\u00eancia, a busca pela primazia de Deus na pr\u00f3pria vida e a capacidade de compreender que existe uma realidade que vai al\u00e9m do mundo terreno e que se projeta na eternidade<\/p>\n","protected":false},"author":83,"featured_media":342579,"comment_status":"open","ping_status":"open","sticky":false,"template":"","format":"standard","meta":{"site-sidebar-layout":"default","site-content-layout":"default","ast-global-header-display":"","ast-banner-title-visibility":"","ast-main-header-display":"","ast-hfb-above-header-display":"","ast-hfb-below-header-display":"","ast-hfb-mobile-header-display":"","site-post-title":"","ast-breadcrumbs-content":"","ast-featured-img":"","footer-sml-layout":"","theme-transparent-header-meta":"default","adv-header-id-meta":"","stick-header-meta":"","header-above-stick-meta":"","header-main-stick-meta":"","header-below-stick-meta":""},"categories":[50,847],"tags":[2981],"acf":[],"_links":{"self":[{"href":"https:\/\/www.cnbb.org.br\/cnbb-app\/wp\/v2\/posts\/342302"}],"collection":[{"href":"https:\/\/www.cnbb.org.br\/cnbb-app\/wp\/v2\/posts"}],"about":[{"href":"https:\/\/www.cnbb.org.br\/cnbb-app\/wp\/v2\/types\/post"}],"author":[{"embeddable":true,"href":"https:\/\/www.cnbb.org.br\/cnbb-app\/wp\/v2\/users\/83"}],"replies":[{"embeddable":true,"href":"https:\/\/www.cnbb.org.br\/cnbb-app\/wp\/v2\/comments?post=342302"}],"version-history":[{"count":0,"href":"https:\/\/www.cnbb.org.br\/cnbb-app\/wp\/v2\/posts\/342302\/revisions"}],"wp:featuredmedia":[{"embeddable":true,"href":"https:\/\/www.cnbb.org.br\/cnbb-app\/wp\/v2\/media\/342579"}],"wp:attachment":[{"href":"https:\/\/www.cnbb.org.br\/cnbb-app\/wp\/v2\/media?parent=342302"}],"wp:term":[{"taxonomy":"category","embeddable":true,"href":"https:\/\/www.cnbb.org.br\/cnbb-app\/wp\/v2\/categories?post=342302"},{"taxonomy":"post_tag","embeddable":true,"href":"https:\/\/www.cnbb.org.br\/cnbb-app\/wp\/v2\/tags?post=342302"}],"curies":[{"name":"wp","href":"https:\/\/api.w.org\/{rel}","templated":true}]}}