{"id":342433,"date":"2021-07-08T11:02:05","date_gmt":"2021-07-08T14:02:05","guid":{"rendered":"https:\/\/www.cnbb.org.br\/?p=342433"},"modified":"2021-07-08T11:02:41","modified_gmt":"2021-07-08T14:02:41","slug":"um-convite-para-sonhar-juntos","status":"publish","type":"post","link":"https:\/\/www.cnbb.org.br\/um-convite-para-sonhar-juntos\/","title":{"rendered":"Um convite para sonhar juntos"},"content":{"rendered":"<p style=\"text-align: right;\"><strong>Dom Jo\u00e3o Justino de Medeiros Silva<\/strong><br \/>\n<strong>Arcebispo de Montes Claros (MG)<\/strong><\/p>\n<p style=\"text-align: justify;\"><strong><\/p>\n<p><\/strong><\/p>\n<p style=\"text-align: justify;\">Com muita frequ\u00eancia o Papa Francisco fala dos seus sonhos. Utilizando esse recurso, ele se aproxima de cada pessoa, pois sonhar faz parte do viver. Na Exorta\u00e7\u00e3o Apost\u00f3lica <em>Evangelli gaudium<\/em>, texto em que o Papa abre perspectivas para uma nova etapa evangelizadora, ele diz numa das passagens: \u201cSonho com uma op\u00e7\u00e3o mission\u00e1ria capaz de transformar tudo, para que os costumes, os estilos, os hor\u00e1rios, a linguagem e toda a estrutura eclesial se tornem um canal proporcionado mais \u00e0 evangeliza\u00e7\u00e3o do mundo atual que \u00e0 autopreserva\u00e7\u00e3o. A reforma das estruturas, que a convers\u00e3o pastoral exige, s\u00f3 se pode entender neste sentido: fazer com que todas elas se tornem mais mission\u00e1rias, que a pastoral ordin\u00e1ria em todas as suas inst\u00e2ncias seja mais comunicativa e aberta, que coloque os agentes pastorais em atitude constante de \u2018sa\u00edda\u2019 e, assim, favore\u00e7a a resposta positiva de todos aqueles a quem Jesus oferece a sua amizade\u201d (EG 27).<\/p>\n<p style=\"text-align: justify;\">Quando escreve a Exorta\u00e7\u00e3o P\u00f3s-sinodal <em>Querida Amaz\u00f4nia<\/em>, ele apresenta quatro sonhos para a Amaz\u00f4nia: \u201cSonho com uma Amaz\u00f4nia que lute pelos direitos dos mais pobres, dos povos nativos, dos \u00faltimos, de modo que a sua voz seja ouvida e sua dignidade promovida. Sonho com uma Amaz\u00f4nia que preserve a riqueza cultural que a caracteriza e na qual brilha de maneira t\u00e3o variada a beleza humana. Sonho com uma Amaz\u00f4nia que guarde zelosamente a sedutora beleza natural que a adorna, a vida transbordante que enche os seus rios e as suas florestas. Sonho com comunidades crist\u00e3s capazes de se devotar e encarnar de tal modo na Amaz\u00f4nia, que deem \u00e0 Igreja rostos novos com tra\u00e7os amaz\u00f4nicos\u201d (QA 7).<\/p>\n<p style=\"text-align: justify;\">Recentemente, foi publicado pela editora Intr\u00ednseca, um livro muito instigante: \u201cVamos sonhar juntos. O caminho para um futuro melhor\u201d. Trata-se de uma conversa do Papa Francisco com o jornalista brit\u00e2nico Austen Ivereigh. Sem medo de exagero, o livro deveria ser lido por todo o clero e, tamb\u00e9m, por todo o laicato. Aos cr\u00edticos do Papa faria muito bem uma leitura atenta e sem preconceitos. Os homens e mulheres que sonham um mundo novo s\u00e3o chamados a ler esse livro para dialogar, talvez, com o maior l\u00edder mundial nesse momento da hist\u00f3ria. N\u00e3o se trata, pois, de uma obra exclusiva para religiosos. O texto \u00e9 muito pertinente para conhecer as principais intui\u00e7\u00f5es do primeiro Papa latino-americano. Os di\u00e1logos e os escritos foram produzidos no contexto da pandemia do novo coronav\u00edrus. Al\u00e9m do pr\u00f3logo e do ep\u00edlogo, tr\u00eas cap\u00edtulos se intitulam, respectivamente: Tempo de ver; Tempo de escolher; Tempo de agir. Francisco considera esse \u201co momento para sonhar grande e repensar nossas prioridades\u201d. Junto de seus sonhos, semeia esperan\u00e7as de uma economia inclusiva e guiada pela \u00e9tica e pela pol\u00edtica, n\u00e3o uma economia aut\u00f4noma; de nova percep\u00e7\u00e3o e compromisso com a cria\u00e7\u00e3o ou Casa Comum; de uma Igreja marcadamente sinodal, em que a escuta dos seus membros seja constante, em favor da din\u00e2mica do discernimento e da evangeliza\u00e7\u00e3o.<\/p>\n<p style=\"text-align: justify;\">Para a Arquidiocese de Montes Claros, que est\u00e1 celebrando sua IV Assembleia de Pastoral, nada melhor, nessa hora, do que se deixar guiar pelas intui\u00e7\u00f5es do Papa Francisco. De fato, queremos ser uma Igreja de Comunidades eclesiais mission\u00e1rias a servi\u00e7o do Evangelho da Vida. E para estar a servi\u00e7o do Evangelho da Vida nossas comunidades precisam incluir o cuidado com a educa\u00e7\u00e3o, com a economia e com a ecologia. Que os nossos sonhos se concretizem.<\/p>\n<p>&nbsp;<\/p>\n","protected":false},"excerpt":{"rendered":"<p>Dom Jo\u00e3o Justino de Medeiros Silva Arcebispo de Montes Claros (MG) Com muita frequ\u00eancia o Papa Francisco fala dos seus sonhos. Utilizando esse recurso, ele se aproxima de cada pessoa, pois sonhar faz parte do viver. Na Exorta\u00e7\u00e3o Apost\u00f3lica Evangelli gaudium, texto em que o Papa abre perspectivas para uma nova etapa evangelizadora, ele diz &hellip;<\/p>\n<p class=\"read-more\"> <a class=\"\" href=\"https:\/\/www.cnbb.org.br\/um-convite-para-sonhar-juntos\/\"> <span class=\"screen-reader-text\">Um convite para sonhar juntos<\/span> Leia mais &raquo;<\/a><\/p>\n","protected":false},"author":64,"featured_media":0,"comment_status":"open","ping_status":"open","sticky":false,"template":"","format":"standard","meta":{"site-sidebar-layout":"default","site-content-layout":"default","ast-global-header-display":"","ast-banner-title-visibility":"","ast-main-header-display":"","ast-hfb-above-header-display":"","ast-hfb-below-header-display":"","ast-hfb-mobile-header-display":"","site-post-title":"","ast-breadcrumbs-content":"","ast-featured-img":"","footer-sml-layout":"","theme-transparent-header-meta":"default","adv-header-id-meta":"","stick-header-meta":"","header-above-stick-meta":"","header-main-stick-meta":"","header-below-stick-meta":""},"categories":[758],"tags":[],"acf":[],"_links":{"self":[{"href":"https:\/\/www.cnbb.org.br\/cnbb-app\/wp\/v2\/posts\/342433"}],"collection":[{"href":"https:\/\/www.cnbb.org.br\/cnbb-app\/wp\/v2\/posts"}],"about":[{"href":"https:\/\/www.cnbb.org.br\/cnbb-app\/wp\/v2\/types\/post"}],"author":[{"embeddable":true,"href":"https:\/\/www.cnbb.org.br\/cnbb-app\/wp\/v2\/users\/64"}],"replies":[{"embeddable":true,"href":"https:\/\/www.cnbb.org.br\/cnbb-app\/wp\/v2\/comments?post=342433"}],"version-history":[{"count":0,"href":"https:\/\/www.cnbb.org.br\/cnbb-app\/wp\/v2\/posts\/342433\/revisions"}],"wp:attachment":[{"href":"https:\/\/www.cnbb.org.br\/cnbb-app\/wp\/v2\/media?parent=342433"}],"wp:term":[{"taxonomy":"category","embeddable":true,"href":"https:\/\/www.cnbb.org.br\/cnbb-app\/wp\/v2\/categories?post=342433"},{"taxonomy":"post_tag","embeddable":true,"href":"https:\/\/www.cnbb.org.br\/cnbb-app\/wp\/v2\/tags?post=342433"}],"curies":[{"name":"wp","href":"https:\/\/api.w.org\/{rel}","templated":true}]}}